{"id":815112,"date":"2025-07-09T11:40:20","date_gmt":"2025-07-09T07:40:20","guid":{"rendered":"https:\/\/arantv.az\/?p=815112"},"modified":"2025-07-09T11:40:20","modified_gmt":"2025-07-09T07:40:20","slug":"erm%c9%99nistanda-at-izi-it-izin%c9%99-qarisib","status":"publish","type":"post","link":"https:\/\/arantv.az\/?p=815112","title":{"rendered":"Erm\u0259nistanda at izi it izin\u0259 qar\u0131\u015f\u0131b"},"content":{"rendered":"<p>T\u0259cav\u00fczkar \u00f6lk\u0259 yen\u0259 \u00e7alxalan\u0131r. \u0130r\u0259vanda g\u0259rgin siyasi-ictimai ab-hava h\u00f6kmranl\u0131q edir. Ba\u015f nazir Nikol Pa\u015finyan\u0131 devirm\u0259k \u00fc\u00e7\u00fcn ortaya at\u0131lan \u201cke\u015fi\u015f variant\u0131\u201dna indi d\u0259 b\u0259zi radikal qruplar \u0259lav\u0259 olunub. \u018fslind\u0259 \u00a0\u00a0\u00a0\u00a0m\u0259s\u0259l\u0259nin mahiyy\u0259ti daha d\u0259rindir. G\u0259rginlik is\u0259 Pa\u015finyan may ay\u0131n\u0131n sonlar\u0131nda erm\u0259ni kils\u0259si v\u0259 ruhanil\u0259r\u0259 qar\u015f\u0131 bir ne\u00e7\u0259 qalmaqall\u0131 b\u0259yanatlar ver\u0259r\u0259k subayl\u0131q and\u0131n\u0131 pozan b\u00fct\u00fcn ruhanil\u0259rin \u00f6z m\u0259n\u0259vi xidm\u0259tl\u0259rind\u0259n getm\u0259l\u0259ri il\u0259 ba\u011fl\u0131 a\u00e7\u0131qlamalar\u0131 il\u0259 \u00a0yeni m\u0259rh\u0259l\u0259y\u0259 q\u0259d\u0259m qoymu\u015fdu. Ba\u015f nazirin h\u0259yat yolda\u015f\u0131 Anna Akopyan\u0131n sosial \u015f\u0259b\u0259k\u0259d\u0259 erm\u0259ni ruhanil\u0259rini \u201criyakarl\u0131qda, \u0259xlaqs\u0131zl\u0131qda v\u0259 saxta dini t\u0259qvada\u201d ittiham etm\u0259sind\u0259n sonra hakim \u201cV\u0259t\u0259nda\u015f M\u00fcqavil\u0259si\u201d Partiyas\u0131n\u0131n parlament fraksiyas\u0131n\u0131n katibi Artur Ovvanisyan\u0131n \u201cpoz\u011fun v\u0259 r\u0259zil h\u0259yat t\u0259rzi ke\u00e7irib bunu c\u00fcbb\u0259 il\u0259 \u00f6rt-basd\u0131r ed\u0259n\u201d b\u00fct\u00fcn ke\u015fi\u015fl\u0259rin maskas\u0131n\u0131 c\u0131rmaqla h\u0259d\u0259l\u0259m\u0259si is\u0259 h\u00f6kum\u0259tl\u0259 kils\u0259 aras\u0131nda m\u00fcnasib\u0259tl\u0259ri daha da g\u0259rginl\u0259\u015fdirmi\u015fdi. Erm\u0259nistan t\u0259hl\u00fck\u0259sizlik q\u00fcvv\u0259l\u0259ri iki yepiskopu hakimiyy\u0259ti q\u0259sb etm\u0259k c\u0259hdind\u0259 ittiham ed\u0259r\u0259k h\u0259bs etmi\u015fdi. Ba\u015f nazir Nikol Payi\u015fyan d\u00fcn\u0259n sosial \u015f\u0259b\u0259k\u0259 hesab\u0131nda\u00a0 bel\u0259 yaz\u0131b: \u201c\u015e\u0259xs\u0259n antid\u00f6vl\u0259t qrupla\u015fmas\u0131 t\u0259r\u0259find\u0259n \u0259l\u0259 ke\u00e7iril\u0259n erm\u0259ni kils\u0259sinin \u201cazad edilm\u0259sin\u0259\u201d r\u0259hb\u0259rlik ed\u0259c\u0259y\u0259m\u201d.<\/p>\n<p>Art\u0131q v\u0259ziyy\u0259t o q\u0259d\u0259r ciddil\u0259\u015fib ki, m\u0259s\u0259l\u0259 il\u0259 ba\u011fl\u0131 Erm\u0259nistan parlamentind\u0259 hakim \u201cV\u0259t\u0259nda\u015f M\u00fcqavil\u0259si\u201d \u00a0Partiyas\u0131n\u0131n t\u0259msil\u00e7il\u0259ri\u00a0 t\u0259r\u0259find\u0259n h\u0259y\u0259can t\u0259bili \u00e7al\u0131n\u0131r. \u0130yulun 8-d\u0259 Erm\u0259nistan Milli Assambleyas\u0131n\u0131n n\u00f6vb\u0259d\u0259nk\u0259nar iclas\u0131nda \u201cErm\u0259nistan\u201d m\u00fcxalif\u0259t blokundan olan deputat Artur Sarkisyana qar\u015f\u0131 ictimai cinay\u0259t t\u0259qibinin ba\u015flanmas\u0131na raz\u0131l\u0131q verilm\u0259si t\u0259klifinin m\u00fczakir\u0259si zaman\u0131 hakim \u201cV\u0259t\u0259nda\u015f M\u00fcqavil\u0259si\u201d Partiyas\u0131n\u0131n \u00fczv\u00fc Xa\u00e7atur Sukiasyan bildirib ki, Erm\u0259nistanda he\u00e7 kim \u00e7evrili\u015f ed\u0259 bilm\u0259z. Onun s\u00f6zl\u0259rin\u0259 g\u00f6r\u0259, Erm\u0259nistanda m\u00f6vcud qurumlar n\u0259hay\u0259t ki, f\u0259aliyy\u0259t\u0259 ba\u015flay\u0131b: \u201cT\u0259bii ki, m\u00fc\u0259yy\u0259n \u00e7\u0259tinlikl\u0259r yaradan m\u00fc\u0259yy\u0259n b\u00fcrokratiya var. Lakin m\u00fcasir iqtisadiyyat t\u0259dric\u0259n d\u0259 olsa, \u015f\u00fcbh\u0259siz ki, yax\u0131nla\u015f\u0131r. \u0130qtisadiyyat inki\u015faf edir v\u0259 r\u0259q\u0259msalla\u015f\u0131r. Bel\u0259likl\u0259, bu b\u00fcrokratiya tezlikl\u0259 xeyli azalacaq v\u0259 Erm\u0259nistan inki\u015faf etm\u0259y\u0259 ba\u015flayacaq. H\u00f6rm\u0259tli v\u0259t\u0259nda\u015flar, \u0259min olun, Erm\u0259nistan inki\u015faf etm\u0259y\u0259 davam ed\u0259c\u0259k. Onun regionda \u00e7ox yax\u015f\u0131 m\u00fcnasib\u0259tl\u0259ri olacaq, Erm\u0259nistan\u0131n \u00f6z qon\u015fular\u0131 il\u0259 m\u00fcnasib\u0259tl\u0259ri yax\u015f\u0131la\u015facaq. Onlar \u00f6zl\u0259rini t\u0259hl\u00fck\u0259siz hiss ed\u0259c\u0259kl\u0259r, h\u0259m d\u0259 xalq \u0259ld\u0259 ed\u0259c\u0259yi puldan h\u0259zz alacaq, firavan ya\u015fayacaq\u201d.<\/p>\n<p>Erm\u0259nistan\u0131n hakim \u201cV\u0259t\u0259nda\u015f M\u00fcqavil\u0259si\u201d Partiyas\u0131ndan olan parlamentin vitse-spikeri Ruben Rubinyan iyulun 8-d\u0259 parlamentin n\u00f6vb\u0259d\u0259nk\u0259nar sessiyas\u0131nda bildirib ki, Erm\u0259nistanda terrora, h\u0259rbi v\u0259 ya h\u0259r hans\u0131 dig\u0259r qanunsuz \u00e7evrili\u015fl\u0259r\u0259 yer yoxdur.\u00a0O, qeyd edib ki,\u00a0arxiyepiskop Baqrat Qalstanyan\u0131n r\u0259hb\u0259rlik etdiyi h\u0259r\u0259kat \u0259vv\u0259lc\u0259 Erm\u0259nistan\u0131n Tavu\u015f vilay\u0259tind\u0259n y\u00fcr\u00fc\u015fl\u0259 ba\u015flayaraq 2018-ci ilin \u201cm\u0259xm\u0259ri inqilab\u201d \u00fcsullar\u0131n\u0131 t\u0259qlid etm\u0259y\u0259 \u00e7al\u0131\u015f\u0131b. Lakin bu yana\u015fmalar\u0131n u\u011furlu olmayaca\u011f\u0131 b\u0259lli olduqdan sonra h\u0259r\u0259kat r\u0259hb\u0259rliyinin h\u0259r\u0259k\u0259tl\u0259ri daha aqressivl\u0259\u015fdi v\u0259 son n\u0259tic\u0259d\u0259 terror xarakteri ald\u0131.\u00a0 R. Rubinyan deyib ki, m\u00fcxalif\u0259tin bir hiss\u0259si \u0259vv\u0259ll\u0259r d\u0259rc edilmi\u015f s\u0259s yaz\u0131s\u0131n\u0131n do\u011frulu\u011funu \u015f\u00fcbh\u0259 alt\u0131na almaqla m\u0259s\u0259l\u0259ni buland\u0131rma\u011fa \u00e7al\u0131\u015f\u0131r:\u00a0\u201cM\u00fcxalif\u0259t h\u0259mkarlar\u0131 h\u0259r \u015feyi \u015f\u00fcbh\u0259 alt\u0131na alma\u011fa \u00e7al\u0131\u015f\u0131rlar. Onlar ilkin olaraq d\u0259rc edil\u0259n s\u0259s yaz\u0131lar\u0131n\u0131n s\u00fcni intellekt t\u0259r\u0259find\u0259n yarad\u0131ld\u0131\u011f\u0131n\u0131 iddia edirdil\u0259r. Sonra dedil\u0259r ki, bu s\u0259s yaz\u0131lar\u0131 redakt\u0259 olunub. Bu g\u00fcn art\u0131q deyirl\u0259r ki, bu, sad\u0259c\u0259, s\u00f6hb\u0259tdir. Amma h\u0259min s\u0259s yaz\u0131s\u0131nda ke\u015fi\u015f deyir: \u201cNikolu, Alan\u0131 v\u0259 Ararat\u0131 \u00f6ld\u00fcrs\u0259m, bunun \u00fc\u00e7\u00fcn m\u0259n\u0259 n\u0259 olacaq?\u201d Qalstanyan\u0131n \u201cbir ne\u00e7\u0259 n\u0259f\u0259ri g\u00fcll\u0259l\u0259yin, daha 15 n\u0259f\u0259ri h\u0259bs edin, ail\u0259l\u0259rin\u0259 t\u0259zminat verin, ham\u0131s\u0131 xo\u015fb\u0259xt olacaq\u201d dem\u0259si adi s\u00f6hb\u0259tdir? Bu n\u0259dir? Kontekst tamamil\u0259 m\u0259lumdur. S\u00f6hb\u0259t siyasi hakimiyy\u0259td\u0259n gedir\u201d.<\/p>\n<p>Erm\u0259nistan m\u0259tbuat\u0131n\u0131n m\u0259lumat\u0131na g\u00f6r\u0259, art\u0131q parlamentind\u0259ki \u201cErm\u0259nistan\u201d fraksiyas\u0131n\u0131n \u00fczv\u00fc Artur Sarkisyan deputat toxunulmazl\u0131\u011f\u0131ndan m\u0259hrum edilib.\u00a0Toxunulmazl\u0131\u011f\u0131n l\u0259\u011fv olunmas\u0131 q\u0259rar\u0131 Erm\u0259nistan h\u00fcquq-m\u00fchafiz\u0259 orqanlar\u0131n\u0131n t\u0259qdimat\u0131 \u0259sas\u0131nda verilib. Q\u0259rar\u0131n hans\u0131 s\u0259b\u0259bl\u0259 v\u0259 hans\u0131 ittiham \u0259sas\u0131nda q\u0259bul edildiyi h\u0259l\u0259lik r\u0259smi a\u00e7\u0131qlanmay\u0131b. \u0130\u015f bununla bitm\u0259yib. Onun ard\u0131nca \u201c\u00c7i\u00e7\u0259kl\u0259n\u0259n Erm\u0259nistan\u201d Partiyas\u0131n\u0131n lideri, oliqarx Qaqik Tsarukyan Erm\u0259nistan\u0131n Korrupsiyaya Qar\u015f\u0131 M\u00fcbariz\u0259 Komit\u0259sin\u0259 \u00e7a\u011f\u0131r\u0131l\u0131b.\u00a0 Yeri g\u0259lmi\u015fk\u0259n, Q.Tsarukyan 2020-ci il\u0259 q\u0259d\u0259r Erm\u0259nistan parlamentinin \u00fczv\u00fc olub. 2004-c\u00fc ild\u0259n o, h\u0259m d\u0259 Milli Olimpiya Komit\u0259sin\u0259 r\u0259hb\u0259rlik edib. May\u0131n sonunda Tsarukyan 2026-c\u0131 ild\u0259 ke\u00e7iril\u0259c\u0259k parlament se\u00e7kil\u0259rind\u0259 i\u015ftirak\u0131n\u0131n m\u00fcmk\u00fcnl\u00fcy\u00fcn\u00fc istisna etm\u0259yib v\u0259 \u201cErm\u0259nistan\u0131n t\u0259klifi\u201d adl\u0131 t\u0259\u015f\u0259bb\u00fcsl\u0259 \u00e7\u0131x\u0131\u015f edib.<\/p>\n<p>Dey\u0259s\u0259n, i\u015f\u011fal\u00e7\u0131 \u00f6lk\u0259d\u0259 v\u0259ziyy\u0259t erm\u0259nic\u0259dir. Y\u0259ni&#8230;<\/p>\n<p><em><strong>Zahid Rza, \u201c\u0130ki sahil\u201d<\/strong><\/em><\/p>\n","protected":false},"excerpt":{"rendered":"<p>T\u0259cav\u00fczkar \u00f6lk\u0259 yen\u0259 \u00e7alxalan\u0131r. \u0130r\u0259vanda g\u0259rgin siyasi-ictimai ab-hava h\u00f6kmranl\u0131q edir. Ba\u015f nazir Nikol Pa\u015finyan\u0131 devirm\u0259k \u00fc\u00e7\u00fcn ortaya at\u0131lan \u201cke\u015fi\u015f variant\u0131\u201dna indi d\u0259 b\u0259zi radikal qruplar \u0259lav\u0259 olunub. \u018fslind\u0259 \u00a0\u00a0\u00a0\u00a0m\u0259s\u0259l\u0259nin mahiyy\u0259ti daha d\u0259rindir. G\u0259rginlik is\u0259 Pa\u015finyan may ay\u0131n\u0131n sonlar\u0131nda erm\u0259ni kils\u0259si v\u0259 ruhanil\u0259r\u0259 qar\u015f\u0131 bir ne\u00e7\u0259 qalmaqall\u0131 b\u0259yanatlar ver\u0259r\u0259k subayl\u0131q and\u0131n\u0131 pozan b\u00fct\u00fcn ruhanil\u0259rin \u00f6z m\u0259n\u0259vi xidm\u0259tl\u0259rind\u0259n getm\u0259l\u0259ri il\u0259 ba\u011fl\u0131 a\u00e7\u0131qlamalar\u0131 il\u0259 \u00a0yeni m\u0259rh\u0259l\u0259y\u0259 q\u0259d\u0259m qoymu\u015fdu. Ba\u015f nazirin h\u0259yat yolda\u015f\u0131 Anna Akopyan\u0131n sosial \u015f\u0259b\u0259k\u0259d\u0259 erm\u0259ni ruhanil\u0259rini \u201criyakarl\u0131qda, \u0259xlaqs\u0131zl\u0131qda v\u0259 saxta dini t\u0259qvada\u201d ittiham etm\u0259sind\u0259n sonra hakim \u201cV\u0259t\u0259nda\u015f M\u00fcqavil\u0259si\u201d Partiyas\u0131n\u0131n parlament fraksiyas\u0131n\u0131n&hellip;<\/p>\n","protected":false},"author":2,"featured_media":815113,"comment_status":"closed","ping_status":"closed","sticky":false,"template":"","format":"standard","meta":{"om_disable_all_campaigns":false,"_monsterinsights_skip_tracking":false,"_monsterinsights_sitenote_active":false,"_monsterinsights_sitenote_note":"","_monsterinsights_sitenote_category":0},"categories":[19],"tags":[],"aioseo_notices":[],"gutentor_comment":0,"rttpg_featured_image_url":{"full":["https:\/\/arantv.az\/wp-content\/uploads\/2025\/07\/e62111f5175199031813539068210482788.jpg",975,540,false],"landscape":["https:\/\/arantv.az\/wp-content\/uploads\/2025\/07\/e62111f5175199031813539068210482788.jpg",975,540,false],"portraits":["https:\/\/arantv.az\/wp-content\/uploads\/2025\/07\/e62111f5175199031813539068210482788.jpg",975,540,false],"thumbnail":["https:\/\/arantv.az\/wp-content\/uploads\/2025\/07\/e62111f5175199031813539068210482788-500x280.jpg",500,280,true],"medium":["https:\/\/arantv.az\/wp-content\/uploads\/2025\/07\/e62111f5175199031813539068210482788-660x365.jpg",660,365,true],"large":["https:\/\/arantv.az\/wp-content\/uploads\/2025\/07\/e62111f5175199031813539068210482788-840x465.jpg",640,354,true],"1536x1536":["https:\/\/arantv.az\/wp-content\/uploads\/2025\/07\/e62111f5175199031813539068210482788.jpg",975,540,false],"2048x2048":["https:\/\/arantv.az\/wp-content\/uploads\/2025\/07\/e62111f5175199031813539068210482788.jpg",975,540,false],"post-thumbnail":["https:\/\/arantv.az\/wp-content\/uploads\/2025\/07\/e62111f5175199031813539068210482788-240x172.jpg",240,172,true],"advps-thumb-one":["https:\/\/arantv.az\/wp-content\/uploads\/2025\/07\/e62111f5175199031813539068210482788.jpg",975,540,false]},"rttpg_author":{"display_name":"V\u00fcsal Rafiqo\u011flu","author_link":"https:\/\/arantv.az\/?author=2"},"rttpg_comment":0,"rttpg_category":"<a href=\"https:\/\/arantv.az\/?cat=19\" rel=\"category\">G\u00fcnd\u0259m<\/a>","rttpg_excerpt":"T\u0259cav\u00fczkar \u00f6lk\u0259 yen\u0259 \u00e7alxalan\u0131r. \u0130r\u0259vanda g\u0259rgin siyasi-ictimai ab-hava h\u00f6kmranl\u0131q edir. Ba\u015f nazir Nikol Pa\u015finyan\u0131 devirm\u0259k \u00fc\u00e7\u00fcn ortaya at\u0131lan \u201cke\u015fi\u015f variant\u0131\u201dna indi d\u0259 b\u0259zi radikal qruplar \u0259lav\u0259 olunub. \u018fslind\u0259 \u00a0\u00a0\u00a0\u00a0m\u0259s\u0259l\u0259nin mahiyy\u0259ti daha d\u0259rindir. G\u0259rginlik is\u0259 Pa\u015finyan may ay\u0131n\u0131n sonlar\u0131nda erm\u0259ni kils\u0259si v\u0259 ruhanil\u0259r\u0259 qar\u015f\u0131 bir ne\u00e7\u0259 qalmaqall\u0131 b\u0259yanatlar ver\u0259r\u0259k subayl\u0131q and\u0131n\u0131 pozan b\u00fct\u00fcn ruhanil\u0259rin \u00f6z m\u0259n\u0259vi&hellip;","_links":{"self":[{"href":"https:\/\/arantv.az\/index.php?rest_route=\/wp\/v2\/posts\/815112"}],"collection":[{"href":"https:\/\/arantv.az\/index.php?rest_route=\/wp\/v2\/posts"}],"about":[{"href":"https:\/\/arantv.az\/index.php?rest_route=\/wp\/v2\/types\/post"}],"author":[{"embeddable":true,"href":"https:\/\/arantv.az\/index.php?rest_route=\/wp\/v2\/users\/2"}],"replies":[{"embeddable":true,"href":"https:\/\/arantv.az\/index.php?rest_route=%2Fwp%2Fv2%2Fcomments&post=815112"}],"version-history":[{"count":1,"href":"https:\/\/arantv.az\/index.php?rest_route=\/wp\/v2\/posts\/815112\/revisions"}],"predecessor-version":[{"id":815114,"href":"https:\/\/arantv.az\/index.php?rest_route=\/wp\/v2\/posts\/815112\/revisions\/815114"}],"wp:featuredmedia":[{"embeddable":true,"href":"https:\/\/arantv.az\/index.php?rest_route=\/wp\/v2\/media\/815113"}],"wp:attachment":[{"href":"https:\/\/arantv.az\/index.php?rest_route=%2Fwp%2Fv2%2Fmedia&parent=815112"}],"wp:term":[{"taxonomy":"category","embeddable":true,"href":"https:\/\/arantv.az\/index.php?rest_route=%2Fwp%2Fv2%2Fcategories&post=815112"},{"taxonomy":"post_tag","embeddable":true,"href":"https:\/\/arantv.az\/index.php?rest_route=%2Fwp%2Fv2%2Ftags&post=815112"}],"curies":[{"name":"wp","href":"https:\/\/api.w.org\/{rel}","templated":true}]}}