{"id":815980,"date":"2025-07-14T23:59:30","date_gmt":"2025-07-14T19:59:30","guid":{"rendered":"https:\/\/arantv.az\/?p=815980"},"modified":"2025-07-14T23:59:30","modified_gmt":"2025-07-14T19:59:30","slug":"bir-generalin-s%c9%99hidliyi-il%c9%99-baslayan-z%c9%99f%c9%99r-yolu","status":"publish","type":"post","link":"https:\/\/arantv.az\/?p=815980","title":{"rendered":"Bir general\u0131n \u015f\u0259hidliyi il\u0259 ba\u015flayan Z\u0259f\u0259r yolu"},"content":{"rendered":"<div class=\"text-content\" data-id=\"\" data-url=\"\">\n<p>12 iyul 2020-ci il&#8230; Tovuzdan g\u0259l\u0259n x\u0259b\u0259r e\u015fid\u0259n h\u0259r k\u0259si sars\u0131td\u0131. X\u0259yan\u0259t n\u0259tic\u0259sind\u0259 d\u00fc\u015fm\u0259n general-mayor Polad H\u0259\u015fimovun oldu\u011fu s\u0259ng\u0259ri top at\u0259\u015fin\u0259 tutdu. General-mayorun \u015f\u0259hidlik zirv\u0259sin\u0259 y\u00fcks\u0259lm\u0259si x\u0259b\u0259ri yay\u0131landan sonra \u00f6lk\u0259nin q\u0259lbi bir anl\u0131q dayand\u0131. Az sonra sosial \u015f\u0259b\u0259k\u0259l\u0259rd\u0259ki s\u00fckut yerini hayq\u0131rt\u0131ya verdi: \u201cBu qan yerd\u0259 qalmamal\u0131d\u0131r!\u201d<\/p>\n<p>G\u0259ncl\u0259r k\u00fc\u00e7\u0259l\u0259r\u0259 \u00e7\u0131xd\u0131, minl\u0259rl\u0259 insan gec\u0259 yar\u0131s\u0131 \u015f\u0259h\u0259rin m\u0259rk\u0259zin\u0259 ax\u0131\u015fd\u0131. Parlament binas\u0131n\u0131n qar\u015f\u0131s\u0131nda, \u015e\u0259hidl\u0259r xiyaban\u0131nda, k\u00fc\u00e7\u0259-k\u00fc\u00e7\u0259 dola\u015fan \u201cQisas!\u201d s\u0259dalar\u0131 art\u0131q t\u0259kc\u0259 bir general\u0131n \u00f6l\u00fcm\u00fcn\u0259 olan q\u0259z\u0259b deyildi. Bu, 30 illik i\u015f\u011fal\u0131n y\u0131\u011f\u0131l\u0131b qalm\u0131\u015f hesab\u0131n\u0131n sorulmas\u0131 idi.<\/p>\n<p><img src=\"https:\/\/i.pinimg.com\/236x\/2a\/f6\/89\/2af6891fca6256e69c32125a57f11fb1.jpg\" alt=\"General Mayor Polad H\u0259\u015fimov i\u00e7in 140 fikir | azerbaycan, batman duvar  ka\u011f\u0131d\u0131, mo\u011folistan\" \/><\/p>\n<p>Polad H\u0259\u015fimovun \u015f\u0259hidliyi xalq\u0131 silk\u0259l\u0259di. Bu, uzun s\u00fcr\u0259n d\u00f6z\u00fcml\u00fcl\u00fcy\u00fcn sona \u00e7atd\u0131\u011f\u0131n\u0131n, m\u00fcharib\u0259nin qa\u00e7\u0131lmaz oldu\u011funun i\u015far\u0259si idi. 2 ay sonra, 2020-ci ilin 27 sentyabr\u0131nda Az\u0259rbaycan Ordusu d\u00fc\u015fm\u0259n t\u0259xribat\u0131na cavab olaraq b\u00fct\u00fcn c\u0259bh\u0259 boyu h\u00fccuma ke\u00e7di. Bu, 30 illik diplomatiyan\u0131n dilini anlamayan d\u00fc\u015fm\u0259n\u0259 Polad H\u0259\u015fimovun ruhu il\u0259 dan\u0131\u015fan, q\u0259z\u0259bl\u0259 yo\u011frulmu\u015f g\u00fcc n\u00fcmayi\u015fi idi.<\/p>\n<p><img src=\"https:\/\/cdn.musavat.com\/news\/thumbnails\/a115faaabf5b31fbb28f7ed91833f3d2.jpg\" alt=\"POLAD EN SON.jpg (134 KB)\" \/><\/p>\n<p>44 g\u00fcn davam ed\u0259n m\u00fcharib\u0259d\u0259 300-d\u0259n \u00e7ox k\u0259nd, q\u0259s\u0259b\u0259 v\u0259 \u015f\u0259h\u0259r azad edildi, \u015eu\u015fa al\u0131nd\u0131, Qaraba\u011f\u0131n m\u0259rk\u0259zin\u0259 Az\u0259rbaycan bayra\u011f\u0131 sanc\u0131ld\u0131.<\/p>\n<p>Bu z\u0259f\u0259rin ba\u015flan\u011f\u0131c\u0131 12 iyul 2020-ci ild\u0259 Polad H\u0259\u015fimovun qan\u0131 il\u0259 yaz\u0131ld\u0131.<\/p>\n<p><img src=\"https:\/\/sesqazeti.az\/storage\/2024\/08\/27\/herbi_ekspert-_ramil_memmedli965.jpg\" alt=\"H\u0259rbi ekspert Ramil M\u0259mm\u0259dli: \u201cH\u0259r birimizin s\u0259si \u00f6lk\u0259mizin g\u0259l\u0259c\u0259yi \u00fc\u00e7\u00fcn  \u00f6n\u0259mlidir\u201d\" \/><\/p>\n<p>H\u0259rbi ekspert\u00a0<strong>Ramil M\u0259mm\u0259dli<\/strong>\u00a0Polad H\u0259\u015fimovun \u015f\u0259hid olmas\u0131na s\u0259b\u0259b olan \u0259m\u0259liyyat\u0131 &#8220;planla\u015fd\u0131r\u0131lm\u0131\u015f h\u0259rbi t\u0259xribat v\u0259 konkret siyasi sifari\u015f&#8221; kimi qiym\u0259tl\u0259ndirir. Musavat.com-a dan\u0131\u015fan ekspertin fikrinc\u0259, bu h\u00fccum yaln\u0131z lokal bir d\u00f6y\u00fc\u015f deyil, h\u0259m d\u0259 Az\u0259rbaycan\u0131n strateji infrastrukturuna, d\u00f6vl\u0259t\u00e7ilik irad\u0259sin\u0259 qar\u015f\u0131 y\u00f6n\u0259lmi\u015f kompleks t\u0259xribat idi.<\/p>\n<p><strong>Ramil M\u0259mm\u0259dli qeyd edir ki, Polad H\u0259\u015fimovun \u00f6ld\u00fcr\u00fclm\u0259si Erm\u0259nistan\u0131n h\u0259rbi-siyasi r\u0259hb\u0259rliyinin birba\u015fa m\u0259suliyy\u0259tind\u0259dir:<\/strong>\u00a0&#8220;Konkret olaraq Erm\u0259nistan\u0131n o vaxtk\u0131 m\u00fcdafi\u0259 naziri, h\u0259rbi \u0259m\u0259liyyatlar\u0131n planla\u015fd\u0131r\u0131lmas\u0131na v\u0259 icras\u0131na cavabdeh \u015f\u0259xs olaraq David Tanoyan, Erm\u0259nistan Silahl\u0131 Q\u00fcvv\u0259l\u0259rinin Ba\u015f Q\u0259rargah r\u0259isi, Tovuz istiqam\u0259tind\u0259 h\u00fccumlar\u0131n taktiki r\u0259hb\u0259ri Onik Qasparyan, el\u0259c\u0259 d\u0259 Seyran Ohanyan tutulub layiqli c\u0259zalar\u0131na \u00e7atd\u0131r\u0131lmal\u0131d\u0131rlar.<br \/>\nBu \u015f\u0259xsl\u0259r h\u0259rbi cinay\u0259t t\u00f6r\u0259tm\u0259kd\u0259 ittiham edilm\u0259lidirl\u0259r&#8221;.<\/p>\n<p><img src=\"https:\/\/cdn.musavat.com\/news\/thumbnails\/5dc038c1384c051750fa023f68126d35.jpg\" alt=\"AX\u0130S.jpeg (381 KB)\" \/><\/p>\n<p>Ramil M\u0259mm\u0259dli qeyd edib ki, Polad H\u0259\u015fimovun oldu\u011fu m\u00f6vqenin h\u0259d\u0259f\u0259 al\u0131nmas\u0131 t\u0259sad\u00fcfi olmay\u0131b: &#8220;D\u00fc\u015fm\u0259n d\u0259qiq koordinatlara \u0259sas\u0259n, komandir s\u0259viyy\u0259li \u015f\u0259xsi aradan qald\u0131rmaq m\u0259qs\u0259di g\u00fcd\u00fcb. Bu is\u0259 beyn\u0259lxalq humanitar h\u00fcquqa g\u00f6r\u0259 m\u00fcharib\u0259 zaman\u0131 qada\u011fan olunmu\u015f f\u0259rdi h\u0259d\u0259fl\u0259m\u0259 akt\u0131d\u0131r. Polad H\u0259\u015fimovun \u015f\u0259hidliyi il\u0259 ba\u015flanan ictimai t\u0259zyiq, milli q\u00fcrur v\u0259 ordu \u0259zmi n\u0259tic\u0259 etibaril\u0259 Qaraba\u011f\u0131n azadl\u0131\u011f\u0131 il\u0259 yekunla\u015fd\u0131. Tovuz d\u00f6y\u00fc\u015fl\u0259ri Erm\u0259nistan\u0131n t\u0259xribat\u0131 il\u0259 ba\u015flasa da, bu t\u0259xribat C\u0259nubi Qafqaz\u0131n enerji mar\u015frutlar\u0131n\u0131 v\u0259 strateji sabitliyini pozma\u011fa y\u00f6n\u0259lmi\u015f add\u0131m idi. Az\u0259rbaycan\u0131n q\u0259tiyy\u0259tli cavab\u0131 g\u00f6st\u0259rdi ki, bu torpaqlar\u0131n itirilm\u0259si il\u0259 bar\u0131\u015fmaq m\u00fcmk\u00fcn deyil. Polad H\u0259\u015fimovun qan\u0131 t\u0259kc\u0259 \u015f\u0259hid qan\u0131 deyildi, o h\u0259m d\u0259 milli oyan\u0131\u015f\u0131n, h\u0259rbi dir\u00e7\u0259li\u015fin v\u0259 Z\u0259f\u0259rin ba\u015flan\u011f\u0131c\u0131 oldu.<br \/>\nAz\u0259rbaycan d\u00f6vl\u0259ti onun \u015f\u0259hidliyini \u0259n y\u00fcks\u0259k s\u0259viyy\u0259d\u0259 qiym\u0259tl\u0259ndirdi. Prezident \u0130lham \u018fliyevin 9 dekabr 2020-ci il tarixli s\u0259r\u0259ncam\u0131 il\u0259 general-mayor Polad \u0130sray\u0131l o\u011flu H\u0259\u015fimov \u00f6l\u00fcm\u00fcnd\u0259n sonra Az\u0259rbaycan\u0131n Milli Q\u0259hr\u0259man\u0131 f\u0259xri ad\u0131na layiq g\u00f6r\u00fcld\u00fc.Bu f\u0259xri ad bir general\u0131n yox, b\u00fct\u00f6v bir xalq\u0131n heysiyy\u0259tinin, m\u00fcbarizliyinin v\u0259 dir\u00e7\u0259li\u015f irad\u0259sinin t\u0259nt\u0259n\u0259sidir&#8221;.<\/p>\n<p>H\u0259rbi ekspert deyib ki, bu g\u00fcn tarix yazark\u0259n unutmamal\u0131y\u0131q ki, 2020-ci ilin Z\u0259f\u0259r tarixinin ba\u015flan\u011f\u0131c\u0131 12 iyulda, Polad H\u0259\u015fimovun qan\u0131 il\u0259 yaz\u0131l\u0131b.<\/p>\n<p><strong>El\u015f\u0259n M\u018fMM\u018fD\u018fL\u0130YEV,<\/strong><br \/>\n<strong>Musavat.com<\/strong><\/p>\n<p><strong><iframe title=\"Tovuz hadis\u0259l\u0259ri bar\u0259d\u0259 bilinm\u0259y\u0259nl\u0259r: Polad H\u0259\u015fimovun \u015f\u0259hid oldu\u011fu yerd\u0259n ilk g\u00f6r\u00fcnt\u00fcl\u0259r\" src=\"https:\/\/www.youtube.com\/embed\/fKYJBvh_lrQ\" frameborder=\"0\" allowfullscreen=\"allowfullscreen\" data-mce-fragment=\"1\"><\/iframe><\/strong><\/p>\n<\/div>\n<div><\/div>\n<div><\/div>\n<div class=\"inner-social-box\">\n<div class=\"subs-in-social subs-whatsapp\"><\/div>\n<\/div>\n","protected":false},"excerpt":{"rendered":"<p>12 iyul 2020-ci il&#8230; Tovuzdan g\u0259l\u0259n x\u0259b\u0259r e\u015fid\u0259n h\u0259r k\u0259si sars\u0131td\u0131. X\u0259yan\u0259t n\u0259tic\u0259sind\u0259 d\u00fc\u015fm\u0259n general-mayor Polad H\u0259\u015fimovun oldu\u011fu s\u0259ng\u0259ri top at\u0259\u015fin\u0259 tutdu. General-mayorun \u015f\u0259hidlik zirv\u0259sin\u0259 y\u00fcks\u0259lm\u0259si x\u0259b\u0259ri yay\u0131landan sonra \u00f6lk\u0259nin q\u0259lbi bir anl\u0131q dayand\u0131. Az sonra sosial \u015f\u0259b\u0259k\u0259l\u0259rd\u0259ki s\u00fckut yerini hayq\u0131rt\u0131ya verdi: \u201cBu qan yerd\u0259 qalmamal\u0131d\u0131r!\u201d G\u0259ncl\u0259r k\u00fc\u00e7\u0259l\u0259r\u0259 \u00e7\u0131xd\u0131, minl\u0259rl\u0259 insan gec\u0259 yar\u0131s\u0131 \u015f\u0259h\u0259rin m\u0259rk\u0259zin\u0259 ax\u0131\u015fd\u0131. Parlament binas\u0131n\u0131n qar\u015f\u0131s\u0131nda, \u015e\u0259hidl\u0259r xiyaban\u0131nda, k\u00fc\u00e7\u0259-k\u00fc\u00e7\u0259 dola\u015fan \u201cQisas!\u201d s\u0259dalar\u0131 art\u0131q t\u0259kc\u0259 bir general\u0131n \u00f6l\u00fcm\u00fcn\u0259 olan q\u0259z\u0259b deyildi. Bu, 30 illik i\u015f\u011fal\u0131n y\u0131\u011f\u0131l\u0131b qalm\u0131\u015f hesab\u0131n\u0131n sorulmas\u0131 idi. Polad H\u0259\u015fimovun \u015f\u0259hidliyi xalq\u0131 silk\u0259l\u0259di. Bu, uzun s\u00fcr\u0259n&hellip;<\/p>\n","protected":false},"author":2,"featured_media":815981,"comment_status":"closed","ping_status":"closed","sticky":false,"template":"","format":"standard","meta":{"om_disable_all_campaigns":false,"_monsterinsights_skip_tracking":false,"_monsterinsights_sitenote_active":false,"_monsterinsights_sitenote_note":"","_monsterinsights_sitenote_category":0},"categories":[19],"tags":[],"aioseo_notices":[],"gutentor_comment":0,"rttpg_featured_image_url":{"full":["https:\/\/arantv.az\/wp-content\/uploads\/2025\/07\/be4b95d03d774e87aea9957d517750a1.jpg",857,492,false],"landscape":["https:\/\/arantv.az\/wp-content\/uploads\/2025\/07\/be4b95d03d774e87aea9957d517750a1.jpg",857,492,false],"portraits":["https:\/\/arantv.az\/wp-content\/uploads\/2025\/07\/be4b95d03d774e87aea9957d517750a1.jpg",857,492,false],"thumbnail":["https:\/\/arantv.az\/wp-content\/uploads\/2025\/07\/be4b95d03d774e87aea9957d517750a1-500x280.jpg",500,280,true],"medium":["https:\/\/arantv.az\/wp-content\/uploads\/2025\/07\/be4b95d03d774e87aea9957d517750a1-636x365.jpg",636,365,true],"large":["https:\/\/arantv.az\/wp-content\/uploads\/2025\/07\/be4b95d03d774e87aea9957d517750a1-840x482.jpg",640,367,true],"1536x1536":["https:\/\/arantv.az\/wp-content\/uploads\/2025\/07\/be4b95d03d774e87aea9957d517750a1.jpg",857,492,false],"2048x2048":["https:\/\/arantv.az\/wp-content\/uploads\/2025\/07\/be4b95d03d774e87aea9957d517750a1.jpg",857,492,false],"post-thumbnail":["https:\/\/arantv.az\/wp-content\/uploads\/2025\/07\/be4b95d03d774e87aea9957d517750a1-240x172.jpg",240,172,true],"advps-thumb-one":["https:\/\/arantv.az\/wp-content\/uploads\/2025\/07\/be4b95d03d774e87aea9957d517750a1.jpg",857,492,false]},"rttpg_author":{"display_name":"V\u00fcsal Rafiqo\u011flu","author_link":"https:\/\/arantv.az\/?author=2"},"rttpg_comment":0,"rttpg_category":"<a href=\"https:\/\/arantv.az\/?cat=19\" rel=\"category\">G\u00fcnd\u0259m<\/a>","rttpg_excerpt":"12 iyul 2020-ci il&#8230; Tovuzdan g\u0259l\u0259n x\u0259b\u0259r e\u015fid\u0259n h\u0259r k\u0259si sars\u0131td\u0131. X\u0259yan\u0259t n\u0259tic\u0259sind\u0259 d\u00fc\u015fm\u0259n general-mayor Polad H\u0259\u015fimovun oldu\u011fu s\u0259ng\u0259ri top at\u0259\u015fin\u0259 tutdu. General-mayorun \u015f\u0259hidlik zirv\u0259sin\u0259 y\u00fcks\u0259lm\u0259si x\u0259b\u0259ri yay\u0131landan sonra \u00f6lk\u0259nin q\u0259lbi bir anl\u0131q dayand\u0131. Az sonra sosial \u015f\u0259b\u0259k\u0259l\u0259rd\u0259ki s\u00fckut yerini hayq\u0131rt\u0131ya verdi: \u201cBu qan yerd\u0259 qalmamal\u0131d\u0131r!\u201d G\u0259ncl\u0259r k\u00fc\u00e7\u0259l\u0259r\u0259 \u00e7\u0131xd\u0131, minl\u0259rl\u0259 insan gec\u0259 yar\u0131s\u0131 \u015f\u0259h\u0259rin m\u0259rk\u0259zin\u0259&hellip;","_links":{"self":[{"href":"https:\/\/arantv.az\/index.php?rest_route=\/wp\/v2\/posts\/815980"}],"collection":[{"href":"https:\/\/arantv.az\/index.php?rest_route=\/wp\/v2\/posts"}],"about":[{"href":"https:\/\/arantv.az\/index.php?rest_route=\/wp\/v2\/types\/post"}],"author":[{"embeddable":true,"href":"https:\/\/arantv.az\/index.php?rest_route=\/wp\/v2\/users\/2"}],"replies":[{"embeddable":true,"href":"https:\/\/arantv.az\/index.php?rest_route=%2Fwp%2Fv2%2Fcomments&post=815980"}],"version-history":[{"count":2,"href":"https:\/\/arantv.az\/index.php?rest_route=\/wp\/v2\/posts\/815980\/revisions"}],"predecessor-version":[{"id":815983,"href":"https:\/\/arantv.az\/index.php?rest_route=\/wp\/v2\/posts\/815980\/revisions\/815983"}],"wp:featuredmedia":[{"embeddable":true,"href":"https:\/\/arantv.az\/index.php?rest_route=\/wp\/v2\/media\/815981"}],"wp:attachment":[{"href":"https:\/\/arantv.az\/index.php?rest_route=%2Fwp%2Fv2%2Fmedia&parent=815980"}],"wp:term":[{"taxonomy":"category","embeddable":true,"href":"https:\/\/arantv.az\/index.php?rest_route=%2Fwp%2Fv2%2Fcategories&post=815980"},{"taxonomy":"post_tag","embeddable":true,"href":"https:\/\/arantv.az\/index.php?rest_route=%2Fwp%2Fv2%2Ftags&post=815980"}],"curies":[{"name":"wp","href":"https:\/\/api.w.org\/{rel}","templated":true}]}}