{"id":815994,"date":"2025-07-15T00:03:36","date_gmt":"2025-07-14T20:03:36","guid":{"rendered":"https:\/\/arantv.az\/?p=815994"},"modified":"2025-07-15T00:03:36","modified_gmt":"2025-07-14T20:03:36","slug":"bakidaki-suriya-israil-danisiqlarinin-t%c9%99f%c9%99rruatlari-m%c9%99lum-olur-t%c9%99l-%c9%99vivin-agir-s%c9%99rtl%c9%99ri","status":"publish","type":"post","link":"https:\/\/arantv.az\/?p=815994","title":{"rendered":"Bak\u0131dak\u0131 Suriya-\u0130srail dan\u0131\u015f\u0131qlar\u0131n\u0131n t\u0259f\u0259rr\u00fcatlar\u0131 m\u0259lum olur: T\u0259l-\u018fvivin a\u011f\u0131r \u015f\u0259rtl\u0259ri&#8230;"},"content":{"rendered":"<p><strong>Suriyan\u0131n ke\u00e7id d\u00f6vr\u00fc prezidenti \u018fhm\u0259d \u018fl \u015earaa\u00a0<\/strong><strong>\u00f6t\u0259n h\u0259ft\u0259 sonu Az\u0259rbaycana s\u0259f\u0259ri zaman\u0131 Bak\u0131da \u0130srail v\u0259 Suriya r\u0259smil\u0259ri aras\u0131nda g\u00f6r\u00fc\u015f ke\u00e7irilib. Bununla ba\u011fl\u0131 r\u0259smi x\u0259b\u0259rl\u0259rd\u0259 deyilirdi ki, aprel ay\u0131nda oldu\u011fu kimi, Bak\u0131da \u0130srail v\u0259 Suriya hey\u0259tl\u0259ri aras\u0131nda g\u00f6r\u00fc\u015f ke\u00e7irilib, \u0259sas m\u00f6vzu is\u0259 iki \u00f6lk\u0259 aras\u0131nda g\u0259rginliyin azald\u0131lmas\u0131 olub.<\/strong><\/p>\n<p><strong><img loading=\"lazy\" src=\"https:\/\/cdn.musavat.com\/news\/thumbnails\/d3eed6473c8c26d37966a37c609af192.jpg\" alt=\"AHMED SON.jpg (97 KB)\" width=\"700\" height=\"436\" \/><\/strong><\/p>\n<p><strong>Ancaq bu g\u00fcn \u0259r\u0259b medias\u0131nda g\u00f6r\u00fc\u015fl\u0259 ba\u011fl\u0131 daha \u0259trafl\u0131 m\u0259lumat yay\u0131l\u0131b.<\/strong>\u00a0\u0130ddia olunur ki, Bak\u0131da ke\u00e7iril\u0259n g\u00f6r\u00fc\u015f n\u0259tic\u0259siz ba\u015fa \u00e7at\u0131b. \u00c7\u00fcnki \u0130srail t\u0259r\u0259fi Suriya hakimiyy\u0259tind\u0259n bar\u0131\u015f\u0131q \u015f\u0259rti olaraq 1967-ci ild\u0259 i\u015f\u011fal olunmu\u015f Colan t\u0259p\u0259l\u0259rind\u0259n \u0259l \u00e7\u0259km\u0259sini t\u0259l\u0259b edib. \u0130srail t\u0259msil\u00e7il\u0259ri Colan t\u0259p\u0259l\u0259ri il\u0259 yana\u015f\u0131 \u00f6t\u0259n ilin dekabr\u0131ndan bu yana \u0130srail q\u00fcvv\u0259l\u0259ri t\u0259r\u0259find\u0259n i\u015f\u011fal olunmu\u015f 9 b\u00f6lg\u0259d\u0259n, o c\u00fcml\u0259d\u0259n D\u0259m\u0259\u015fqin m\u00fc\u015fahid\u0259 olundu\u011fu \u015eeyx da\u011f\u0131ndan \u00e7\u0131xmaqdan imtina edirl\u0259r.<\/p>\n<p>\u0130srail hakimiyy\u0259ti Suriya h\u00f6kum\u0259tinin v\u0259dl\u0259rin\u0259 etimad etm\u0259diyini a\u00e7\u0131q \u015f\u0259kild\u0259 bildirib. Bu s\u0259b\u0259bd\u0259n d\u0259 s\u0259rh\u0259d b\u00f6lg\u0259sind\u0259ki israillil\u0259rin qorunmas\u0131 \u00fc\u00e7\u00fcn ordunun Suriya \u0259razisind\u0259 qalmas\u0131na q\u0259rar verilib.<\/p>\n<p><strong>Ancaq g\u00f6r\u00fc\u015fl\u0259 ba\u011fl\u0131 daha maraql\u0131 detallar\u0131 \u0130srailin I24 sayt\u0131 yay\u0131b.<\/strong>\u00a0Sayt Bak\u0131da ke\u00e7iril\u0259n g\u00f6r\u00fc\u015fd\u0259 Suriya prezidenti \u018fhm\u0259d \u018fl \u015earaan\u0131n\u00a0\u00f6z\u00fcn\u00fcn d\u0259 i\u015ftirak etdiyini iddia edir. X\u0259b\u0259rd\u0259 qeyd olunur ki, Suriya t\u0259r\u0259fd\u0259n g\u00f6r\u00fc\u015fd\u0259 xarici i\u015fl\u0259r naziri \u018fs\u0259d \u0259\u015f-\u015eeybani v\u0259 \u0130sraill\u0259 t\u0259hl\u00fck\u0259sizlik m\u00fczakir\u0259l\u0259ri \u00fczr\u0259 cavabdeh \u015f\u0259xs olan \u018fhm\u0259d \u0259d-Dalati i\u015ftirak edib.<\/p>\n<p>\u0130srail t\u0259r\u0259fd\u0259n is\u0259 ba\u015f nazir Benyamin Netanyahunun x\u00fcsusi n\u00fcmay\u0259nd\u0259si il\u0259 yana\u015f\u0131, h\u0259rbi v\u0259 t\u0259hl\u00fck\u0259sizlik komandas\u0131n\u0131n y\u00fcks\u0259k r\u00fctb\u0259li \u015f\u0259xsl\u0259ri olub.<\/p>\n<p><img loading=\"lazy\" src=\"https:\/\/cdn.musavat.com\/news\/thumbnails\/4656bfcfc917059d30d3a5656408f513.jpg\" alt=\"BENYAM\u0130N.jpg (55 KB)\" width=\"700\" height=\"436\" \/><\/p>\n<p><strong>X\u0259b\u0259rd\u0259n bel\u0259 g\u00f6r\u00fcn\u00fcr ki, Bak\u0131 g\u00f6r\u00fc\u015f\u00fc \u0130srail v\u0259 Suriya aras\u0131nda bu g\u00fcn\u0259 q\u0259d\u0259r olmu\u015f \u0259n y\u00fcks\u0259k s\u0259viyy\u0259li g\u00f6r\u00fc\u015f olub.<\/strong>\u00a0M\u0259s\u0259l\u0259 ondad\u0131r ki, \u0130srail v\u0259 Suriya aras\u0131nda bar\u0131\u015f\u0131q prosesinin \u0259sas m\u00fc\u0259llifi AB\u015e-d\u0131r. AB\u015e prezidenti Donald Tramp\u0131n Suriyaya qar\u015f\u0131 sanksiyalar\u0131 g\u00f6t\u00fcrm\u0259si qar\u015f\u0131l\u0131\u011f\u0131nda \u0259sas t\u0259l\u0259bl\u0259rind\u0259n biri d\u0259 \u0130sraill\u0259 bar\u0131\u015f\u0131q prosesin\u0259 qo\u015fulmas\u0131d\u0131r. V\u0259 o da m\u0259lumdur ki, haz\u0131rk\u0131 Suriya hakimiyy\u0259ti prinsipc\u0259 buna raz\u0131l\u0131q verib. \u00c7\u00fcnki bu halda Suriya AB\u015e v\u0259 A\u0130 \u00f6lk\u0259l\u0259rind\u0259n maliyy\u0259 yard\u0131m\u0131 alar, sanksiyalar g\u00f6t\u00fcr\u00fcl\u0259c\u0259k.<\/p>\n<p>Lakin \u0130srailin Bak\u0131dak\u0131 \u015f\u0259rtl\u0259ri g\u00f6st\u0259rir ki, Suriya hakimiyy\u0259ti qar\u015f\u0131s\u0131nda qoyulan \u015f\u0259rtl\u0259r \u00e7ox a\u011f\u0131rd\u0131r. Suriya hakimiyy\u0259ti Colan t\u0259p\u0259l\u0259rind\u0259n imtina etm\u0259li v\u0259 ba\u015fqa s\u00f6zl\u0259 i\u015f\u011falla bar\u0131\u015fmal\u0131, qanuni \u0259razisind\u0259n imtina etm\u0259lidir. Bu is\u0259 \u00e7ox a\u011f\u0131r \u015f\u0259rtl\u0259rdir. Bu s\u0259b\u0259bd\u0259n d\u0259 g\u00f6r\u00fc\u015f n\u0259tic\u0259siz ba\u015fa \u00e7at\u0131b.<\/p>\n<p>Ancaq bundan sonra ba\u015f ver\u0259nl\u0259r d\u0259 maraql\u0131d\u0131r. Bel\u0259 ki, c\u00fcm\u0259 g\u00fcn\u00fc Suriyan\u0131n \u015fimal-\u015f\u0259rqind\u0259, k\u00fcrdl\u0259rin n\u0259zar\u0259tind\u0259 olan \u201cC\u0259zir\u0259\u201d (\u0259r\u0259bc\u0259 ada, D\u0259cl\u0259 v\u0259 F\u0259rat \u00e7aylar\u0131 aras\u0131nda yerl\u0259\u015fdiyi \u00fc\u00e7\u00fcn bel\u0259 adlan\u0131r \u2013 K.R.) b\u00f6lg\u0259sind\u0259 k\u00fcrd SDQ q\u00fcvv\u0259l\u0259ri il\u0259 yerli \u0259r\u0259b q\u0259bil\u0259 silahl\u0131lar\u0131 aras\u0131nda toqqu\u015fmalar ba\u015f verib.<\/p>\n<p><img loading=\"lazy\" src=\"https:\/\/cdn.musavat.com\/news\/thumbnails\/b1dbf4f16fc6546324cb7f805b169167.jpg\" alt=\"DRUZ.jpg (206 KB)\" width=\"700\" height=\"394\" \/><\/p>\n<p><strong>Bazar g\u00fcn\u00fc, y\u0259ni d\u00fcn\u0259n is\u0259 Suriyan\u0131n c\u0259nubunda druzlar\u0131n kompakt ya\u015fad\u0131\u011f\u0131 Suveyda vilay\u0259tind\u0259 yerli \u0259r\u0259b q\u0259bil\u0259l\u0259ri il\u0259 druzlar aras\u0131nda silahl\u0131 qar\u015f\u0131durma ba\u015f verib.<\/strong>\u00a0\u0130lkin m\u0259lumata g\u00f6r\u0259, toqqu\u015fma n\u0259tic\u0259sind\u0259 30 n\u0259f\u0259r \u00f6l\u00fcb, 100-\u0259 yax\u0131n yaral\u0131 var. M\u0259rk\u0259zi h\u00f6kum\u0259t \u0259raziy\u0259 \u0259lav\u0259 h\u0259rbi q\u00fcvv\u0259l\u0259r g\u00f6nd\u0259rib, haz\u0131rda D\u0259m\u0259\u015fq-Suveyda avtomobil magistral\u0131 ba\u011flan\u0131b.<\/p>\n<p>Yerli druz jurnalist Rayan Maruf hadis\u0259nin m\u0259zh\u0259b toqqu\u015fmas\u0131 oldu\u011funu yaz\u0131b. Jurnalist qeyd edib ki, ilk d\u0259f\u0259 bu \u0259razid\u0259 m\u0259zh\u0259bl\u0259r aras\u0131nda toqqu\u015fma ba\u015f verir v\u0259 tezlikl\u0259 dayanmasa b\u00f6lg\u0259 \u201cqan g\u00f6l\u00fcn\u0259\u201d d\u00f6n\u0259 bil\u0259r.<\/p>\n<p>Suriya h\u00f6kum\u0259ti d\u00f6y\u00fc\u015fl\u0259rin dayand\u0131\u011f\u0131n\u0131 bildirs\u0259 d\u0259, b\u00f6lg\u0259d\u0259 g\u0259rginlik davam edir. Bu m\u0259s\u0259l\u0259nin pis t\u0259r\u0259fi silahl\u0131 qar\u015f\u0131durman\u0131n m\u0259zh\u0259b b\u0259han\u0259si il\u0259 ba\u015f verm\u0259sidir. Bu b\u00f6lg\u0259d\u0259 daha \u0259vv\u0259l d\u0259 druz \u0259hali il\u0259 yerli b\u0259d\u0259vi \u0259r\u0259b tayfalar\u0131 aras\u0131nda g\u0259rginlik olub, ancaq ilk d\u0259f\u0259 bu s\u0259viyy\u0259d\u0259 silahl\u0131 toqqu\u015fma ba\u015f verib.<\/p>\n<p>M\u0259lum oldu\u011fu kimi, druzlar Suriyada saylar\u0131 700 min n\u0259f\u0259r\u0259 \u00e7atan \u015fi\u0259-\u0130smaili t\u0259riq\u0259tin\u0259 m\u0259nsub qrupdur. Suveyda vilay\u0259tind\u0259 kompakt ya\u015fayan druzlar\u0131n bir hiss\u0259si Livanda, bir qismi is\u0259 \u0130srail t\u0259r\u0259find\u0259n i\u015f\u011fal olunmu\u015f Colan rayonunda ya\u015fay\u0131r. Druzlar \u0130sraill\u0259 yax\u015f\u0131 \u0259laq\u0259l\u0259r\u0259 malikdir, h\u0259tta bu ilin \u0259vv\u0259lind\u0259 D\u0259m\u0259\u015fq v\u0259 druz q\u00fcvv\u0259l\u0259ri aras\u0131nda qar\u015f\u0131durma ba\u015f ver\u0259nd\u0259 \u0130srail druzlar\u0131 d\u0259st\u0259kl\u0259yib.<\/p>\n<p><img loading=\"lazy\" src=\"https:\/\/cdn.musavat.com\/news\/thumbnails\/16c9c37cee838f89a52dcc08c9d362c3.jpg\" alt=\"SUR\u0130Y.jpg (51 KB)\" width=\"700\" height=\"436\" \/><\/p>\n<p><strong>Bel\u0259 g\u00f6r\u00fcn\u00fcr ki, Suriya hakimiyy\u0259ti \u0130srail v\u0259 AB\u015e-\u0131n h\u0259ssas yana\u015fd\u0131\u011f\u0131 druz v\u0259 k\u00fcrdl\u0259r\u0259 qar\u015f\u0131 yerli b\u0259d\u0259vi q\u0259bil\u0259l\u0259rd\u0259n istifad\u0259 etm\u0259y\u0259 \u00e7al\u0131\u015f\u0131r.<\/strong>\u00a0\u00c7\u00fcnki \u015fimal-\u015f\u0259rqd\u0259ki k\u00fcrd separat\u00e7\u0131lar\u0131n\u0131 Va\u015finqton, druzlar\u0131 is\u0259 \u0130srail d\u0259st\u0259kl\u0259yir. \u018fhm\u0259d \u018fl \u015earaa\u00a0anlay\u0131r ki, druz v\u0259 k\u00fcrd separatizmini D\u0259m\u0259\u015fq art\u0131q g\u00fcc t\u0259tbiq etm\u0259kl\u0259 aradan qald\u0131ra bilm\u0259z. \u00c7\u00fcnki bu halda Va\u015finqton v\u0259 T\u0259l-\u018fvivl\u0259 qar\u015f\u0131-qar\u015f\u0131ya g\u0259l\u0259 bil\u0259r. Separatizmin davam etm\u0259si is\u0259 D\u0259m\u0259\u015fqin \u0259l-qolunu ba\u011flay\u0131r. D\u0259m\u0259\u015fqin \u0259lind\u0259 bu qruplara qar\u015f\u0131 yegan\u0259 t\u0259zyiq vasit\u0259si is\u0259 yerli radikal dini g\u00f6r\u00fc\u015fl\u0259r\u0259 malik b\u0259d\u0259vi q\u0259bil\u0259l\u0259ridir. Bu qruplar\u0131n k\u00fcrd v\u0259 druzlarla toqqu\u015fmas\u0131 Suriya hakimiyy\u0259tinin manevr imkanlar\u0131n\u0131 geni\u015fl\u0259ndirir, ba\u015fqa s\u00f6zl\u0259, masada \u0259lini g\u00fccl\u0259ndir\u0259 bil\u0259r. \u018fks t\u0259qdird\u0259 \u015eara h\u00f6kum\u0259ti Q\u0259rbin v\u0259 \u0130srailin t\u0259zyiqi il\u0259 qar\u015f\u0131-qar\u015f\u0131ya qalacaq.<\/p>\n<p>Ancaq burada riskli m\u0259qam m\u0259zh\u0259b v\u0259 etnik g\u0259rginliyin n\u0259zar\u0259td\u0259n \u00e7\u0131xaraq yeni bir v\u0259t\u0259nda\u015f m\u00fcharib\u0259sin\u0259 s\u0259b\u0259b olmas\u0131d\u0131r. Buna g\u00f6r\u0259 d\u0259 D\u0259m\u0259\u015fq h\u0259l\u0259lik m\u0259s\u0259l\u0259y\u0259 ehtiyatl\u0131 yana\u015f\u0131r v\u0259 hadis\u0259ni yat\u0131rmaq \u00fc\u00e7\u00fcn \u0259raziy\u0259 d\u0259rhal \u0259lav\u0259 q\u00fcvv\u0259l\u0259r g\u00f6nd\u0259rir. Maraql\u0131 bir detal is\u0259 k\u00fcrdl\u0259rl\u0259 \u0259r\u0259b q\u0259bil\u0259l\u0259ri aras\u0131ndak\u0131 g\u0259rginlikdir. T\u00fcrkiy\u0259d\u0259 PKK-n\u0131n silah\u0131 yer\u0259 qoymas\u0131 fonunda Suriyada k\u00fcrd separatizmin\u0259 qar\u015f\u0131 silahl\u0131 t\u0259zyiqin artmas\u0131 h\u0259m d\u0259 Ankaran\u0131n maraqlar\u0131na cavab verir. Bu m\u0259s\u0259l\u0259d\u0259 indi \u018fhm\u0259d \u018fl \u015earaan\u0131n\u00a0g\u00fcv\u0259n\u0259 bil\u0259c\u0259yi yegan\u0259 g\u00fcc T\u00fcrkiy\u0259dir.<\/p>\n<p>Lakin indi qar\u015f\u0131da dayanan \u0259sas tap\u015f\u0131r\u0131q separatizm\u0259 qar\u015f\u0131 yaranan bu g\u0259rginliyin D\u0259m\u0259\u015fq t\u0259r\u0259find\u0259n hans\u0131 ustal\u0131qla idar\u0259 olunmas\u0131d\u0131r.\u00a0<strong>\u00c7\u00fcnki etnik v\u0259 dini z\u0259minli g\u0259rginlik d\u00f6vl\u0259tl\u0259r \u00fc\u00e7\u00fcn indi \u0259n b\u00f6y\u00fck t\u0259hl\u00fck\u0259sizlik qay\u011f\u0131s\u0131d\u0131r.<\/strong><\/p>\n<p><strong>K\u0259nan R\u00f6v\u015f\u0259no\u011flu<\/strong><br \/>\n<strong>X\u00fcsusi olaraq Musavat.com \u00fc\u00e7\u00fcn<\/strong><\/p>\n<div class=\"news-author text-left\"><a href=\"https:\/\/musavat.com\/author\/kenan-rovsenoglu_40\"><img class=\"img-responsive img-author\" src=\"https:\/\/cdn.musavat.com\/authors\/thumbnails\/36c7d5a47066c9aac5e8948dfa476604.jpg\" \/>K\u0259nan R\u00d6V\u015e\u018fNO\u011eLU<\/a><\/div>\n","protected":false},"excerpt":{"rendered":"<p>Suriyan\u0131n ke\u00e7id d\u00f6vr\u00fc prezidenti \u018fhm\u0259d \u018fl \u015earaa\u00a0\u00f6t\u0259n h\u0259ft\u0259 sonu Az\u0259rbaycana s\u0259f\u0259ri zaman\u0131 Bak\u0131da \u0130srail v\u0259 Suriya r\u0259smil\u0259ri aras\u0131nda g\u00f6r\u00fc\u015f ke\u00e7irilib. Bununla ba\u011fl\u0131 r\u0259smi x\u0259b\u0259rl\u0259rd\u0259 deyilirdi ki, aprel ay\u0131nda oldu\u011fu kimi, Bak\u0131da \u0130srail v\u0259 Suriya hey\u0259tl\u0259ri aras\u0131nda g\u00f6r\u00fc\u015f ke\u00e7irilib, \u0259sas m\u00f6vzu is\u0259 iki \u00f6lk\u0259 aras\u0131nda g\u0259rginliyin azald\u0131lmas\u0131 olub. Ancaq bu g\u00fcn \u0259r\u0259b medias\u0131nda g\u00f6r\u00fc\u015fl\u0259 ba\u011fl\u0131 daha \u0259trafl\u0131 m\u0259lumat yay\u0131l\u0131b.\u00a0\u0130ddia olunur ki, Bak\u0131da ke\u00e7iril\u0259n g\u00f6r\u00fc\u015f n\u0259tic\u0259siz ba\u015fa \u00e7at\u0131b. \u00c7\u00fcnki \u0130srail t\u0259r\u0259fi Suriya hakimiyy\u0259tind\u0259n bar\u0131\u015f\u0131q \u015f\u0259rti olaraq 1967-ci ild\u0259 i\u015f\u011fal olunmu\u015f Colan t\u0259p\u0259l\u0259rind\u0259n \u0259l \u00e7\u0259km\u0259sini t\u0259l\u0259b edib. \u0130srail t\u0259msil\u00e7il\u0259ri Colan t\u0259p\u0259l\u0259ri il\u0259 yana\u015f\u0131&hellip;<\/p>\n","protected":false},"author":2,"featured_media":815995,"comment_status":"closed","ping_status":"closed","sticky":false,"template":"","format":"standard","meta":{"om_disable_all_campaigns":false,"_monsterinsights_skip_tracking":false,"_monsterinsights_sitenote_active":false,"_monsterinsights_sitenote_note":"","_monsterinsights_sitenote_category":0},"categories":[19],"tags":[],"aioseo_notices":[],"gutentor_comment":0,"rttpg_featured_image_url":{"full":["https:\/\/arantv.az\/wp-content\/uploads\/2025\/07\/988bbfb6f95561bd2a90bd29937abab6.jpg",620,386,false],"landscape":["https:\/\/arantv.az\/wp-content\/uploads\/2025\/07\/988bbfb6f95561bd2a90bd29937abab6.jpg",620,386,false],"portraits":["https:\/\/arantv.az\/wp-content\/uploads\/2025\/07\/988bbfb6f95561bd2a90bd29937abab6.jpg",620,386,false],"thumbnail":["https:\/\/arantv.az\/wp-content\/uploads\/2025\/07\/988bbfb6f95561bd2a90bd29937abab6-500x280.jpg",500,280,true],"medium":["https:\/\/arantv.az\/wp-content\/uploads\/2025\/07\/988bbfb6f95561bd2a90bd29937abab6-586x365.jpg",586,365,true],"large":["https:\/\/arantv.az\/wp-content\/uploads\/2025\/07\/988bbfb6f95561bd2a90bd29937abab6.jpg",620,386,false],"1536x1536":["https:\/\/arantv.az\/wp-content\/uploads\/2025\/07\/988bbfb6f95561bd2a90bd29937abab6.jpg",620,386,false],"2048x2048":["https:\/\/arantv.az\/wp-content\/uploads\/2025\/07\/988bbfb6f95561bd2a90bd29937abab6.jpg",620,386,false],"post-thumbnail":["https:\/\/arantv.az\/wp-content\/uploads\/2025\/07\/988bbfb6f95561bd2a90bd29937abab6-240x172.jpg",240,172,true],"advps-thumb-one":["https:\/\/arantv.az\/wp-content\/uploads\/2025\/07\/988bbfb6f95561bd2a90bd29937abab6.jpg",620,386,false]},"rttpg_author":{"display_name":"V\u00fcsal Rafiqo\u011flu","author_link":"https:\/\/arantv.az\/?author=2"},"rttpg_comment":0,"rttpg_category":"<a href=\"https:\/\/arantv.az\/?cat=19\" rel=\"category\">G\u00fcnd\u0259m<\/a>","rttpg_excerpt":"Suriyan\u0131n ke\u00e7id d\u00f6vr\u00fc prezidenti \u018fhm\u0259d \u018fl \u015earaa\u00a0\u00f6t\u0259n h\u0259ft\u0259 sonu Az\u0259rbaycana s\u0259f\u0259ri zaman\u0131 Bak\u0131da \u0130srail v\u0259 Suriya r\u0259smil\u0259ri aras\u0131nda g\u00f6r\u00fc\u015f ke\u00e7irilib. Bununla ba\u011fl\u0131 r\u0259smi x\u0259b\u0259rl\u0259rd\u0259 deyilirdi ki, aprel ay\u0131nda oldu\u011fu kimi, Bak\u0131da \u0130srail v\u0259 Suriya hey\u0259tl\u0259ri aras\u0131nda g\u00f6r\u00fc\u015f ke\u00e7irilib, \u0259sas m\u00f6vzu is\u0259 iki \u00f6lk\u0259 aras\u0131nda g\u0259rginliyin azald\u0131lmas\u0131 olub. Ancaq bu g\u00fcn \u0259r\u0259b medias\u0131nda g\u00f6r\u00fc\u015fl\u0259 ba\u011fl\u0131 daha&hellip;","_links":{"self":[{"href":"https:\/\/arantv.az\/index.php?rest_route=\/wp\/v2\/posts\/815994"}],"collection":[{"href":"https:\/\/arantv.az\/index.php?rest_route=\/wp\/v2\/posts"}],"about":[{"href":"https:\/\/arantv.az\/index.php?rest_route=\/wp\/v2\/types\/post"}],"author":[{"embeddable":true,"href":"https:\/\/arantv.az\/index.php?rest_route=\/wp\/v2\/users\/2"}],"replies":[{"embeddable":true,"href":"https:\/\/arantv.az\/index.php?rest_route=%2Fwp%2Fv2%2Fcomments&post=815994"}],"version-history":[{"count":1,"href":"https:\/\/arantv.az\/index.php?rest_route=\/wp\/v2\/posts\/815994\/revisions"}],"predecessor-version":[{"id":815996,"href":"https:\/\/arantv.az\/index.php?rest_route=\/wp\/v2\/posts\/815994\/revisions\/815996"}],"wp:featuredmedia":[{"embeddable":true,"href":"https:\/\/arantv.az\/index.php?rest_route=\/wp\/v2\/media\/815995"}],"wp:attachment":[{"href":"https:\/\/arantv.az\/index.php?rest_route=%2Fwp%2Fv2%2Fmedia&parent=815994"}],"wp:term":[{"taxonomy":"category","embeddable":true,"href":"https:\/\/arantv.az\/index.php?rest_route=%2Fwp%2Fv2%2Fcategories&post=815994"},{"taxonomy":"post_tag","embeddable":true,"href":"https:\/\/arantv.az\/index.php?rest_route=%2Fwp%2Fv2%2Ftags&post=815994"}],"curies":[{"name":"wp","href":"https:\/\/api.w.org\/{rel}","templated":true}]}}