{"id":816015,"date":"2025-07-15T07:50:48","date_gmt":"2025-07-15T03:50:48","guid":{"rendered":"https:\/\/arantv.az\/?p=816015"},"modified":"2025-07-15T07:50:48","modified_gmt":"2025-07-15T03:50:48","slug":"daha-intensiv-danisiqlar-ucun-etibarli-platforma-t%c9%99hlil","status":"publish","type":"post","link":"https:\/\/arantv.az\/?p=816015","title":{"rendered":"Daha intensiv dan\u0131\u015f\u0131qlar \u00fc\u00e7\u00fcn  etibarl\u0131 platforma &#8211; T\u018fHL\u0130L"},"content":{"rendered":"<p><em><strong>\u018fbu-Dabid\u0259n\u00a0erm\u0259ni havadarlar\u0131na mesaj: Az\u0259rbaycan\u0131n r\u0259yi il\u0259 hasabla\u015fmaq laz\u0131md\u0131r<\/strong><\/em><\/p>\n<p>44 g\u00fcn davam ed\u0259n \u0130kinci Qaraba\u011f \u00a0m\u00fcharib\u0259sinin \u00a0xalq\u0131m\u0131za qazand\u0131rd\u0131\u011f\u0131 u\u011furlardan biri d\u0259 \u00a0\u00a0Nax\u00e7\u0131van\u00a0 Muxtar Respublikas\u0131 il\u0259 respublikam\u0131z\u0131n dig\u0259r\u00a0 b\u00f6lg\u0259l\u0259ri aras\u0131nda \u0259laq\u0259l\u0259rin b\u0259rpas\u0131na imkan yaradacaq \u00a0Z\u0259ng\u0259zur d\u0259hlizinin b\u0259rpas\u0131 istiqam\u0259tind\u0259 i\u015fl\u0259rin s\u00fcr\u0259tl\u0259nm\u0259sidir. Prezident \u0130lham \u018fliyev\u00a0 bu yolun a\u00e7\u0131lman\u0131n\u00a0 vacibliyini\u00a0 \u00abDig\u0259r \u00f6n\u0259mli m\u0259s\u0259l\u0259, x\u00fcsusil\u0259 qeyd etm\u0259k ist\u0259yir\u0259m ki, Nax\u00e7\u0131van Muxtar Respublikas\u0131n\u0131n Az\u0259rbaycan\u0131n \u0259sas hiss\u0259si il\u0259 \u0259laq\u0259si bu s\u0259n\u0259dd\u0259 t\u0259sbit edilir. H\u0259m b\u00fct\u00fcn kommunikasiyalar\u0131n, yollar\u0131n a\u00e7\u0131lmas\u0131, eyni zamanda, burada g\u00f6st\u0259rilir ki, yeni n\u0259qliyyat kommunikasiya infrastrukturu yarad\u0131la bil\u0259r v\u0259 yarad\u0131lmal\u0131d\u0131r. Biz bunu \u0259lb\u0259tt\u0259 ki, \u00e7ox d\u0259st\u0259kl\u0259mi\u015fik. Dey\u0259 bil\u0259r\u0259m ki, m\u0259nim t\u0259kidiml\u0259 bu b\u0259nd bu b\u0259yanata sal\u0131nd\u0131\u00bb s\u00f6zl\u0259ri il\u0259\u00a0 diqq\u0259t\u0259\u00a0 \u00e7atd\u0131r\u0131b. \u00a0D\u00f6vl\u0259t ba\u015f\u00e7\u0131m\u0131z bu ilin \u00a0yanvar\u0131n 28-d\u0259 n\u0259qliyyat m\u0259s\u0259l\u0259l\u0259rin\u0259 h\u0259sr olunmu\u015f m\u00fc\u015favir\u0259d\u0259ki \u00e7\u0131x\u0131\u015f\u0131nda Z\u0259ng\u0259zur d\u0259hlizinin region \u00a0\u00fc\u00e7\u00fcn m\u00fcst\u0259sna \u0259h\u0259miyy\u0259t da\u015f\u0131d\u0131\u011f\u0131n\u0131 bildirm\u0259kl\u0259 bu infrastrukturu obrazl\u0131 deyils\u0259, beyn\u0259lxalq \u00a0n\u0259qliyyat \u00a0layih\u0259l\u0259rinin \u00a0vizit kart\u0131 adland\u0131r\u0131b.<\/p>\n<p>Erm\u0259nistan \u00a0m\u00fcxt\u0259lif b\u0259han\u0259l\u0259r g\u0259tirm\u0259kl\u0259 , qeyri-real v\u0259 c\u0259f\u0259ng layih\u0259l\u0259r ortaya atmaqla \u00a0d\u0259hlizl\u0259 ba\u011fl\u0131 beyn\u0259lxalq ictimaiyy\u0259tin fikrini \u00e7a\u015fd\u0131rmaq namin\u0259 \u00a0manipulyasiyalara \u0259l atsa da \u00a0C\u0259nubi Qafqazda s\u00fclh m\u00fchitinin formala\u015fmas\u0131n\u0131n ba\u015fl\u0131ca amili olan bu infrastrukturun \u00a0a\u00e7\u0131lmas\u0131 beyn\u0259lxalq d\u0259st\u0259k qazan\u0131b. \u0130r\u0259van\u0131n ir\u0259li s\u00fcrd\u00fcy\u00fc \u00abs\u00fclh k\u0259si\u015fm\u0259si\u201d\u00bb kimi \u00a0s\u0259rs\u0259m\u00a0 ideyan\u0131n m\u0259qs\u0259di \u00a0C\u0259nubi Qafqazda erm\u0259ni avant\u00fcrizmini qorumaqd\u0131r. \u00a0Erm\u0259nistan\u0131n havadarlar\u0131n\u0131n\u00a0 t\u0259\u015f\u0259bb\u00fcsl\u0259ri il\u0259 ir\u0259li at\u0131lan bu s\u0259rs\u0259m \u00a0ideyan\u0131n \u0259sass\u0131z oldu\u011funu \u00abHalbuki bu d\u0131rnaq\u00adaras\u0131 layih\u0259nin Az\u0259rbaycans\u0131z iki q\u0259piklik d\u0259 qiym\u0259ti yoxdur v\u0259 biz bunu d\u0259f\u0259l\u0259rl\u0259 Erm\u0259nistan t\u0259r\u0259fin\u0259 m\u00fcxt\u0259lif kanallar vasit\u0259sil\u0259 \u00e7atd\u0131rm\u0131\u015f\u0131q. \u018fg\u0259r siz bu layih\u0259ni do\u011frudan da h\u0259yata ke\u00e7irm\u0259k ist\u0259yirsinizs\u0259, ilk n\u00f6vb\u0259d\u0259, Az\u0259rbaycana m\u00fcraci\u0259t etm\u0259lisiniz. \u00c7\u00fcnki bizsiz bu, sad\u0259c\u0259 olaraq, ka\u011f\u0131z par\u00e7as\u0131d\u0131r, bizim \u015f\u0259rtl\u0259rimiz is\u0259 \u0259dal\u0259tlidir, beyn\u0259lxalq h\u00fcquqa \u0259saslan\u0131r v\u0259 Erm\u0259nistan\u0131n \u00f6z\u00fcn\u00fcn g\u00f6t\u00fcrd\u00fcy\u00fc \u00f6hd\u0259likl\u0259rin\u0259 \u0259saslan\u0131r\u00bb s\u00f6zl\u0259ri il\u0259 inkar ed\u0259n \u00a0\u00a0Prezident \u0130lham \u018fliyev d\u0259f\u0259l\u0259rl\u0259\u00a0\u00a0 Erm\u0259nistan\u0131 \u00fcz\u0259rin\u0259 g\u00f6t\u00fcrd\u00fcy\u00fc \u00f6hd\u0259liyi yerin\u0259 yetirm\u0259y\u0259 \u00e7a\u011f\u0131r\u0131b. A\u00e7\u0131q-a\u015fkar bildirib ki,\u00a0 biz \u00a0Az\u0259rbaycan\u0131n ayr\u0131lmaz hiss\u0259si olan Nax\u00e7\u0131vana\u00a0 m\u00fcxt\u0259lif, ba\u015fqa yollarla getm\u0259y\u0259 m\u0259cbur deyilik. Bizim birba\u015fa \u0259laq\u0259miz olmal\u0131d\u0131r v\u0259 bu \u0259laq\u0259 Erm\u0259nistan\u0131n suverenliyini \u015f\u00fcbh\u0259 alt\u0131na salm\u0131r.\u00a0 C\u0259nubi Qafqazda Az\u0259rbaycan apar\u0131c\u0131 iqtisadiyyatd\u0131r, apar\u0131c\u0131 h\u0259rbi g\u00fccd\u00fcr v\u0259 apar\u0131c\u0131 d\u00f6vl\u0259tdir. Bug\u00fcnk\u00fc d\u00fcnyada g\u00fcc amili \u00f6n plandad\u0131r v\u0259 bunu he\u00e7 kim unutmas\u0131n\u201d.<\/p>\n<p>Alternativ kimi \u0130randan yol a\u00e7\u0131lmas\u0131na dair raz\u0131la\u015fma \u0259ld\u0259 olunsa da\u00a0 t\u0259kc\u0259 Az\u0259rbaycan \u00fc\u00e7\u00fcn deyil, Orta\u00a0 D\u0259hliz layih\u0259sinin b\u00fct\u00fcn t\u0259r\u0259fdarlar\u0131 \u00fc\u00e7\u00fcn Z\u0259ng\u0259zur d\u0259hlizi \u0259n optimal variantd\u0131r. \u015eu\u015fada ke\u00e7iril\u0259n \u00abB\u00f6y\u00fck Avrasiya geosiyas\u0259tinin formala\u015fmas\u0131: ke\u00e7mi\u015fd\u0259n bu g\u00fcn\u0259 v\u0259 g\u0259l\u0259c\u0259y\u0259\u00bb\u201d m\u00f6vzusuna h\u0259s olunmu\u015f konfransda da\u00a0\u00a0 Z\u0259ng\u0259zur d\u0259hlizinin, sad\u0259c\u0259, Az\u0259rbaycan v\u0259 Erm\u0259nistan \u00fc\u00e7\u00fcn deyil, qlobal s\u0259viyy\u0259d\u0259 \u0259h\u0259miyy\u0259ti \u00a0bar\u0259d\u0259 \u0259trafl\u0131 dan\u0131\u015f\u0131lm\u0131\u015fd\u0131r. Qeyd olunmu\u015fdur ki, \u00a0daha b\u00f6y\u00fck h\u0259cmd\u0259 y\u00fckl\u0259rin \u00a0tez v\u0259 s\u0259rf\u0259li qiym\u0259tl\u0259 da\u015f\u0131nmas\u0131 \u00fc\u00e7\u00fcn\u00a0\u00a0 b\u00f6y\u00fck potensiala malik Orta D\u0259hlizin t\u0259rkib hiss\u0259si olan, beyn\u0259lxalq \u0259h\u0259miyy\u0259tli\u00a0 Z\u0259ng\u0259zur d\u0259hlizi b\u0259rpa edilm\u0259lidir.\u00a0 \u00c7in, Q\u0131r\u011f\u0131z\u0131stan v\u0259 \u00d6zb\u0259kistan aras\u0131nda d\u0259mir yolunun davam\u0131 olan Z\u0259ng\u0259zur d\u0259hlizi \u00a0\u00abBir k\u0259m\u0259r, bir yol\u00bb\u201d layih\u0259sinin v\u0259 ya \u015eimal-C\u0259nub n\u0259qliyyat d\u0259hlizinin t\u0259rkib hiss\u0259si ola bil\u0259r.<\/p>\n<p>\u0130yulun 10-da Birl\u0259\u015fmi\u015f \u018fr\u0259b \u018fmirlikl\u0259rinin (BB\u018f) \u018fbu-Dabi \u015f\u0259h\u0259rind\u0259 Prezident \u0130lham \u018fliyev \u00a0il\u0259\u00a0Erm\u0259nistan\u0131n ba\u015f naziri Nikol Pa\u015finyan aras\u0131nda ke\u00e7iril\u0259n ikit\u0259r\u0259fli g\u00f6r\u00fc\u015f bu bax\u0131mdan tarixi hadis\u0259 kimi yadda qald\u0131. \u00a0Qeyd ed\u0259k ki, dan\u0131\u015f\u0131qlar \u00fc\u00e7\u00fcn m\u0259kan\u0131n Az\u0259rbaycan\u0131n t\u0259klifin\u0259\u00a0 uy\u011fun\u00a0 \u018fbu-Dabinin \u00a0se\u00e7ilm\u0259sinin\u00a0 r\u0259mzi m\u0259nas\u0131 var idi. Qalib \u00f6lk\u0259 kimi s\u00fclh sazi\u015fi \u00fc\u00e7\u00fcn \u015f\u0259rtl\u0259ri dikt\u0259 ed\u0259n Az\u0259rbaycan siyasi , iqtisadi, h\u0259rbi sah\u0259l\u0259rd\u0259 g\u00fccl\u00fc t\u0259r\u0259f oldu\u011funu t\u0259sdiql\u0259yir. \u00a0Bu vaxta q\u0259d\u0259r\u00a0 Moskvada,\u00a0 Br\u00fcsseld\u0259,\u00a0 Va\u015finqtonda ba\u015f tutan g\u00f6r\u00fc\u015fl\u0259rd\u0259\u00a0 s\u00fclh sazi\u015fi il\u0259 ba\u011fl\u0131 ist\u0259nil\u0259n n\u0259tic\u0259 al\u0131nmay\u0131b.\u00a0 Kosmetik \u00a0raz\u0131l\u0131qlar \u00a0\u0259ld\u0259 edils\u0259 d\u0259, yekun s\u00fclh\u0259 nail olunmay\u0131b. O bax\u0131mdan h\u0259m Erm\u0259nistan\u0131n, h\u0259m d\u0259 Az\u0259rbaycan\u0131n raz\u0131 ola bil\u0259c\u0259yi \u00a0\u018fbu-Dabi \u00a0kimi neytral, t\u0259hl\u00fck\u0259siz v\u0259 m\u00fcbahis\u0259siz m\u0259kana ehtiyac duyulurdu. H\u0259m\u00e7inin B\u018f\u018f-nin t\u0259r\u0259fl\u0259r \u00fc\u00e7\u00fcn he\u00e7 bir tarixi kompleks v\u0259 ya imperial ambisiyas\u0131 yoxdur. Bu da \u00a0Bir\u0259\u015fmi\u015f \u018fr\u0259b \u018fmirilikl\u0259rinin\u00a0 neytral zona\u00a0 \u00f6n\u0259mini art\u0131r\u0131rd\u0131.<\/p>\n<p>Xat\u0131rladaq ki, Z\u0259ng\u0259zur d\u0259hlizin\u0259 n\u0259zar\u0259td\u0259 maraql\u0131 olan t\u0259r\u0259fl\u0259r\u00a0 d\u0259\u00a0 \u018fbu-Dabi g\u00f6r\u00fc\u015f\u00fcn\u00fc m\u0259qbul hesab edirdil\u0259r. G\u00fcnd\u0259md\u0259 olan \u00a0Z\u0259ng\u0259zur\u00a0d\u0259hlizi, mane\u0259siz h\u0259r\u0259k\u0259tin t\u0259min edilm\u0259si v\u0259 t\u0259bii ki, s\u00fclh m\u00fcqavil\u0259si il\u0259 ba\u011fl\u0131 be\u015f saat davam ed\u0259n\u00a0\u00a0 dan\u0131\u015f\u0131qlarda h\u0259r\u00a0 iki t\u0259r\u0259fin maraqlar\u0131na uy\u011fun\u00a0 m\u0259s\u0259l\u0259l\u0259r m\u00fczakir\u0259 olunub. D\u0259hliz\u0259 n\u0259zar\u0259tl\u0259 ba\u011fl\u0131 \u00a0AB\u015e-\u0131n, Rusiyan\u0131n \u00a0\u00a0v\u0259 Q\u0259rbin t\u0259klifl\u0259ri n\u0259z\u0259r\u0259 al\u0131n\u0131b. Bu c\u00fcr t\u0259klifl\u0259rin \u00a0q\u0259bul\u00a0olunub-olunmayaca\u011f\u0131 h\u0259l\u0259lik sual olaraq qal\u0131r. \u018fsas m\u0259s\u0259l\u0259 odur ki, d\u0259hliz\u00a0Az\u0259rbaycan\u00a0\u00fc\u00e7\u00fcn s\u0131rf texniki deyil, siyasi \u0259h\u0259miyy\u0259tli m\u0259s\u0259l\u0259dir. Bu, \u00a0yolun a\u00e7\u0131lmas\u0131 h\u0259r \u015feyd\u0259n \u00f6nc\u0259 \u00f6lk\u0259nin geoiqtisadi m\u0259rk\u0259z\u0259 \u00e7evrilm\u0259si, siyasi \u0259h\u0259miyy\u0259ti bax\u0131m\u0131ndan vacibdir. Bu yolun a\u00e7\u0131lmas\u0131\u00a0 T\u00fcrkiy\u0259 il\u0259 birba\u015fa \u0259laq\u0259nin yarad\u0131lmas\u0131, b\u00fct\u00fcnl\u00fckd\u0259 t\u00fcrk d\u00fcnyas\u0131n\u0131n birliyi bax\u0131m\u0131ndan da \u00f6n\u0259mlidir.<\/p>\n<p>\u018fbu-Dabi g\u00f6r\u00fc\u015f\u00fcnd\u0259\u00a0 dan\u0131\u015f\u0131qlar\u0131n ikit\u0259r\u0259f\u0259li, vasit\u0259\u00e7isiz\u00a0 t\u0259\u015fkilind\u0259 d\u0259 m\u0259qs\u0259d k\u0259nar q\u00fcvv\u0259l\u0259rin \u00a0s\u00fclh\u00a0 sazi\u015finin imzalanmas\u0131na m\u00fcdaxil\u0259sinin qar\u015f\u0131s\u0131na almaql\u0131r. \u00a0\u018fbu Dabi \u015f\u0259h\u0259rind\u0259 ke\u00e7iril\u0259n ikit\u0259r\u0259fli g\u00f6r\u00fc\u015f birm\u0259nal\u0131 olaraq s\u00fclh sazi\u015finin \u0259ld\u0259 olunmas\u0131 istiqam\u0259tind\u0259 at\u0131lan m\u00fch\u00fcm add\u0131md\u0131r. Regionda geosiyasi maraqlar\u0131 olmayan Birl\u0259\u015fmi\u015f \u018fr\u0259b \u018fmirlikl\u0259rinin \u0259razisind\u0259 g\u00f6r\u00fc\u015f\u00fcn bu formatda ke\u00e7irilm\u0259si s\u00fclh\u00fcn \u0259ld\u0259 olunmas\u0131n\u0131 s\u00fcr\u0259tl\u0259ndir\u0259 d\u0259 bil\u0259r\u201d. Amma Erm\u0259nistanda ke\u00e7iril\u0259c\u0259k parlament se\u00e7kil\u0259rind\u0259n bir ne\u00e7\u0259 ay \u0259vv\u0259l , \u00ab\u00c7\u0259r\u00e7iv\u0259 S\u00fclh Sazi\u015fi\u00bbnin imzalanmas\u0131 il\u0259 \u00a0Erm\u0259nistan\u00a0Z\u0259ng\u0259zur d\u0259hlizinin a\u00e7\u0131lmas\u0131na v\u0259 Minsk qrupunun l\u0259\u011fv olunmas\u0131na raz\u0131l\u0131q ver\u0259c\u0259yi ehtimal olunur. Demarkasiya prosesi is\u0259 daha da s\u00fcr\u0259tl\u0259 davam ed\u0259c\u0259k.\u00a0 \u00a0\u00a0Bel\u0259 ki, \u00a0Nikol Pa\u015finyan\u0131n T\u00fcrkiy\u0259y\u0259 r\u0259smi s\u0259f\u0259rind\u0259n sonra b\u00f6lg\u0259d\u0259\u00a0\u00a0 s\u00fclh sazi\u015finin imzalanmas\u0131 \u00fc\u00e7\u00fcn \u00a0yaranan x\u0259fif \u00fcmidl\u0259r \u018fbu-Dabid\u0259\u00a0 nisb\u0259t\u0259n \u00a0\u00abistil\u0259\u015fdi.\u00bb T\u0259bii ki, \u00a0Erm\u0259nistan\u0131n ba\u015f nazirinin\u00a0 Ankara g\u00f6r\u00fc\u015f\u00fcn\u00fcn \u00a0d\u0259 bu prosesl\u0259r\u0259 aktiv t\u0259sir olub.\u00a0Az\u0259rbaycan\u00a0 bu c\u00fcr \u00a0add\u0131mlarla n\u00fcmayi\u015f etdirir ki, Pa\u015finyandan ba\u015fqa kims\u0259 il\u0259 m\u00fczakir\u0259 aparmaq niyy\u0259ti yoxdur. Bel\u0259likl\u0259, Pa\u015finyan ba\u015f nazir kimi f\u0259aliyy\u0259tini davam etdirdiyi m\u00fcdd\u0259td\u0259 \u00a0qalan probleml\u0259r, o c\u00fcml\u0259d\u0259n Q\u0259rbi Az\u0259rbaycana qay\u0131d\u0131\u015f m\u0259s\u0259l\u0259l\u0259ri\u00a0 daha aktiv m\u00fczakir\u0259l\u0259r yolu il\u0259 h\u0259llini tapacaq. S\u00fclh sazi\u015fi yaln\u0131z\u00a0Az\u0259rbaycan\u00a0t\u0259r\u0259finin b\u00fct\u00fcn t\u0259l\u0259bl\u0259ri yerin\u0259 yetiril\u0259nd\u0259n sonr imzalana bil\u0259r\u201d.<\/p>\n<p>D\u00f6vl\u0259timizin ba\u015f\u00e7\u0131s\u0131 B\u018f\u018f g\u00f6r\u00fc\u015f\u00fc il\u0259 \u00a0t\u0259kc\u0259 Erm\u0259nistana deyil, bu \u00f6lk\u0259nin arxas\u0131nda dayanan beyn\u0259lxalq g\u00fccl\u0259r\u0259 d\u0259\u00a0 haql\u0131 t\u0259r\u0259f oldu\u011funu \u00a0s\u00fcbut etdi.\u00a0 Prezident \u0130lham \u018fliyev siyasi irad\u0259si il\u0259\u00a0 g\u00f6st\u0259rdi ki, \u00a0he\u00e7 bir \u00a0t\u0259r\u0259f Az\u0259rbaycan-Erm\u0259nistan m\u00fcnasib\u0259tl\u0259rin\u0259 m\u00fcdaxil\u0259 ed\u0259,\u00a0 \u00f6z maraqlar\u0131na uy\u011fun \u00abt\u00f6vsiy\u0259\u00bb ver\u0259, istiqam\u0259t g\u00f6st\u0259r\u0259 bilm\u0259z.<\/p>\n<p>\u00dcmumiyy\u0259tl\u0259,\u00a0 C\u0259nubi Qafqazla ba\u011fl\u0131\u00a0\u00a0 m\u0259s\u0259l\u0259l\u0259rd\u0259 d\u0259 regionun qalib d\u00f6vl\u0259ti,\u00a0 regional v\u0259 h\u0259tta qlobal s\u0259viyy\u0259li probleml\u0259rin h\u0259llind\u0259 \u00f6z konstruktiv m\u00f6vqeyi v\u0259 bax\u0131\u015flar\u0131 il\u0259 dig\u0259r d\u00f6vl\u0259tl\u0259r\u0259 \u00a0istiqam\u0259t ver\u0259n\u00a0\u00a0 Az\u0259rbaycan\u0131n r\u0259yi il\u0259 hasabla\u015fmaq laz\u0131md\u0131r. \u00a0Bu g\u00f6r\u00fc\u015fd\u0259 m\u00f6vqel\u0259rin son d\u0259r\u0259c\u0259 yax\u0131nla\u015fmas\u0131 g\u0259l\u0259c\u0259k \u00e7oxsayl\u0131 m\u00fczakir\u0259l\u0259r, daha intensiv dan\u0131\u015f\u0131qlar \u00fc\u00e7\u00fcn\u00a0 etibarl\u0131 z\u0259min formala\u015fd\u0131.<\/p>\n<p><em><strong>Xuraman \u0130smay\u0131lq\u0131z\u0131, &#8220;\u0130ki sahil&#8221;<\/strong><\/em><\/p>\n","protected":false},"excerpt":{"rendered":"<p>\u018fbu-Dabid\u0259n\u00a0erm\u0259ni havadarlar\u0131na mesaj: Az\u0259rbaycan\u0131n r\u0259yi il\u0259 hasabla\u015fmaq laz\u0131md\u0131r 44 g\u00fcn davam ed\u0259n \u0130kinci Qaraba\u011f \u00a0m\u00fcharib\u0259sinin \u00a0xalq\u0131m\u0131za qazand\u0131rd\u0131\u011f\u0131 u\u011furlardan biri d\u0259 \u00a0\u00a0Nax\u00e7\u0131van\u00a0 Muxtar Respublikas\u0131 il\u0259 respublikam\u0131z\u0131n dig\u0259r\u00a0 b\u00f6lg\u0259l\u0259ri aras\u0131nda \u0259laq\u0259l\u0259rin b\u0259rpas\u0131na imkan yaradacaq \u00a0Z\u0259ng\u0259zur d\u0259hlizinin b\u0259rpas\u0131 istiqam\u0259tind\u0259 i\u015fl\u0259rin s\u00fcr\u0259tl\u0259nm\u0259sidir. Prezident \u0130lham \u018fliyev\u00a0 bu yolun a\u00e7\u0131lman\u0131n\u00a0 vacibliyini\u00a0 \u00abDig\u0259r \u00f6n\u0259mli m\u0259s\u0259l\u0259, x\u00fcsusil\u0259 qeyd etm\u0259k ist\u0259yir\u0259m ki, Nax\u00e7\u0131van Muxtar Respublikas\u0131n\u0131n Az\u0259rbaycan\u0131n \u0259sas hiss\u0259si il\u0259 \u0259laq\u0259si bu s\u0259n\u0259dd\u0259 t\u0259sbit edilir. H\u0259m b\u00fct\u00fcn kommunikasiyalar\u0131n, yollar\u0131n a\u00e7\u0131lmas\u0131, eyni zamanda, burada g\u00f6st\u0259rilir ki, yeni n\u0259qliyyat kommunikasiya infrastrukturu yarad\u0131la bil\u0259r v\u0259 yarad\u0131lmal\u0131d\u0131r. Biz bunu \u0259lb\u0259tt\u0259 ki, \u00e7ox d\u0259st\u0259kl\u0259mi\u015fik. Dey\u0259&hellip;<\/p>\n","protected":false},"author":2,"featured_media":816016,"comment_status":"closed","ping_status":"closed","sticky":false,"template":"","format":"standard","meta":{"om_disable_all_campaigns":false,"_monsterinsights_skip_tracking":false,"_monsterinsights_sitenote_active":false,"_monsterinsights_sitenote_note":"","_monsterinsights_sitenote_category":0},"categories":[19],"tags":[],"aioseo_notices":[],"gutentor_comment":0,"rttpg_featured_image_url":{"full":["https:\/\/arantv.az\/wp-content\/uploads\/2025\/07\/4a5876b417525016175873866701018661.jpg",975,540,false],"landscape":["https:\/\/arantv.az\/wp-content\/uploads\/2025\/07\/4a5876b417525016175873866701018661.jpg",975,540,false],"portraits":["https:\/\/arantv.az\/wp-content\/uploads\/2025\/07\/4a5876b417525016175873866701018661.jpg",975,540,false],"thumbnail":["https:\/\/arantv.az\/wp-content\/uploads\/2025\/07\/4a5876b417525016175873866701018661-500x280.jpg",500,280,true],"medium":["https:\/\/arantv.az\/wp-content\/uploads\/2025\/07\/4a5876b417525016175873866701018661-660x365.jpg",660,365,true],"large":["https:\/\/arantv.az\/wp-content\/uploads\/2025\/07\/4a5876b417525016175873866701018661-840x465.jpg",640,354,true],"1536x1536":["https:\/\/arantv.az\/wp-content\/uploads\/2025\/07\/4a5876b417525016175873866701018661.jpg",975,540,false],"2048x2048":["https:\/\/arantv.az\/wp-content\/uploads\/2025\/07\/4a5876b417525016175873866701018661.jpg",975,540,false],"post-thumbnail":["https:\/\/arantv.az\/wp-content\/uploads\/2025\/07\/4a5876b417525016175873866701018661-240x172.jpg",240,172,true],"advps-thumb-one":["https:\/\/arantv.az\/wp-content\/uploads\/2025\/07\/4a5876b417525016175873866701018661.jpg",975,540,false]},"rttpg_author":{"display_name":"V\u00fcsal Rafiqo\u011flu","author_link":"https:\/\/arantv.az\/?author=2"},"rttpg_comment":0,"rttpg_category":"<a href=\"https:\/\/arantv.az\/?cat=19\" rel=\"category\">G\u00fcnd\u0259m<\/a>","rttpg_excerpt":"\u018fbu-Dabid\u0259n\u00a0erm\u0259ni havadarlar\u0131na mesaj: Az\u0259rbaycan\u0131n r\u0259yi il\u0259 hasabla\u015fmaq laz\u0131md\u0131r 44 g\u00fcn davam ed\u0259n \u0130kinci Qaraba\u011f \u00a0m\u00fcharib\u0259sinin \u00a0xalq\u0131m\u0131za qazand\u0131rd\u0131\u011f\u0131 u\u011furlardan biri d\u0259 \u00a0\u00a0Nax\u00e7\u0131van\u00a0 Muxtar Respublikas\u0131 il\u0259 respublikam\u0131z\u0131n dig\u0259r\u00a0 b\u00f6lg\u0259l\u0259ri aras\u0131nda \u0259laq\u0259l\u0259rin b\u0259rpas\u0131na imkan yaradacaq \u00a0Z\u0259ng\u0259zur d\u0259hlizinin b\u0259rpas\u0131 istiqam\u0259tind\u0259 i\u015fl\u0259rin s\u00fcr\u0259tl\u0259nm\u0259sidir. Prezident \u0130lham \u018fliyev\u00a0 bu yolun a\u00e7\u0131lman\u0131n\u00a0 vacibliyini\u00a0 \u00abDig\u0259r \u00f6n\u0259mli m\u0259s\u0259l\u0259, x\u00fcsusil\u0259 qeyd etm\u0259k ist\u0259yir\u0259m ki, Nax\u00e7\u0131van Muxtar&hellip;","_links":{"self":[{"href":"https:\/\/arantv.az\/index.php?rest_route=\/wp\/v2\/posts\/816015"}],"collection":[{"href":"https:\/\/arantv.az\/index.php?rest_route=\/wp\/v2\/posts"}],"about":[{"href":"https:\/\/arantv.az\/index.php?rest_route=\/wp\/v2\/types\/post"}],"author":[{"embeddable":true,"href":"https:\/\/arantv.az\/index.php?rest_route=\/wp\/v2\/users\/2"}],"replies":[{"embeddable":true,"href":"https:\/\/arantv.az\/index.php?rest_route=%2Fwp%2Fv2%2Fcomments&post=816015"}],"version-history":[{"count":2,"href":"https:\/\/arantv.az\/index.php?rest_route=\/wp\/v2\/posts\/816015\/revisions"}],"predecessor-version":[{"id":816018,"href":"https:\/\/arantv.az\/index.php?rest_route=\/wp\/v2\/posts\/816015\/revisions\/816018"}],"wp:featuredmedia":[{"embeddable":true,"href":"https:\/\/arantv.az\/index.php?rest_route=\/wp\/v2\/media\/816016"}],"wp:attachment":[{"href":"https:\/\/arantv.az\/index.php?rest_route=%2Fwp%2Fv2%2Fmedia&parent=816015"}],"wp:term":[{"taxonomy":"category","embeddable":true,"href":"https:\/\/arantv.az\/index.php?rest_route=%2Fwp%2Fv2%2Fcategories&post=816015"},{"taxonomy":"post_tag","embeddable":true,"href":"https:\/\/arantv.az\/index.php?rest_route=%2Fwp%2Fv2%2Ftags&post=816015"}],"curies":[{"name":"wp","href":"https:\/\/api.w.org\/{rel}","templated":true}]}}