{"id":816019,"date":"2025-07-15T07:51:35","date_gmt":"2025-07-15T03:51:35","guid":{"rendered":"https:\/\/arantv.az\/?p=816019"},"modified":"2025-07-15T07:51:35","modified_gmt":"2025-07-15T03:51:35","slug":"sulh%c9%99-aparan-%c9%99n-optimal-yol","status":"publish","type":"post","link":"https:\/\/arantv.az\/?p=816019","title":{"rendered":"S\u00fclh\u0259 aparan \u0259n optimal yol"},"content":{"rendered":"<p>R\u0259smi Bak\u0131 h\u0259mi\u015f\u0259 \u0130r\u0259vanla m\u00fcnasib\u0259tl\u0259rin b\u00f6lg\u0259d\u0259 \u00f6z maraqlar\u0131 olan d\u00f6vl\u0259tl\u0259rin vasit\u0259\u00e7iliyi olmadan normalla\u015fd\u0131r\u0131lmas\u0131n\u0131n t\u0259r\u0259fdar\u0131 kimi \u00e7\u0131x\u0131\u015f edib v\u0259 haz\u0131rda da bu istiqam\u0259td\u0259 f\u0259aliyy\u0259tini davam etdirm\u0259kd\u0259dir. \u0130yulun 10-da Birl\u0259\u015fmi\u015f \u018fr\u0259b \u018fmirlikl\u0259rind\u0259 (B\u018f\u018f) Az\u0259rbaycan Prezidenti \u0130lham \u018fliyev v\u0259 Erm\u0259nistan\u0131n Ba\u015f naziri Nikol Pa\u015finyan aras\u0131nda ke\u00e7iril\u0259n g\u00f6r\u00fc\u015f d\u0259 bunun n\u00f6vb\u0259ti s\u00fcbutudur. Qar\u015f\u0131l\u0131ql\u0131 anla\u015fma ruhunda ke\u00e7\u0259n h\u0259min g\u00f6r\u00fc\u015fd\u0259 s\u00fclh sazi\u015fin\u0259 aparan yollar, y\u0259ni, s\u0259rh\u0259din delimitasiyas\u0131 prosesi, regionun kommunikasiya x\u0259tl\u0259rinin a\u00e7\u0131lmas\u0131 kimi m\u0259s\u0259l\u0259l\u0259r diqq\u0259t m\u0259rk\u0259zind\u0259 olub. Bu g\u00f6r\u00fc\u015f g\u00f6st\u0259rdi ki, art\u0131q Erm\u0259nistan Az\u0259rbaycan\u0131n b\u00f6lg\u0259d\u0259 yaratd\u0131\u011f\u0131 yeni reall\u0131qlar\u0131 q\u0259bul etm\u0259kd\u0259dir. H\u0259m d\u0259 bir daha s\u00fcbut edildi ki, Az\u0259rbaycan-Erm\u0259nistan m\u00fcnasib\u0259tl\u0259rinin t\u0259nziml\u0259nm\u0259si k\u0259nar m\u00fcdaxil\u0259l\u0259r olmadan, qar\u015f\u0131l\u0131ql\u0131 suverenliyin tan\u0131nmas\u0131 v\u0259 beyn\u0259lxalq h\u00fcququn prinsipl\u0259ri \u0259sas\u0131nda m\u00fcmk\u00fcnd\u00fcr. \u00c7\u00fcnki bel\u0259 g\u00f6r\u00fc\u015fl\u0259rd\u0259 bir qayda olaraq h\u0259r hans\u0131 \u00fc\u00e7\u00fcnc\u00fc t\u0259r\u0259fin maraqlar\u0131 deyil, yaln\u0131z region \u00f6lk\u0259l\u0259rinin &#8211; Az\u0259rbaycan\u0131n v\u0259 Erm\u0259nistan\u0131n milli maraqlar\u0131 \u00f6n planda dayan\u0131r. Bu m\u0259nada dem\u0259k olar ki, \u018fbu-Dabi g\u00f6r\u00fc\u015f\u00fcnd\u0259 s\u00fclh dan\u0131\u015f\u0131qlar\u0131 format\u0131n\u0131n t\u0259nt\u0259n\u0259si ya\u015fand\u0131. \u015e\u00fcbh\u0259siz, bu da \u00f6lk\u0259mizin m\u00fcst\u0259qil siyas\u0259t y\u00fcr\u00fctm\u0259sind\u0259n, konseptual diplomatiya kursunu se\u00e7m\u0259sind\u0259n ir\u0259li g\u0259lir. B\u00fct\u00fcn bunlar is\u0259 Prezident \u0130lham \u018fliyevin q\u0259tiyy\u0259tli siyas\u0259ti n\u0259tic\u0259sind\u0259 reall\u0131\u011fa \u00e7evrilib. Az\u0259rbaycan Respublikas\u0131n\u0131n Xarici \u0130\u015fl\u0259r Nazirliyi t\u0259r\u0259find\u0259n g\u00f6r\u00fc\u015f\u00fcn yekunlar\u0131na dair yay\u0131lan b\u0259yanatda qeyd olundu\u011fu kimi, bu, ikit\u0259r\u0259fli formatda dan\u0131\u015f\u0131qlar normalla\u015fma prosesi il\u0259 ba\u011fl\u0131 b\u00fct\u00fcn m\u0259s\u0259l\u0259l\u0259rin h\u0259lli \u00fc\u00e7\u00fcn \u0259n s\u0259m\u0259r\u0259li yoldur. Az\u0259rbaycan \u00f6z siyasi irad\u0259si, diplomatik t\u0259\u015f\u0259bb\u00fcskarl\u0131\u011f\u0131 v\u0259 prinsipial m\u00f6vqeyi il\u0259 regionda s\u00fclh\u00fcn \u0259sas apar\u0131c\u0131 q\u00fcvv\u0259sin\u0259 \u00e7evrilib.<\/p>\n<p>Xat\u0131rladaq ki, Az\u0259rbaycan v\u0259 Erm\u0259nistan aras\u0131nda h\u0259llini g\u00f6zl\u0259y\u0259n m\u0259s\u0259l\u0259l\u0259rd\u0259 m\u00fcdaxil\u0259\u00e7i siyas\u0259t h\u0259mi\u015f\u0259 \u0259ks n\u0259tic\u0259l\u0259r verib. 2023-c\u00fc il dekabr\u0131n 7-d\u0259 Az\u0259rbaycan Respublikas\u0131 Prezidentinin Administrasiyas\u0131 v\u0259 Erm\u0259nistan Respublikas\u0131 Ba\u015f nazirinin Aparat\u0131 aras\u0131nda he\u00e7 bir vasit\u0259\u00e7i olmadan apar\u0131lm\u0131\u015f dan\u0131\u015f\u0131qlar n\u0259tic\u0259sind\u0259 iki \u00f6lk\u0259 aras\u0131nda etimad quruculu\u011fu istiqam\u0259tind\u0259 ciddi add\u0131mlar\u0131n at\u0131lmas\u0131na dair raz\u0131l\u0131q \u0259ld\u0259 olunub. Humanizm d\u0259y\u0259rl\u0259rini r\u0259hb\u0259r tutaraq v\u0259 xo\u015fm\u0259raml\u0131 add\u0131m olaraq, Az\u0259rbaycan 32 erm\u0259ni h\u0259rb\u00e7ini, Erm\u0259nistan is\u0259 2 az\u0259rbaycanl\u0131 h\u0259rb\u00e7ini azad edib. Daha sonra Qazax rayonunun erm\u0259ni i\u015f\u011fal\u0131 alt\u0131nda olan 4 k\u0259ndi (Ba\u011fan\u0131s Ayr\u0131m, A\u015fa\u011f\u0131 \u018fskipara, Xeyr\u0131ml\u0131 v\u0259 Q\u0131z\u0131lhac\u0131l\u0131) Az\u0259rbaycana qaytar\u0131l\u0131b. Erm\u0259nistan BMT-nin \u0130qlim D\u0259yi\u015f\u00adikliyi \u00fczr\u0259 \u00c7\u0259r\u00e7iv\u0259 Konvensiyas\u0131n\u0131n T\u0259r\u0259fl\u0259r Konfrans\u0131n\u0131n 29-cu sessiyas\u0131na (COP29) ev sahibliyin\u0259 \u00f6z namiz\u0259dli\u00adyini geri g\u00f6t\u00fcr\u00fcb v\u0259 Az\u0259rbaycan\u0131n na\u00admiz\u0259dliyini d\u0259st\u0259kl\u0259yib. \u00dcst\u0259lik, iki \u00f6lk\u0259 aras\u0131nda s\u0259rh\u0259dl\u0259rin delimitasiyas\u0131 v\u0259 demarkasiyas\u0131 istiqam\u0259tind\u0259 ikili t\u0259maslar m\u00fcst\u0259visind\u0259 m\u00fc\u0259yy\u0259n n\u0259tic\u0259l\u0259r \u0259ld\u0259 edilib. H\u0259tta 12 kilometrd\u0259n art\u0131q s\u0259rh\u0259d x\u0259tti n\u0259inki delimitasiya olunub, h\u0259tta demarkasiyas\u0131 h\u0259yata ke\u00e7irilib. B\u00fct\u00fcn bunlar daha daha s\u00fcbut edir ki, b\u00f6lg\u0259d\u0259 asayi\u015fin b\u0259rpa olunmas\u0131nda, h\u0259m\u00e7inin s\u00fclh\u0259 nail olmaqda ikit\u0259r\u0259fli dan\u0131\u015f\u0131qlar \u0259n s\u0259m\u0259r\u0259li yoldur.<\/p>\n<p><img src=\"https:\/\/ikisahil.az\/upload\/\/2025\/07\/14\/\/-d958e1f1175250136265704596610271795.jpg\" alt=\"\" \/><\/p>\n<p>Milli M\u0259clisin deputat\u0131\u00a0<strong>Tural G\u0259nc\u0259liyev<\/strong>\u00a0m\u00f6vzu il\u0259 ba\u011fl\u0131\u00a0<strong>\u201c\u0130ki sahil\u201d<\/strong>\u00a0q\u0259zetin\u0259 a\u00e7\u0131qlamas\u0131nda bildirdi ki, biz h\u0259r zaman s\u00fclh dan\u0131\u015f\u0131qlar\u0131na v\u0259 bunun iki \u00f6lk\u0259 aras\u0131nda birba\u015fa, vasit\u0259\u00e7il\u0259rsiz apar\u0131lmas\u0131n\u0131n daha u\u011furlu format oldu\u011funa inanm\u0131\u015f\u0131q: \u201cB\u0259ri ba\u015fdan deyim ki, Prezident \u0130lham \u018fliyev h\u0259r zaman m\u0259hz bel\u0259 bir formatda \u2013 vasit\u0259\u00e7il\u0259rsiz v\u0259 ikit\u0259r\u0259fli dan\u0131\u015f\u0131qlar\u0131n t\u0259r\u0259fdar\u0131 olub v\u0259 bu istiqam\u0259td\u0259 t\u0259\u015f\u0259bb\u00fcsl\u0259rl\u0259 \u00e7\u0131x\u0131\u015f edib. S\u00fclh dan\u0131\u015f\u0131qlar\u0131 uzun ill\u0259r AB\u015e, Avropa \u0130ttifaq\u0131 v\u0259 Rusiya kimi \u00fc\u00e7\u00fcnc\u00fc t\u0259r\u0259fl\u0259rin vasit\u0259\u00e7iliyi il\u0259 apar\u0131lsa da, bu zaman onlar\u0131n proses\u0259 \u00f6z maraqlar\u0131n\u0131 daxil etm\u0259si m\u00fc\u015fahid\u0259 olunurdu. Hesab edir\u0259m ki, vasit\u0259\u00e7il\u0259rin i\u015ftirak\u0131 olmadan ke\u00e7iril\u0259n bu g\u00f6r\u00fc\u015f yekun s\u00fclh sazi\u015finin imzalanmas\u0131na aparan s\u0259m\u0259r\u0259li bir yolun ba\u015flan\u011f\u0131c\u0131d\u0131r. Eyni zamanda, bu tarixi g\u00f6r\u00fc\u015f bir daha d\u00fcnyaya g\u00f6st\u0259rdi ki, ikit\u0259r\u0259fli format s\u00fclh \u00fc\u00e7\u00fcn \u0259n u\u011furlu modeldir. Bu m\u0259nada dem\u0259k olar ki, s\u00fclh\u0259 aparan \u0259n u\u011furlu yol vasit\u0259\u00e7il\u0259rsiz, t\u0259kb\u0259t\u0259k formatl\u0131 dan\u0131\u015f\u0131qlard\u0131r\u201d.<\/p>\n<p>M\u00fcsahibimiz, h\u0259m\u00e7inin vur\u011fulad\u0131 ki, bu ilin mart\u0131nda Az\u0259rbaycanla Erm\u0259nistan aras\u0131nda s\u00fclh sazi\u015finin m\u0259tni \u00fczr\u0259 dan\u0131\u015f\u0131qlar yekunla\u015f\u0131b: \u201cAmma h\u0259l\u0259 d\u0259 Az\u0259rbaycan\u0131n \u0259razi b\u00fct\u00f6vl\u00fcy\u00fcn\u0259 olan iddialar Erm\u0259nistan konstitusiyas\u0131ndan \u00e7\u0131xar\u0131lmay\u0131b, o c\u00fcml\u0259d\u0259n uzun ill\u0259r iflic v\u0259ziyy\u0259tind\u0259 olan Minsk qrupu l\u0259\u011fv edilm\u0259yib. Halbuki, Az\u0259rbaycana qar\u015f\u0131 \u0259razi iddialar\u0131n\u0131n \u0259ks olundu\u011fu Erm\u0259nistan konstitusiyas\u0131n\u0131n d\u0259yi\u015fdirilm\u0259si, eyni zamanda, Minsk qrupunun burax\u0131lmas\u0131 regionda dayan\u0131ql\u0131 s\u00fclh\u00fcn \u0259ld\u0259 olunmas\u0131 \u00fc\u00e7\u00fcn ba\u015fl\u0131ca \u015f\u0259rtl\u0259rdir. \u015e\u00fcbh\u0259siz, bu g\u00f6r\u00fc\u015f onlar\u0131n da h\u0259llin\u0259 vasit\u0259\u00e7i olacaq\u201d.<\/p>\n<p><em><strong>Qvami M\u0259h\u0259bb\u0259to\u011flu, \u201c\u0130ki sahil\u201d<\/strong><\/em><\/p>\n","protected":false},"excerpt":{"rendered":"<p>R\u0259smi Bak\u0131 h\u0259mi\u015f\u0259 \u0130r\u0259vanla m\u00fcnasib\u0259tl\u0259rin b\u00f6lg\u0259d\u0259 \u00f6z maraqlar\u0131 olan d\u00f6vl\u0259tl\u0259rin vasit\u0259\u00e7iliyi olmadan normalla\u015fd\u0131r\u0131lmas\u0131n\u0131n t\u0259r\u0259fdar\u0131 kimi \u00e7\u0131x\u0131\u015f edib v\u0259 haz\u0131rda da bu istiqam\u0259td\u0259 f\u0259aliyy\u0259tini davam etdirm\u0259kd\u0259dir. \u0130yulun 10-da Birl\u0259\u015fmi\u015f \u018fr\u0259b \u018fmirlikl\u0259rind\u0259 (B\u018f\u018f) Az\u0259rbaycan Prezidenti \u0130lham \u018fliyev v\u0259 Erm\u0259nistan\u0131n Ba\u015f naziri Nikol Pa\u015finyan aras\u0131nda ke\u00e7iril\u0259n g\u00f6r\u00fc\u015f d\u0259 bunun n\u00f6vb\u0259ti s\u00fcbutudur. Qar\u015f\u0131l\u0131ql\u0131 anla\u015fma ruhunda ke\u00e7\u0259n h\u0259min g\u00f6r\u00fc\u015fd\u0259 s\u00fclh sazi\u015fin\u0259 aparan yollar, y\u0259ni, s\u0259rh\u0259din delimitasiyas\u0131 prosesi, regionun kommunikasiya x\u0259tl\u0259rinin a\u00e7\u0131lmas\u0131 kimi m\u0259s\u0259l\u0259l\u0259r diqq\u0259t m\u0259rk\u0259zind\u0259 olub. Bu g\u00f6r\u00fc\u015f g\u00f6st\u0259rdi ki, art\u0131q Erm\u0259nistan Az\u0259rbaycan\u0131n b\u00f6lg\u0259d\u0259 yaratd\u0131\u011f\u0131 yeni reall\u0131qlar\u0131 q\u0259bul etm\u0259kd\u0259dir. H\u0259m d\u0259 bir daha s\u00fcbut edildi&hellip;<\/p>\n","protected":false},"author":2,"featured_media":816020,"comment_status":"closed","ping_status":"closed","sticky":false,"template":"","format":"standard","meta":{"om_disable_all_campaigns":false,"_monsterinsights_skip_tracking":false,"_monsterinsights_sitenote_active":false,"_monsterinsights_sitenote_note":"","_monsterinsights_sitenote_category":0},"categories":[19],"tags":[],"aioseo_notices":[],"gutentor_comment":0,"rttpg_featured_image_url":{"full":["https:\/\/arantv.az\/wp-content\/uploads\/2025\/07\/0fe9736d173954422852959845010313949.jpg",975,540,false],"landscape":["https:\/\/arantv.az\/wp-content\/uploads\/2025\/07\/0fe9736d173954422852959845010313949.jpg",975,540,false],"portraits":["https:\/\/arantv.az\/wp-content\/uploads\/2025\/07\/0fe9736d173954422852959845010313949.jpg",975,540,false],"thumbnail":["https:\/\/arantv.az\/wp-content\/uploads\/2025\/07\/0fe9736d173954422852959845010313949-500x280.jpg",500,280,true],"medium":["https:\/\/arantv.az\/wp-content\/uploads\/2025\/07\/0fe9736d173954422852959845010313949-660x365.jpg",660,365,true],"large":["https:\/\/arantv.az\/wp-content\/uploads\/2025\/07\/0fe9736d173954422852959845010313949-840x465.jpg",640,354,true],"1536x1536":["https:\/\/arantv.az\/wp-content\/uploads\/2025\/07\/0fe9736d173954422852959845010313949.jpg",975,540,false],"2048x2048":["https:\/\/arantv.az\/wp-content\/uploads\/2025\/07\/0fe9736d173954422852959845010313949.jpg",975,540,false],"post-thumbnail":["https:\/\/arantv.az\/wp-content\/uploads\/2025\/07\/0fe9736d173954422852959845010313949-240x172.jpg",240,172,true],"advps-thumb-one":["https:\/\/arantv.az\/wp-content\/uploads\/2025\/07\/0fe9736d173954422852959845010313949.jpg",975,540,false]},"rttpg_author":{"display_name":"V\u00fcsal Rafiqo\u011flu","author_link":"https:\/\/arantv.az\/?author=2"},"rttpg_comment":0,"rttpg_category":"<a href=\"https:\/\/arantv.az\/?cat=19\" rel=\"category\">G\u00fcnd\u0259m<\/a>","rttpg_excerpt":"R\u0259smi Bak\u0131 h\u0259mi\u015f\u0259 \u0130r\u0259vanla m\u00fcnasib\u0259tl\u0259rin b\u00f6lg\u0259d\u0259 \u00f6z maraqlar\u0131 olan d\u00f6vl\u0259tl\u0259rin vasit\u0259\u00e7iliyi olmadan normalla\u015fd\u0131r\u0131lmas\u0131n\u0131n t\u0259r\u0259fdar\u0131 kimi \u00e7\u0131x\u0131\u015f edib v\u0259 haz\u0131rda da bu istiqam\u0259td\u0259 f\u0259aliyy\u0259tini davam etdirm\u0259kd\u0259dir. \u0130yulun 10-da Birl\u0259\u015fmi\u015f \u018fr\u0259b \u018fmirlikl\u0259rind\u0259 (B\u018f\u018f) Az\u0259rbaycan Prezidenti \u0130lham \u018fliyev v\u0259 Erm\u0259nistan\u0131n Ba\u015f naziri Nikol Pa\u015finyan aras\u0131nda ke\u00e7iril\u0259n g\u00f6r\u00fc\u015f d\u0259 bunun n\u00f6vb\u0259ti s\u00fcbutudur. Qar\u015f\u0131l\u0131ql\u0131 anla\u015fma ruhunda ke\u00e7\u0259n h\u0259min g\u00f6r\u00fc\u015fd\u0259 s\u00fclh&hellip;","_links":{"self":[{"href":"https:\/\/arantv.az\/index.php?rest_route=\/wp\/v2\/posts\/816019"}],"collection":[{"href":"https:\/\/arantv.az\/index.php?rest_route=\/wp\/v2\/posts"}],"about":[{"href":"https:\/\/arantv.az\/index.php?rest_route=\/wp\/v2\/types\/post"}],"author":[{"embeddable":true,"href":"https:\/\/arantv.az\/index.php?rest_route=\/wp\/v2\/users\/2"}],"replies":[{"embeddable":true,"href":"https:\/\/arantv.az\/index.php?rest_route=%2Fwp%2Fv2%2Fcomments&post=816019"}],"version-history":[{"count":1,"href":"https:\/\/arantv.az\/index.php?rest_route=\/wp\/v2\/posts\/816019\/revisions"}],"predecessor-version":[{"id":816021,"href":"https:\/\/arantv.az\/index.php?rest_route=\/wp\/v2\/posts\/816019\/revisions\/816021"}],"wp:featuredmedia":[{"embeddable":true,"href":"https:\/\/arantv.az\/index.php?rest_route=\/wp\/v2\/media\/816020"}],"wp:attachment":[{"href":"https:\/\/arantv.az\/index.php?rest_route=%2Fwp%2Fv2%2Fmedia&parent=816019"}],"wp:term":[{"taxonomy":"category","embeddable":true,"href":"https:\/\/arantv.az\/index.php?rest_route=%2Fwp%2Fv2%2Fcategories&post=816019"},{"taxonomy":"post_tag","embeddable":true,"href":"https:\/\/arantv.az\/index.php?rest_route=%2Fwp%2Fv2%2Ftags&post=816019"}],"curies":[{"name":"wp","href":"https:\/\/api.w.org\/{rel}","templated":true}]}}