{"id":816026,"date":"2025-07-15T08:50:35","date_gmt":"2025-07-15T04:50:35","guid":{"rendered":"https:\/\/arantv.az\/?p=816026"},"modified":"2025-07-15T08:50:35","modified_gmt":"2025-07-15T04:50:35","slug":"z%c9%99ng%c9%99zurla-bagli-yeni-sensasiya-az%c9%99rbaycan-razilassa","status":"publish","type":"post","link":"https:\/\/arantv.az\/?p=816026","title":{"rendered":"Z\u0259ng\u0259zurla ba\u011fl\u0131 yeni sensasiya &#8211; Az\u0259rbaycan raz\u0131la\u015fsa&#8230;"},"content":{"rendered":"<h3><strong>D\u0259hliz\u0259 n\u0259zar\u0259t u\u011frunda g\u00fcc m\u0259rk\u0259zl\u0259rinin m\u00fcbariz\u0259si s\u0259rtl\u0259\u015fir; bu d\u00fcy\u00fcn nec\u0259 \u00e7\u00f6z\u00fcl\u0259c\u0259k? &#8211; \u015f\u0259rh<\/strong><\/h3>\n<p><strong>\u201cTramp Nobel m\u00fckafat\u0131 almaq ist\u0259yir v\u0259 bunun \u00fc\u00e7\u00fcn m\u00fc\u0259yy\u0259n s\u00fclh olmal\u0131d\u0131r. 12 g\u00fcnl\u00fck \u0130ran-\u0130srail m\u00fcharib\u0259si bir yana, Rusiya-Ukrayna m\u00fcharib\u0259si il\u0259 ba\u011fl\u0131 Tramp he\u00e7 n\u0259y\u0259 nail ola bilm\u0259di. D\u00f6vl\u0259t katibi Rubio il\u0259 g\u00f6r\u00fc\u015f\u00fcnd\u0259 is\u0259 o, Erm\u0259nistan-Az\u0259rbaycan probleminin s\u00fclh m\u00fcqavil\u0259si yolu il\u0259 h\u0259llin\u0259 \u0259saslar\u0131n oldu\u011funu bildirdi\u201d. Bu s\u00f6zl\u0259ri erm\u0259ni politoloq Stepan Danielyan deyib.<\/strong><\/p>\n<p>Z\u0259ng\u0259zur d\u0259hlizind\u0259n v\u0259 bu m\u0259s\u0259l\u0259d\u0259 AB\u015e-\u0131n rolundan dan\u0131\u015fan Danielyan ard\u0131nca qeyd edib: \u201c\u00c7oxlar\u0131 S\u00fcnik yolunu (Z\u0259ng\u0259zur d\u0259hlizi &#8211; red.) S\u00fcvey\u015f kanal\u0131 il\u0259 m\u00fcqayis\u0259 edir. Y\u0259ni o, hans\u0131sa fundamental yola \u00e7evril\u0259 bil\u0259r v\u0259 b\u00f6y\u00fck d\u00f6vriyy\u0259y\u0259 malikdir. Ayd\u0131nd\u0131r ki, s\u00f6hb\u0259t \u00c7ind\u0259n gedir. AB\u015e-\u0131n siyas\u0259ti is\u0259 \u00c7inin b\u00fct\u00fcn m\u00fcmk\u00fcn yollar\u0131n\u0131 ba\u011flamaqd\u0131r. \u00c7in yeni yollar tikir. Onlardan biri Pakistandan ke\u00e7\u0259r\u0259k \u0130rana uzan\u0131r. Pekin ora k\u00fclli miqdarda pul yat\u0131r\u0131b v\u0259 yeni d\u0259mir yolu \u00e7\u0259kir, tikinti art\u0131q ba\u015flay\u0131b. Yol Q\u0131r\u011f\u0131z\u0131stana, \u00d6zb\u0259kistana, T\u00fcrkm\u0259nistana gedir, oradan da \u015fax\u0259l\u0259nm\u0259y\u0259 ba\u015flamal\u0131, biri \u0130randan ke\u00e7\u0259r\u0259k B\u0259nd\u0259rabas liman\u0131na, dig\u0259ri T\u00fcrkm\u0259nistan liman\u0131na ged\u0259c\u0259k, bundan sonra Bak\u0131ya v\u0259 S\u00fcnik (Z\u0259ng\u0259zur) d\u0259hlizi il\u0259 davam etm\u0259lidir\u201d.<\/p>\n<p>Erm\u0259ni politoloq daha sonra vur\u011fulay\u0131r ki, Az\u0259rbaycan\u0131n \u00c7inl\u0259 strateji \u0259laq\u0259l\u0259ri var, G\u00fcrc\u00fcstan\u0131n da analoji sazi\u015fi var, Erm\u0259nistan\u0131n is\u0259 yoxdur: \u201c\u018fg\u0259r bu yol S\u00fcnikd\u0259n (Q\u0259rbi Z\u0259ng\u0259zur &#8211; red.) ke\u00e7\u0259rs\u0259, Az\u0259rbaycan\u0131n ona n\u0259zar\u0259t etm\u0259si laz\u0131m g\u0259l\u0259c\u0259k. Bak\u0131 deyir: m\u0259n m\u00fcharib\u0259d\u0259 qalib g\u0259lmi\u015f\u0259m, bu yol m\u0259nim olsun. Bak\u0131n\u0131n Rusiya v\u0259 \u0130ranla m\u00fcnasib\u0259tl\u0259rinin g\u0259rginl\u0259\u015fdiyi vaxtda AB\u015e f\u00fcrs\u0259td\u0259n istifad\u0259 edir. Az\u0259rbaycan\u0131n Rusiya-Ukrayna m\u00fcharib\u0259sinin bit\u0259c\u0259yi s\u0259b\u0259bil\u0259 \u00e7ox az vaxt\u0131 var. Haz\u0131rda f\u00fcrs\u0259t p\u0259nc\u0259r\u0259si a\u00e7\u0131l\u0131b v\u0259 o \u00fczd\u0259n Bak\u0131 yolun AB\u015e-\u0131n n\u0259zar\u0259tind\u0259 olmas\u0131na raz\u0131l\u0131q ver\u0259 bil\u0259r. Bel\u0259 olan halda is\u0259 AB\u015e ist\u0259diyi vaxt yolu a\u00e7\u0131b ba\u011flaya bil\u0259c\u0259k\u201d.<\/p>\n<p><strong>Erm\u0259ni ekspert n\u0259 d\u0259r\u0259c\u0259d\u0259 haql\u0131? Do\u011frudanm\u0131 d\u0259hlizin t\u0259hl\u00fck\u0259sizliyi AB\u015e-a tap\u015f\u0131r\u0131lsa, o \u00f6z maraqlar\u0131 namin\u0259 ist\u0259diyi vaxt yolu a\u00e7\u0131b-ba\u011flaya bil\u0259r?<\/strong><\/p>\n<p><strong><img src=\"https:\/\/azpost.info\/wp-content\/uploads\/2025\/04\/1-6-103.jpg\" alt=\"M\u00fct\u0259llim R\u0259himli: &quot;M\u0259ni \u00fczv\u00fcl\u00fckd\u0259n \u00e7\u0131xara bilm\u0259zl\u0259r&quot; - AzPost.info\" \/><\/strong><\/p>\n<p><strong>M\u00fct\u0259llim R\u0259himli<\/strong><\/p>\n<p><strong>\u018fdal\u0259t Partiyas\u0131n\u0131n s\u0259dri M\u00fct\u0259llim R\u0259himli \u201cYeni M\u00fcsavat\u201da bildirdi ki, Z\u0259ng\u0259zur d\u0259hlizinin a\u00e7\u0131lmas\u0131 Az\u0259rbaycan-Erm\u0259nistan s\u00fclh dan\u0131\u015f\u0131qlar\u0131n\u0131n predmetind\u0259n \u00e7\u0131xar\u0131lsa da, g\u00f6r\u00fcn\u00fcr, onu bu prosesd\u0259 n\u0259z\u0259r\u0259 almamaq m\u00fcmk\u00fcn deyil:<\/strong>\u00a0\u201c\u018fslind\u0259 bel\u0259 bir g\u00f6r\u00fcnt\u00fc yaran\u0131b ki, Z\u0259ng\u0259zur d\u0259hlizi il\u0259 ba\u011fl\u0131 a\u00e7\u0131q qalan m\u0259s\u0259l\u0259l\u0259r iki \u00f6lk\u0259 aras\u0131nda s\u00fclh m\u00fcqavil\u0259sinin imzalanmas\u0131na mane olur. Haz\u0131rda d\u0259hliz\u0259 n\u0259zar\u0259t u\u011frunda bir m\u00fcbariz\u0259 gedir. Rusiya, \u0130ran, AB\u015e, Fransa v\u0259 onun timsal\u0131nda Avropa \u0130ttifaq\u0131 g\u00fcz\u0259\u015ftsiz m\u00f6vqe s\u0259rgil\u0259m\u0259kd\u0259dir. Z\u0259ng\u0259zur d\u0259hlizind\u0259 \u00c7inin d\u0259 b\u00f6y\u00fck mara\u011f\u0131 var. Bizim \u00fc\u00e7\u00fcn Z\u0259ng\u0259zur d\u0259hlizinin a\u00e7\u0131lmas\u0131 v\u0259 Az\u0259rbaycana x\u00fcsusi status verilm\u0259si maraql\u0131d\u0131r. \u00c7\u00fcnki Nax\u00e7\u0131vanla mane\u0259siz \u0259laq\u0259l\u0259rin yarad\u0131lmas\u0131 bu d\u0259hliz vasit\u0259sil\u0259 h\u0259yata ke\u00e7iril\u0259c\u0259k\u201d. Onun fikrinc\u0259, AB\u015e Z\u0259ng\u0259zur d\u0259hlizi \u00fcz\u0259rind\u0259 Karnegi Fondunun n\u0259zar\u0259t etm\u0259sini t\u0259klif edir: \u201cRusiya is\u0259 8 noyabr 2020-ci il raz\u0131la\u015fmas\u0131na \u0259sas\u0259n d\u0259hliz uz\u0259rind\u0259 yaln\u0131z \u00f6z\u00fcn\u00fcn n\u0259zar\u0259t etm\u0259li oldu\u011funu bildirir. \u0130ran is\u0259 \u00fcmumiyy\u0259tl\u0259 bu d\u0259hliz\u0259 beyn\u0259lxalq status verilm\u0259sinin \u0259leyhin\u0259dir. Avropa \u0130ttifaq\u0131 Z\u0259ng\u0259zur d\u0259hlizin\u0259 \u00f6z\u00fcn\u00fcn enerji t\u0259hl\u00fck\u0259sizliyinin bir hiss\u0259si kimi baxd\u0131\u011f\u0131ndan, onun uz\u0259rind\u0259 n\u0259zar\u0259t h\u00fcququnu itirm\u0259k niyy\u0259tind\u0259 deyil. Bel\u0259 m\u00fcr\u0259kk\u0259b bir situasiyada &#8220;f\u00fcrs\u0259t p\u0259nc\u0259r\u0259si&#8221; a\u00e7\u0131lmas\u0131ndan dan\u0131\u015fmaq tezdir&#8221;.<\/p>\n<p><strong>M.R\u0259himlinin s\u00f6zl\u0259rin\u0259 g\u00f6r\u0259, Erm\u0259nistan\u0131n is\u0259 imkan\u0131 var ki, he\u00e7 olmasa d\u00f6vl\u0259t\u00e7ilik tarixind\u0259 bir d\u0259f\u0259 d\u0259 olsa irad\u0259 n\u00fcmayi\u015f etdirsin:<\/strong>\u00a0\u201cZ\u0259ng\u0259zur d\u0259hlizi onun \u0259razisind\u0259n ke\u00e7diyin\u0259 g\u00f6r\u0259, s\u00f6z sahibi oldu\u011fundan q\u0259ti q\u0259rar verm\u0259k d\u0259 Erm\u0259nistan\u0131n \u00fcz\u0259rin\u0259 d\u00fc\u015f\u00fcr. Erm\u0259nistan d\u0259hliz \u00fcz\u0259rind\u0259 n\u0259zar\u0259ti \u00f6z \u0259lin\u0259 almal\u0131 v\u0259 regiona k\u0259nar q\u00fcvv\u0259l\u0259ri c\u0259lb etm\u0259m\u0259lidir. T\u0259\u0259ss\u00fcf ki, Erm\u0259nistan yen\u0259 d\u0259 \u0259n\u0259n\u0259sin\u0259 sadiq qalaraq kimins\u0259 forpostu rolunu ifa etm\u0259kd\u0259n imtina ed\u0259 bilmir. Bu is\u0259 regiona sabitlik v\u0259 s\u00fclh v\u0259d etmir\u201d.<\/p>\n<p><strong>Etibar SEY\u0130DA\u011eA,<\/strong><br \/>\n<strong>\u201cYeni M\u00fcsavat\u201d<\/strong><\/p>\n<p><strong>\u00a0<\/strong><\/p>\n","protected":false},"excerpt":{"rendered":"<p>D\u0259hliz\u0259 n\u0259zar\u0259t u\u011frunda g\u00fcc m\u0259rk\u0259zl\u0259rinin m\u00fcbariz\u0259si s\u0259rtl\u0259\u015fir; bu d\u00fcy\u00fcn nec\u0259 \u00e7\u00f6z\u00fcl\u0259c\u0259k? &#8211; \u015f\u0259rh \u201cTramp Nobel m\u00fckafat\u0131 almaq ist\u0259yir v\u0259 bunun \u00fc\u00e7\u00fcn m\u00fc\u0259yy\u0259n s\u00fclh olmal\u0131d\u0131r. 12 g\u00fcnl\u00fck \u0130ran-\u0130srail m\u00fcharib\u0259si bir yana, Rusiya-Ukrayna m\u00fcharib\u0259si il\u0259 ba\u011fl\u0131 Tramp he\u00e7 n\u0259y\u0259 nail ola bilm\u0259di. D\u00f6vl\u0259t katibi Rubio il\u0259 g\u00f6r\u00fc\u015f\u00fcnd\u0259 is\u0259 o, Erm\u0259nistan-Az\u0259rbaycan probleminin s\u00fclh m\u00fcqavil\u0259si yolu il\u0259 h\u0259llin\u0259 \u0259saslar\u0131n oldu\u011funu bildirdi\u201d. Bu s\u00f6zl\u0259ri erm\u0259ni politoloq Stepan Danielyan deyib. Z\u0259ng\u0259zur d\u0259hlizind\u0259n v\u0259 bu m\u0259s\u0259l\u0259d\u0259 AB\u015e-\u0131n rolundan dan\u0131\u015fan Danielyan ard\u0131nca qeyd edib: \u201c\u00c7oxlar\u0131 S\u00fcnik yolunu (Z\u0259ng\u0259zur d\u0259hlizi &#8211; red.) S\u00fcvey\u015f kanal\u0131 il\u0259 m\u00fcqayis\u0259 edir. Y\u0259ni o,&hellip;<\/p>\n","protected":false},"author":2,"featured_media":816027,"comment_status":"closed","ping_status":"closed","sticky":false,"template":"","format":"standard","meta":{"om_disable_all_campaigns":false,"_monsterinsights_skip_tracking":false,"_monsterinsights_sitenote_active":false,"_monsterinsights_sitenote_note":"","_monsterinsights_sitenote_category":0},"categories":[4],"tags":[],"aioseo_notices":[],"gutentor_comment":0,"rttpg_featured_image_url":{"full":["https:\/\/arantv.az\/wp-content\/uploads\/2025\/07\/47166a650a2db21327175f201eb785c1.jpg",870,500,false],"landscape":["https:\/\/arantv.az\/wp-content\/uploads\/2025\/07\/47166a650a2db21327175f201eb785c1.jpg",870,500,false],"portraits":["https:\/\/arantv.az\/wp-content\/uploads\/2025\/07\/47166a650a2db21327175f201eb785c1.jpg",870,500,false],"thumbnail":["https:\/\/arantv.az\/wp-content\/uploads\/2025\/07\/47166a650a2db21327175f201eb785c1-500x280.jpg",500,280,true],"medium":["https:\/\/arantv.az\/wp-content\/uploads\/2025\/07\/47166a650a2db21327175f201eb785c1-635x365.jpg",635,365,true],"large":["https:\/\/arantv.az\/wp-content\/uploads\/2025\/07\/47166a650a2db21327175f201eb785c1-840x483.jpg",640,368,true],"1536x1536":["https:\/\/arantv.az\/wp-content\/uploads\/2025\/07\/47166a650a2db21327175f201eb785c1.jpg",870,500,false],"2048x2048":["https:\/\/arantv.az\/wp-content\/uploads\/2025\/07\/47166a650a2db21327175f201eb785c1.jpg",870,500,false],"post-thumbnail":["https:\/\/arantv.az\/wp-content\/uploads\/2025\/07\/47166a650a2db21327175f201eb785c1-240x172.jpg",240,172,true],"advps-thumb-one":["https:\/\/arantv.az\/wp-content\/uploads\/2025\/07\/47166a650a2db21327175f201eb785c1.jpg",870,500,false]},"rttpg_author":{"display_name":"V\u00fcsal Rafiqo\u011flu","author_link":"https:\/\/arantv.az\/?author=2"},"rttpg_comment":0,"rttpg_category":"<a href=\"https:\/\/arantv.az\/?cat=4\" rel=\"category\">Siyas\u0259t<\/a>","rttpg_excerpt":"D\u0259hliz\u0259 n\u0259zar\u0259t u\u011frunda g\u00fcc m\u0259rk\u0259zl\u0259rinin m\u00fcbariz\u0259si s\u0259rtl\u0259\u015fir; bu d\u00fcy\u00fcn nec\u0259 \u00e7\u00f6z\u00fcl\u0259c\u0259k? &#8211; \u015f\u0259rh \u201cTramp Nobel m\u00fckafat\u0131 almaq ist\u0259yir v\u0259 bunun \u00fc\u00e7\u00fcn m\u00fc\u0259yy\u0259n s\u00fclh olmal\u0131d\u0131r. 12 g\u00fcnl\u00fck \u0130ran-\u0130srail m\u00fcharib\u0259si bir yana, Rusiya-Ukrayna m\u00fcharib\u0259si il\u0259 ba\u011fl\u0131 Tramp he\u00e7 n\u0259y\u0259 nail ola bilm\u0259di. D\u00f6vl\u0259t katibi Rubio il\u0259 g\u00f6r\u00fc\u015f\u00fcnd\u0259 is\u0259 o, Erm\u0259nistan-Az\u0259rbaycan probleminin s\u00fclh m\u00fcqavil\u0259si yolu il\u0259 h\u0259llin\u0259 \u0259saslar\u0131n&hellip;","_links":{"self":[{"href":"https:\/\/arantv.az\/index.php?rest_route=\/wp\/v2\/posts\/816026"}],"collection":[{"href":"https:\/\/arantv.az\/index.php?rest_route=\/wp\/v2\/posts"}],"about":[{"href":"https:\/\/arantv.az\/index.php?rest_route=\/wp\/v2\/types\/post"}],"author":[{"embeddable":true,"href":"https:\/\/arantv.az\/index.php?rest_route=\/wp\/v2\/users\/2"}],"replies":[{"embeddable":true,"href":"https:\/\/arantv.az\/index.php?rest_route=%2Fwp%2Fv2%2Fcomments&post=816026"}],"version-history":[{"count":1,"href":"https:\/\/arantv.az\/index.php?rest_route=\/wp\/v2\/posts\/816026\/revisions"}],"predecessor-version":[{"id":816028,"href":"https:\/\/arantv.az\/index.php?rest_route=\/wp\/v2\/posts\/816026\/revisions\/816028"}],"wp:featuredmedia":[{"embeddable":true,"href":"https:\/\/arantv.az\/index.php?rest_route=\/wp\/v2\/media\/816027"}],"wp:attachment":[{"href":"https:\/\/arantv.az\/index.php?rest_route=%2Fwp%2Fv2%2Fmedia&parent=816026"}],"wp:term":[{"taxonomy":"category","embeddable":true,"href":"https:\/\/arantv.az\/index.php?rest_route=%2Fwp%2Fv2%2Fcategories&post=816026"},{"taxonomy":"post_tag","embeddable":true,"href":"https:\/\/arantv.az\/index.php?rest_route=%2Fwp%2Fv2%2Ftags&post=816026"}],"curies":[{"name":"wp","href":"https:\/\/api.w.org\/{rel}","templated":true}]}}