{"id":816035,"date":"2025-07-15T08:57:10","date_gmt":"2025-07-15T04:57:10","guid":{"rendered":"https:\/\/arantv.az\/?p=816035"},"modified":"2025-07-15T08:57:10","modified_gmt":"2025-07-15T04:57:10","slug":"bakidan-kiyev%c9%99-uzadilan-kom%c9%99k-%c9%99li-yeni-t%c9%99r%c9%99fdasliq-n%c9%99-v%c9%99d-edir","status":"publish","type":"post","link":"https:\/\/arantv.az\/?p=816035","title":{"rendered":"Bak\u0131dan Kiyev\u0259 uzad\u0131lan k\u00f6m\u0259k \u0259li &#8211; yeni t\u0259r\u0259fda\u015fl\u0131q n\u0259 v\u0259d edir?"},"content":{"rendered":"<h3><strong>Rusiyan\u0131n i\u015f\u011fal\u0131ndan \u0259ziyy\u0259t \u00e7\u0259k\u0259n Ukrayna il\u0259 yeni \u0259m\u0259kda\u015fl\u0131q s\u0259n\u0259dind\u0259n qar\u015f\u0131l\u0131ql\u0131 g\u00f6zl\u0259ntil\u0259r var<\/strong><\/h3>\n<p><strong>Az\u0259rbaycan Rusiya i\u015f\u011fal\u0131ndan \u0259ziyy\u0259t \u00e7\u0259k\u0259n Ukrayna il\u0259 \u0259m\u0259kda\u015fl\u0131\u011f\u0131n\u0131 n\u0259inki davam etdirir, h\u0259m\u00e7inin onun geni\u015fl\u0259ndirilm\u0259si \u00fc\u00e7\u00fcn add\u0131mlar at\u0131r. Bu g\u00fcnl\u0259rd\u0259 Bak\u0131da Az\u0259rbaycan-Ukrayna H\u00f6kum\u0259tl\u0259raras\u0131 Komissiyan\u0131n 5 ild\u0259n sonra sayca 13-c\u00fc iclas\u0131 ke\u00e7irilib. Xat\u0131rladaq ki, komissiyan\u0131n 12-ci iclas\u0131 2020-ci ilin yanvar\u0131nda Kiyevd\u0259 ba\u015f tutmu\u015fdu.<\/strong><\/p>\n<p>Bu il hibrid formada ke\u00e7iril\u0259n iclasda iki \u00f6lk\u0259 aras\u0131nda iqtisadi \u0259m\u0259kda\u015fl\u0131\u011f\u0131n \u0259sas aspektl\u0259ri m\u00fczakir\u0259 olunub, onun geni\u015fl\u0259ndirilm\u0259si \u00fc\u00e7\u00fcn F\u0259aliyy\u0259t Plan\u0131 q\u0259bul edilib. Komissiyan\u0131n h\u0259ms\u0259dri, energetika naziri P\u0259rviz \u015eahbazovun fikrinc\u0259, bel\u0259 bir plan\u0131n q\u0259bulu \u00f6lk\u0259l\u0259r aras\u0131nda \u0259m\u0259kda\u015fl\u0131\u011f\u0131 yeni m\u0259rh\u0259l\u0259y\u0259 y\u00fcks\u0259ld\u0259c\u0259k.<\/p>\n<p>\u0130clasda P.\u015eahbazov qeyd edib ki, F\u0259aliyy\u0259t Plan\u0131 enerji, faydal\u0131 qaz\u0131nt\u0131lar, k\u0259nd t\u0259s\u0259rr\u00fcfat\u0131 v\u0259 dig\u0259r perspktivli sah\u0259l\u0259rd\u0259, h\u0259m\u00e7inin s\u0259naye parklar\u0131 v\u0259 azad iqtisadi zonalarda m\u00f6vcud imkanlardan geni\u015f istifad\u0259ni t\u0259\u015fviq ed\u0259c\u0259k. G\u00f6r\u00fc\u015fd\u0259 ikit\u0259r\u0259fli m\u00fcnasib\u0259tl\u0259rin qar\u015f\u0131l\u0131ql\u0131 etimada v\u0259 s\u0259m\u0259r\u0259li t\u0259r\u0259fda\u015fl\u0131\u011fa \u0259sasland\u0131\u011f\u0131 vur\u011fulan\u0131b. Az\u0259rbaycan\u0131n Ukraynaya davaml\u0131 humanitar d\u0259st\u0259yin\u0259 g\u00f6r\u0259 minn\u0259tdarl\u0131q ifad\u0259 edilib. M\u00fcxt\u0259lif sah\u0259l\u0259rd\u0259 \u0259m\u0259kda\u015fl\u0131\u011f\u0131n inki\u015faf\u0131na dair fikir m\u00fcbadil\u0259si apar\u0131l\u0131b.<\/p>\n<p>H\u00f6kum\u0259tl\u0259raras\u0131 Komissiyan\u0131n iclas\u0131nda iki \u00f6lk\u0259 aras\u0131nda siyasi, iqtisadi, ticar\u0259t v\u0259 s\u0259naye, enerji, n\u0259qliyyat v\u0259 informasiya-kommunikasiya texnologiyalar\u0131, elm v\u0259 t\u0259hsil, m\u0259d\u0259niyy\u0259t sah\u0259l\u0259rind\u0259 \u0259m\u0259kda\u015fl\u0131\u011f\u0131n cari v\u0259ziyy\u0259ti v\u0259 potensial imkanlar m\u00fczakir\u0259 edilib.<\/p>\n<p><strong>Komissiyan\u0131n Ukrayna t\u0259r\u0259find\u0259n h\u0259ms\u0259dri, energetika naziri German Qalu\u015fenko deyib ki, \u00f6lk\u0259l\u0259rimizi g\u00fccl\u00fc tarixi \u0259laq\u0259l\u0259r, qar\u015f\u0131l\u0131ql\u0131 h\u00f6rm\u0259t, regional \u0259m\u0259kda\u015fl\u0131q v\u0259 davaml\u0131 inki\u015faf \u00fc\u00e7\u00fcn ortaq bax\u0131\u015f birl\u0259\u015fdirir:<\/strong>\u00a0\u201cUkrayna Az\u0259rbaycanla strateji t\u0259r\u0259fda\u015fl\u0131\u011fa b\u00f6y\u00fck \u0259h\u0259miyy\u0259t verir. Az\u0259rbaycan Ukraynan\u0131 enerji avadanl\u0131qlar\u0131 il\u0259 d\u0259st\u0259kl\u0259y\u0259n ilk \u00f6lk\u0259l\u0259rd\u0259n biri olub v\u0259 enerji sah\u0259sind\u0259 g\u00f6st\u0259ril\u0259n bu d\u0259st\u0259k bizim \u00fc\u00e7\u00fcn h\u0259yati rol oynay\u0131b. \u0130nan\u0131r\u0131q ki, bu iclas \u00f6lk\u0259l\u0259rimiz aras\u0131nda uzunm\u00fcdd\u0259tli t\u0259r\u0259fda\u015fl\u0131\u011f\u0131n \u0259saslar\u0131n\u0131 g\u00fccl\u0259ndirm\u0259k \u00fc\u00e7\u00fcn yeni birg\u0259 t\u0259\u015f\u0259bb\u00fcsl\u0259ri m\u00fc\u0259yy\u0259n etm\u0259y\u0259 imkan ver\u0259c\u0259k\u201d.<\/p>\n<p><strong>Ukrayna Energetika Nazirliyinin iclas bar\u0259d\u0259 a\u00e7\u0131qlamas\u0131nda is\u0259 qeyd olunur ki, Ukrayna Az\u0259rbaycanla t\u0259bii qaz\u0131n hasilat\u0131, saxlanmas\u0131 v\u0259 n\u0259qli sah\u0259l\u0259rind\u0259 \u0259m\u0259kda\u015fl\u0131\u011f\u0131 geni\u015fl\u0259ndirm\u0259k \u00fc\u00e7\u00fcn potensial g\u00f6r\u00fcr:<\/strong>\u00a0\u201cBiz qaz sektorunda \u0259m\u0259kda\u015fl\u0131\u011f\u0131n yeni formatlar\u0131na a\u00e7\u0131\u011f\u0131q. X\u00fcsusil\u0259 Ukrayna beyn\u0259lxalq qaz anbar\u0131 \u00fc\u00e7\u00fcn \u00f6z yeralt\u0131 qaz anbarlar\u0131n\u0131 t\u0259klif edir. Bizim yeralt\u0131 qaz anbarlar\u0131m\u0131z Avropada \u0259n b\u00f6y\u00fcy\u00fcd\u00fcr v\u0259 g\u00f6mr\u00fck anbar\u0131 rejimi alt\u0131nda xarici \u015firk\u0259tl\u0259rin ixtiyar\u0131na verilir\u201d.<\/p>\n<p>A\u00e7\u0131qlamaya \u0259sas\u0259n German Qalu\u015fenko qeyd edib ki, n\u0259qliyyat d\u0259hlizl\u0259rinin, x\u00fcsusil\u0259 Orta d\u0259hlizin t\u0259kmill\u0259\u015fdirilm\u0259si yolu il\u0259 h\u0259r iki \u00f6lk\u0259nin tranzit potensial\u0131n\u0131n inki\u015faf\u0131na x\u00fcsusi diqq\u0259t yetirilib.<\/p>\n<p><strong>Energetika nazirinin m\u00fcavini Nikolay Kolesnik d\u0259 iclas\u0131 y\u00fcks\u0259k qiym\u0259tl\u0259ndirib:<\/strong>\u00a0\u201cBiz Az\u0259rbaycan xalq\u0131n\u0131n Ukrayna il\u0259 h\u0259mr\u0259yliyini y\u00fcks\u0259k qiym\u0259tl\u0259ndiririk. Energetika sektoruna d\u0259st\u0259k x\u00fcsusil\u0259 vacib idi v\u0259 bu, \u00e7\u0259tin \u015f\u0259raitd\u0259 enerji sistemimizin sabitliyini t\u0259min etm\u0259y\u0259 k\u00f6m\u0259k etdi\u201d. Onun s\u00f6zl\u0259rin\u0259 g\u00f6r\u0259, yol x\u0259rit\u0259sinin imzalanmas\u0131 il\u0259 yana\u015f\u0131, t\u0259r\u0259fl\u0259r \u0259m\u0259kda\u015fl\u0131\u011f\u0131n g\u0259l\u0259c\u0259k add\u0131mlar\u0131n\u0131 da m\u00fczakir\u0259 edibl\u0259r. Onlar\u0131n aras\u0131nda birg\u0259 enerji layih\u0259l\u0259ri, b\u0259rpaolunan enerjinin inki\u015faf\u0131 v\u0259 Ukrayna \u015firk\u0259tl\u0259rinin Az\u0259rbaycan\u0131n enerji infrastrukturunun modernl\u0259\u015fdirilm\u0259sin\u0259 c\u0259lb edilm\u0259si kimi m\u0259s\u0259l\u0259l\u0259r var: \u201cUkrayna Az\u0259rbaycan \u015firk\u0259tl\u0259ri il\u0259 enerji, infrastruktur v\u0259 innovasiya sah\u0259l\u0259rind\u0259 t\u0259r\u0259fda\u015fl\u0131\u011f\u0131n g\u00fccl\u0259ndirilm\u0259sind\u0259 maraql\u0131d\u0131r. Biz yeni investisiyalara v\u0259 layih\u0259l\u0259r\u0259 a\u00e7\u0131\u011f\u0131q\u201d.<\/p>\n<p><strong>Nikola Kolesnik h\u0259m\u00e7inin Ukraynan\u0131n d\u00f6vl\u0259t v\u0259 \u00f6z\u0259l \u015firk\u0259tl\u0259rinin birg\u0259 enerji layih\u0259l\u0259rin\u0259, x\u00fcsus\u0259n SOCAR v\u0259 dig\u0259r az\u0259rbaycanl\u0131 t\u0259r\u0259fda\u015flarla birg\u0259 f\u0259aliyy\u0259t\u0259 qo\u015fulma\u011fa haz\u0131r oldu\u011funu qeyd edib:<\/strong>\u00a0\u201cUkrayna v\u0259 Az\u0259rbaycan enerji sektorunda strateji t\u0259r\u0259fda\u015fl\u0131\u011f\u0131 g\u00fccl\u0259ndirm\u0259k ist\u0259kl\u0259rini t\u0259sdiql\u0259yibl\u0259r ki, bu da \u0259m\u0259kda\u015fl\u0131q \u00fc\u00e7\u00fcn yeni perspektivl\u0259r a\u00e7\u0131r v\u0259 d\u00f6vl\u0259tl\u0259rin enerji t\u0259hl\u00fck\u0259sizliyini art\u0131r\u0131r\u201d.<\/p>\n<p>M\u00fczakir\u0259l\u0259rd\u0259n sonra H\u00f6kum\u0259tl\u0259raras\u0131 Komissiyan\u0131n iclas\u0131n\u0131n yekunlar\u0131na dair Protokol imzalan\u0131b. Komissiyan\u0131n 14-c\u00fc iclas\u0131n\u0131n Kiyev \u015f\u0259h\u0259rind\u0259 ke\u00e7irilm\u0259sin\u0259 q\u0259rar verilib.<\/p>\n<p>Az\u0259rbaycan\u0131n ba\u015f naziri \u018fli \u018fs\u0259dov Bak\u0131da olan Ukraynan\u0131n energetika naziri German Qalu\u015fenko il\u0259 g\u00f6r\u00fc\u015f\u00fcb. R\u0259smi m\u0259lumata \u0259sas\u0259n, g\u00f6r\u00fc\u015f zaman\u0131 Az\u0259rbaycanla Ukraynan\u0131n tarix\u0259n bir-birinin \u0259razi b\u00fct\u00f6vl\u00fcy\u00fc v\u0259 suverenliyin\u0259 g\u00f6st\u0259rdiyi ard\u0131c\u0131l d\u0259st\u0259yin vacibliyi vur\u011fulan\u0131b. \u0130ki \u00f6lk\u0259 aras\u0131nda dostluq v\u0259 \u0259m\u0259kda\u015fl\u0131q m\u00fcnasib\u0259tl\u0259rinin inki\u015faf\u0131ndan m\u0259mnunluq ifad\u0259 olunub.<\/p>\n<p><img src=\"https:\/\/bizim.media\/file\/articles\/2025\/06\/18\/1750230759_5373009860188302911.jpg\" alt=\"SON D\u018fQ\u0130Q\u018f! Rusiya geni\u015fmiqyasl\u0131 h\u00fccuma BA\u015eLADI \u2013 Ukrayna bu vilay\u0259ti d\u0259  itir\u0259 bil\u0259r...\" \/><\/p>\n<p>Qeyd ed\u0259k ki, geni\u015fmiqyasl\u0131 Rusiya h\u00fccumundan \u0259vv\u0259l Az\u0259rbaycanla Ukrayna aras\u0131nda iqtisadi \u0259laq\u0259l\u0259r dinamik inki\u015faf edib. Bel\u0259 ki, iqtisadi-ticar\u0259t \u0259laq\u0259l\u0259rin inki\u015faf\u0131 m\u0259qs\u0259dil\u0259 2018-ci ild\u0259 Kiyevd\u0259 Az\u0259rbaycan Ticar\u0259t Evi, 2019-cu ild\u0259 is\u0259 Bak\u0131da Ukrayna Ticar\u0259t Evi a\u00e7\u0131l\u0131b. 2020-2021-ci ill\u0259r d\u00f6vr\u00fcnd\u0259 iqtisadi \u0259m\u0259kda\u015fl\u0131\u011f\u0131n inki\u015faf\u0131 Ukrayna Prezidenti Vladimir Zelenskinin Az\u0259rbaycana r\u0259smi s\u0259f\u0259ri (16-17 dekabr 2020-ci il) n\u0259tic\u0259sind\u0259 \u0259ld\u0259 edilmi\u015f \u0259sas raz\u0131la\u015fmalarla m\u00fc\u0259yy\u0259n edilib. Bu, ilk n\u00f6vb\u0259d\u0259, Ukraynada energetika, n\u0259qliyyat v\u0259 telekommunikasiya infrastrukturu sah\u0259l\u0259rind\u0259 investisiya layih\u0259l\u0259rinin h\u0259yata ke\u00e7irilm\u0259si \u00fczr\u0259 konkret tap\u015f\u0131r\u0131qlar\u0131n icras\u0131na, o c\u00fcml\u0259d\u0259n kimya s\u0259nayesi, aqrar-s\u0259naye kompleksi, \u0259rzaq t\u0259hl\u00fck\u0259sizliyi v\u0259 dig\u0259r sah\u0259l\u0259rd\u0259 \u0259m\u0259kda\u015fl\u0131\u011f\u0131n inki\u015faf\u0131na aiddir.<\/p>\n<p>Az\u0259rbaycan liderinin 2022-ci il yanvar\u0131n 14-d\u0259 Ukraynaya s\u0259f\u0259ri zaman\u0131 Ukrayna Prezidenti V.Zelenski il\u0259 \u0259ld\u0259 olunmu\u015f raz\u0131la\u015fmalar ticar\u0259t, n\u0259qliyyat, infrastruktur, enerji v\u0259 enerji t\u0259hl\u00fck\u0259sizliyi, k\u0259nd t\u0259s\u0259rr\u00fcfat\u0131 v\u0259 \u0259rzaq t\u0259hl\u00fck\u0259sizliyi, qar\u015f\u0131l\u0131ql\u0131 investisiyalar, turizmin inki\u015faf\u0131 sah\u0259l\u0259rind\u0259 birg\u0259 layih\u0259l\u0259rin h\u0259yata ke\u00e7irilm\u0259si, 2024-c\u00fc il\u0259d\u0259k ticar\u0259t h\u0259cminin iki d\u0259f\u0259 art\u0131r\u0131lmas\u0131, yax\u0131n g\u0259l\u0259c\u0259kd\u0259 \u0259m\u0259kda\u015fl\u0131\u011f\u0131n prioritet istiqam\u0259tl\u0259rinin m\u00fc\u0259yy\u0259n edilm\u0259si v\u0259zif\u0259l\u0259ri d\u0259 daxil olmaqla Strateji T\u0259r\u0259fda\u015fl\u0131\u011f\u0131n inki\u015faf\u0131nda yeni m\u0259rh\u0259l\u0259sini m\u00fc\u0259yy\u0259n etmi\u015fdi. H\u0259min s\u0259f\u0259r zaman\u0131 Az\u0259rbaycan\u0131n Ukrayna \u0259razisind\u0259 torpaq icar\u0259y\u0259 g\u00f6t\u00fcr\u0259r\u0259k bu\u011fda \u0259km\u0259si bar\u0259d\u0259 d\u0259 raz\u0131l\u0131q \u0259ld\u0259 olunmu\u015fdu. Ukrayna h\u00f6kum\u0259ti Az\u0259rbaycan\u0131n bu strateji \u0259rzaq m\u0259hsulu il\u0259 t\u0259minat bax\u0131m\u0131ndan\u00a0 idxaldan as\u0131l\u0131l\u0131\u011f\u0131n\u0131 aradan qald\u0131rmaq \u00fc\u00e7\u00fcn \u00f6lk\u0259miz\u0259 d\u0259st\u0259k verm\u0259y\u0259 raz\u0131la\u015fm\u0131\u015fd\u0131. Lakin bu planlar\u0131n icras\u0131 m\u00fcharib\u0259y\u0259 g\u00f6r\u0259 l\u0259ngidi. Az\u0259rbaycan D\u00f6vl\u0259t G\u00f6mr\u00fck Komit\u0259sinin r\u0259smi statistikas\u0131ndan ayd\u0131n olur ki, 2019-cu ild\u0259 iki \u00f6lk\u0259 aras\u0131nda qar\u015f\u0131l\u0131ql\u0131 ticar\u0259tin h\u0259cmi 807 milyon 624.91 min dollar (340 milyon 552.64 min dollar Az\u0259rbaycan\u0131n ixrac\u0131, 467 milyon 72.27 min dollar idxal\u0131), 2020-ci ild\u0259 771 milyon 500.50 min dollar(353 milyon 45.37 min dollar ixrac, 418 milyon 455.13 min dollar idxal) t\u0259\u015fkil edib, 2021-ci ild\u0259 922 milyon 473.48 min dollara (452 449.32 milyon dollar ixrac, 470 024.16 milyon dollar idxal) y\u00fcks\u0259lib. 2022-ci ild\u0259 bu g\u00f6st\u0259rici 617 milyon 779.42 min dollara (357 974.81 milyon dollar ixrac, 259 804.61 milyon dollar idxal), 2023-c\u00fc ild\u0259 353 milyon 774.57 min dollara (118 645.80 milyon dollar ixrac, 235 128.77 milyon dollar idxal) q\u0259d\u0259r azal\u0131b. \u00d6t\u0259n ild\u0259n is\u0259 iki \u00f6lk\u0259 aras\u0131nda qar\u015f\u0131l\u0131ql\u0131 ticar\u0259td\u0259 art\u0131m ba\u015flay\u0131b: 459 milyon 619.93 min dollara (177 242.23 milyon dollar, idxal 282 377.70 milyon dollar) q\u0259d\u0259r. Bu ilin yanvar-may\u0131nda ticar\u0259t h\u0259cmi 200 milyon 718.84 min dollara (82 milyon\u00a0 670.91 min dollar ixrac, 118 milyon 47.93 min dollar ixrac) y\u00fcks\u0259lib.<\/p>\n<p><strong>Ukraynan\u0131n Ticar\u0259t v\u0259 S\u0259naye Palatas\u0131n\u0131n prezidenti Gennadi \u00c7ijikovun verdiyi m\u0259lumata g\u00f6r\u0259, m\u00fcharib\u0259d\u0259n \u0259vv\u0259l Az\u0259rbaycan Ukraynada ticar\u0259t, tikinti, enerji v\u0259 neft emal\u0131 sah\u0259l\u0259rin\u0259 1 milyard AB\u015e dollar\u0131ndan \u00e7ox s\u0259rmay\u0259 qoyub, 140-dan \u00e7ox \u015firk\u0259t a\u00e7\u0131l\u0131b.<\/strong><\/p>\n<p>SOCAR m\u00fcharib\u0259nin \u0259n a\u011f\u0131r vaxtlar\u0131nda bel\u0259 Ukrayna \u0259razisind\u0259 f\u0259aliyy\u0259tini dayand\u0131rmay\u0131b, \u00f6lk\u0259nin k\u0259nd t\u0259s\u0259rr\u00fcfat\u0131 istehsal\u00e7\u0131lar\u0131n\u0131n yanacaqla t\u0259minat\u0131na m\u00fch\u00fcm t\u00f6hf\u0259 verib.<\/p>\n<p>M\u00fcharib\u0259 d\u00f6vr\u00fcnd\u0259 Ukraynaya 42 milyon dollardan yuxar\u0131 humanitar yard\u0131m \u00e7atd\u0131ran Az\u0259rbaycan Ukraynan\u0131n m\u00fcharib\u0259d\u0259n sonrak\u0131 b\u0259rpas\u0131nda i\u015ftirakda da maraql\u0131d\u0131r. \u00d6t\u0259n h\u0259ft\u0259d\u0259 \u0130taliyada Ukraynan\u0131n b\u0259rpas\u0131 \u00fc\u00e7\u00fcn at\u0131lacaq add\u0131mlar\u0131n m\u00fczakir\u0259 olundu\u011fu m\u00fch\u00fcm konfransda i\u015ftirak da Bak\u0131n\u0131n bu niyy\u0259tind\u0259n x\u0259b\u0259r verir. \u00d6z\u00fc i\u015f\u011fal v\u0259 da\u011f\u0131nt\u0131lar ya\u015fam\u0131\u015f bir \u00f6lk\u0259nin eyni v\u0259 daha a\u011f\u0131r faci\u0259l\u0259rd\u0259n ke\u00e7m\u0259kd\u0259 olan dost xalq\u0131n probleml\u0259rin\u0259 bigan\u0259 qalmayaca\u011f\u0131 ayd\u0131n g\u00f6r\u00fcn\u00fcr.<\/p>\n<p><img src=\"https:\/\/azertag.az\/files\/2021\/2\/1200x630\/1624546293727245809_1200x630.jpg\" alt=\"Gennadi \u00c7ijikov: Ukrayna \u015firk\u0259tl\u0259ri Az\u0259rbaycanla iqtisadi-ticari \u0259laq\u0259l\u0259rin  inki\u015faf\u0131nda maraql\u0131d\u0131rlar - AZ\u018fRTAC\" \/><\/p>\n<p><strong>Gennadi \u00c7ijikovun s\u00f6zl\u0259rin\u0259 g\u00f6r\u0259, Ukrayna m\u00fcharib\u0259d\u0259n sonra \u00f6lk\u0259nin b\u0259rpas\u0131nda v\u0259 birg\u0259 m\u00fc\u0259ssis\u0259l\u0259rin yarad\u0131lmas\u0131nda Az\u0259rbaycan \u015firk\u0259tl\u0259rinin i\u015ftirak\u0131na \u00fcmid edir:<\/strong>\u00a0\u201cBiz bir ne\u00e7\u0259 sah\u0259d\u0259 \u0259m\u0259kda\u015fl\u0131\u011fa \u00e7ox \u00fcmid edirik. \u00dcmumiyy\u0259tl\u0259, enerji, k\u0259nd t\u0259s\u0259rr\u00fcfat\u0131 m\u0259hsullar\u0131n\u0131n emal\u0131, \u0259cza\u00e7\u0131l\u0131q, ma\u015f\u0131nqay\u0131rma v\u0259 informasiya texnologiyalar\u0131 sah\u0259l\u0259rin\u0259 maraq var. D\u00fc\u015f\u00fcn\u00fcr\u0259m ki, bu, perspektivl\u0259ri haqq\u0131nda m\u0259mnunluqla dan\u0131\u015fa bil\u0259c\u0259yimiz, o c\u00fcml\u0259d\u0259n birg\u0259 m\u00fc\u0259ssis\u0259l\u0259ri d\u0259 \u0259hat\u0259 ed\u0259n istiqam\u0259tl\u0259rdir\u201d.<\/p>\n<p><strong>Palata prezidentinin s\u00f6zl\u0259rin\u0259 g\u00f6r\u0259, Ukrayna, h\u0259m\u00e7inin Avropa \u0130ttifaq\u0131na \u00fczvl\u00fckl\u0259 ba\u011fl\u0131 dan\u0131\u015f\u0131qlar prosesin\u0259 ba\u015flay\u0131b v\u0259 Az\u0259rbaycan m\u0259hsullar\u0131n\u0131n Avropa bazar\u0131na \u00e7\u0131x\u0131\u015f\u0131n\u0131 asanla\u015fd\u0131ra bil\u0259r:<\/strong>\u00a0\u201cBundan \u0259lav\u0259, Ukrayna \u00f6z enerji sistemini d\u0259yi\u015f\u0259r\u0259k desentralizasiya ed\u0259c\u0259k. &#8220;Ya\u015f\u0131l enerji&#8221;y\u0259 d\u0259 b\u00f6y\u00fck investisiyalar qoyulacaq. Bunlar\u0131n ham\u0131s\u0131 h\u0259r k\u0259s \u00fc\u00e7\u00fcn b\u00f6y\u00fck imkanlard\u0131r. Daha bir m\u0259qam &#8211; Ukrayna yenid\u0259n qurulacaq v\u0259 bunun \u00fc\u00e7\u00fcn tikinti materiallar\u0131 t\u0259l\u0259b olunacaq. Bizd\u0259 bunlar var, sad\u0259c\u0259 olaraq, avadanl\u0131qlara s\u0259rmay\u0259 yat\u0131raraq istehsala ba\u015flamaq laz\u0131md\u0131r. Ukraynal\u0131lar h\u0259m\u00e7inin tekstil s\u0259nayesini \u00e7ox sevir v\u0259 biz bu istiqam\u0259td\u0259 \u0259m\u0259kda\u015fl\u0131q ed\u0259 bil\u0259rik&#8221;.<\/p>\n<p><strong>Ukrayna \u015firk\u0259tl\u0259rinin Az\u0259rbaycanda aktiv f\u0259aliyy\u0259tin\u0259 g\u0259linc\u0259, G.\u00c7ijikov \u0259cza\u00e7\u0131l\u0131q sah\u0259sind\u0259 \u0259m\u0259kda\u015fl\u0131qda maraql\u0131 olduqlar\u0131n\u0131 qeyd edib:<\/strong>\u00a0\u201cD\u00fc\u015f\u00fcn\u00fcr\u0259m ki, bizim b\u00f6y\u00fck perspektivl\u0259rimiz var. Eyni zamanda Ukraynada aqrar s\u0259naye d\u0259 inki\u015faf edib. Bu, seleksiya, baytarl\u0131q, y\u0259ni texnologiyaya malik oldu\u011fumuz sah\u0259l\u0259rdir. Biz birg\u0259 m\u00fc\u0259ssis\u0259 vasit\u0259sil\u0259 burada daha keyfiyy\u0259tli seleksiya material\u0131 yarada bil\u0259rik. Biz h\u0259qiq\u0259t\u0259n ist\u0259yirik ki, \u0259laq\u0259l\u0259rimiz daha da intensiv \u015f\u0259kild\u0259 inki\u015faf etsin v\u0259 m\u0259hz buna g\u00f6r\u0259 buraday\u0131q\u201d.(Report)<\/p>\n<p>Az\u0259rbaycan haz\u0131rda alternativ enerji istehsal\u0131 g\u00fccl\u0259rinin k\u0259skin art\u0131r\u0131lmas\u0131, Avropaya ya\u015f\u0131l enerjinin, o c\u00fcml\u0259d\u0259n Qara d\u0259nizin dibi il\u0259 \u00e7\u0259kil\u0259c\u0259k kabell\u0259 elektrik enerjisinin ixrac\u0131 kimi b\u00f6y\u00fck layih\u0259l\u0259rin icras\u0131na ba\u015flay\u0131b. Bu layih\u0259l\u0259r yax\u0131n g\u0259l\u0259c\u0259kd\u0259 \u00f6lk\u0259d\u0259 enerji istehsal\u0131na y\u00f6n\u0259ldil\u0259n xeyli qaz h\u0259cml\u0259rinin s\u0259rb\u0259stl\u0259\u015fm\u0259sin\u0259 imkan yaradacaq. Eyni zamanda qaz hasilat\u0131n\u0131n art\u0131r\u0131lmas\u0131 \u00fc\u00e7\u00fcn d\u0259 i\u015fl\u0259r davam etdirilir. B\u00fct\u00fcn bunlar Az\u0259rbaycan\u0131n Ukraynan\u0131n qaz t\u0259minat\u0131nda i\u015ftirak\u0131na da imkan yaradacaq.<\/p>\n<p>Dig\u0259r bir m\u0259s\u0259l\u0259 Ukraynan\u0131n m\u00fcdafi\u0259 sah\u0259sind\u0259 dron texnologiyalar\u0131n\u0131 \u0259n y\u00fcks\u0259k s\u0259viyy\u0259y\u0259 \u00e7atd\u0131rmas\u0131 fonunda b\u0259dniyy\u0259t qon\u015fular\u0131n t\u0259zyiql\u0259ri il\u0259 \u00fczl\u0259\u015f\u0259n Az\u0259rbaycan\u0131n bu t\u0259cr\u00fcb\u0259d\u0259n faydalanmas\u0131 imkan\u0131d\u0131r. Kiyevin bu sah\u0259d\u0259 Bak\u0131dan \u00f6z d\u0259st\u0259yini \u0259sirg\u0259m\u0259y\u0259c\u0259yi ayd\u0131n m\u0259s\u0259l\u0259dir.<\/p>\n<p><strong>D\u00fcnya SAK\u0130T,<\/strong><br \/>\n<strong>\u201cYeni M\u00fcsavat\u201d<\/strong><\/p>\n<p>&nbsp;<\/p>\n","protected":false},"excerpt":{"rendered":"<p>Rusiyan\u0131n i\u015f\u011fal\u0131ndan \u0259ziyy\u0259t \u00e7\u0259k\u0259n Ukrayna il\u0259 yeni \u0259m\u0259kda\u015fl\u0131q s\u0259n\u0259dind\u0259n qar\u015f\u0131l\u0131ql\u0131 g\u00f6zl\u0259ntil\u0259r var Az\u0259rbaycan Rusiya i\u015f\u011fal\u0131ndan \u0259ziyy\u0259t \u00e7\u0259k\u0259n Ukrayna il\u0259 \u0259m\u0259kda\u015fl\u0131\u011f\u0131n\u0131 n\u0259inki davam etdirir, h\u0259m\u00e7inin onun geni\u015fl\u0259ndirilm\u0259si \u00fc\u00e7\u00fcn add\u0131mlar at\u0131r. Bu g\u00fcnl\u0259rd\u0259 Bak\u0131da Az\u0259rbaycan-Ukrayna H\u00f6kum\u0259tl\u0259raras\u0131 Komissiyan\u0131n 5 ild\u0259n sonra sayca 13-c\u00fc iclas\u0131 ke\u00e7irilib. Xat\u0131rladaq ki, komissiyan\u0131n 12-ci iclas\u0131 2020-ci ilin yanvar\u0131nda Kiyevd\u0259 ba\u015f tutmu\u015fdu. Bu il hibrid formada ke\u00e7iril\u0259n iclasda iki \u00f6lk\u0259 aras\u0131nda iqtisadi \u0259m\u0259kda\u015fl\u0131\u011f\u0131n \u0259sas aspektl\u0259ri m\u00fczakir\u0259 olunub, onun geni\u015fl\u0259ndirilm\u0259si \u00fc\u00e7\u00fcn F\u0259aliyy\u0259t Plan\u0131 q\u0259bul edilib. Komissiyan\u0131n h\u0259ms\u0259dri, energetika naziri P\u0259rviz \u015eahbazovun fikrinc\u0259, bel\u0259 bir plan\u0131n q\u0259bulu \u00f6lk\u0259l\u0259r aras\u0131nda \u0259m\u0259kda\u015fl\u0131\u011f\u0131 yeni&hellip;<\/p>\n","protected":false},"author":2,"featured_media":816036,"comment_status":"closed","ping_status":"closed","sticky":false,"template":"","format":"standard","meta":{"om_disable_all_campaigns":false,"_monsterinsights_skip_tracking":false,"_monsterinsights_sitenote_active":false,"_monsterinsights_sitenote_note":"","_monsterinsights_sitenote_category":0},"categories":[19],"tags":[],"aioseo_notices":[],"gutentor_comment":0,"rttpg_featured_image_url":{"full":["https:\/\/arantv.az\/wp-content\/uploads\/2025\/07\/a9063566088bc2808b7fd05044cb66a9.jpg",760,450,false],"landscape":["https:\/\/arantv.az\/wp-content\/uploads\/2025\/07\/a9063566088bc2808b7fd05044cb66a9.jpg",760,450,false],"portraits":["https:\/\/arantv.az\/wp-content\/uploads\/2025\/07\/a9063566088bc2808b7fd05044cb66a9.jpg",760,450,false],"thumbnail":["https:\/\/arantv.az\/wp-content\/uploads\/2025\/07\/a9063566088bc2808b7fd05044cb66a9-500x280.jpg",500,280,true],"medium":["https:\/\/arantv.az\/wp-content\/uploads\/2025\/07\/a9063566088bc2808b7fd05044cb66a9-616x365.jpg",616,365,true],"large":["https:\/\/arantv.az\/wp-content\/uploads\/2025\/07\/a9063566088bc2808b7fd05044cb66a9.jpg",640,379,false],"1536x1536":["https:\/\/arantv.az\/wp-content\/uploads\/2025\/07\/a9063566088bc2808b7fd05044cb66a9.jpg",760,450,false],"2048x2048":["https:\/\/arantv.az\/wp-content\/uploads\/2025\/07\/a9063566088bc2808b7fd05044cb66a9.jpg",760,450,false],"post-thumbnail":["https:\/\/arantv.az\/wp-content\/uploads\/2025\/07\/a9063566088bc2808b7fd05044cb66a9-240x172.jpg",240,172,true],"advps-thumb-one":["https:\/\/arantv.az\/wp-content\/uploads\/2025\/07\/a9063566088bc2808b7fd05044cb66a9.jpg",760,450,false]},"rttpg_author":{"display_name":"V\u00fcsal Rafiqo\u011flu","author_link":"https:\/\/arantv.az\/?author=2"},"rttpg_comment":0,"rttpg_category":"<a href=\"https:\/\/arantv.az\/?cat=19\" rel=\"category\">G\u00fcnd\u0259m<\/a>","rttpg_excerpt":"Rusiyan\u0131n i\u015f\u011fal\u0131ndan \u0259ziyy\u0259t \u00e7\u0259k\u0259n Ukrayna il\u0259 yeni \u0259m\u0259kda\u015fl\u0131q s\u0259n\u0259dind\u0259n qar\u015f\u0131l\u0131ql\u0131 g\u00f6zl\u0259ntil\u0259r var Az\u0259rbaycan Rusiya i\u015f\u011fal\u0131ndan \u0259ziyy\u0259t \u00e7\u0259k\u0259n Ukrayna il\u0259 \u0259m\u0259kda\u015fl\u0131\u011f\u0131n\u0131 n\u0259inki davam etdirir, h\u0259m\u00e7inin onun geni\u015fl\u0259ndirilm\u0259si \u00fc\u00e7\u00fcn add\u0131mlar at\u0131r. Bu g\u00fcnl\u0259rd\u0259 Bak\u0131da Az\u0259rbaycan-Ukrayna H\u00f6kum\u0259tl\u0259raras\u0131 Komissiyan\u0131n 5 ild\u0259n sonra sayca 13-c\u00fc iclas\u0131 ke\u00e7irilib. Xat\u0131rladaq ki, komissiyan\u0131n 12-ci iclas\u0131 2020-ci ilin yanvar\u0131nda Kiyevd\u0259 ba\u015f tutmu\u015fdu. Bu il&hellip;","_links":{"self":[{"href":"https:\/\/arantv.az\/index.php?rest_route=\/wp\/v2\/posts\/816035"}],"collection":[{"href":"https:\/\/arantv.az\/index.php?rest_route=\/wp\/v2\/posts"}],"about":[{"href":"https:\/\/arantv.az\/index.php?rest_route=\/wp\/v2\/types\/post"}],"author":[{"embeddable":true,"href":"https:\/\/arantv.az\/index.php?rest_route=\/wp\/v2\/users\/2"}],"replies":[{"embeddable":true,"href":"https:\/\/arantv.az\/index.php?rest_route=%2Fwp%2Fv2%2Fcomments&post=816035"}],"version-history":[{"count":1,"href":"https:\/\/arantv.az\/index.php?rest_route=\/wp\/v2\/posts\/816035\/revisions"}],"predecessor-version":[{"id":816037,"href":"https:\/\/arantv.az\/index.php?rest_route=\/wp\/v2\/posts\/816035\/revisions\/816037"}],"wp:featuredmedia":[{"embeddable":true,"href":"https:\/\/arantv.az\/index.php?rest_route=\/wp\/v2\/media\/816036"}],"wp:attachment":[{"href":"https:\/\/arantv.az\/index.php?rest_route=%2Fwp%2Fv2%2Fmedia&parent=816035"}],"wp:term":[{"taxonomy":"category","embeddable":true,"href":"https:\/\/arantv.az\/index.php?rest_route=%2Fwp%2Fv2%2Fcategories&post=816035"},{"taxonomy":"post_tag","embeddable":true,"href":"https:\/\/arantv.az\/index.php?rest_route=%2Fwp%2Fv2%2Ftags&post=816035"}],"curies":[{"name":"wp","href":"https:\/\/api.w.org\/{rel}","templated":true}]}}