{"id":81633,"date":"2019-09-26T14:04:40","date_gmt":"2019-09-26T11:04:40","guid":{"rendered":"http:\/\/arantv.az\/?p=81633"},"modified":"2019-09-26T14:04:40","modified_gmt":"2019-09-26T11:04:40","slug":"bes-piyadanin-uz%c9%99rind%c9%99n-kec%c9%99n-az%c9%99rbaycanli-azadliga-buraxildi-video","status":"publish","type":"post","link":"https:\/\/arantv.az\/?p=81633","title":{"rendered":"Be\u015f piyadan\u0131n \u00fcz\u0259rind\u0259n ke\u00e7\u0259n az\u0259rbaycanl\u0131 azadl\u0131\u011fa burax\u0131ld\u0131 &#8211; V\u0130DEO"},"content":{"rendered":"<article class=\"news\">\n<div class=\"news-inner\">\n<p>Rusiyan\u0131n Kuyb\u0131\u015fevski rayon m\u0259hk\u0259m\u0259sind\u0259 30 ya\u015fl\u0131 Murad Qas\u0131movun cinay\u0259t i\u015fi \u00fczr\u0259 m\u0259hk\u0259m\u0259 iclas\u0131 ba\u015flay\u0131b.<\/p>\n<p><b>ARANTV.AZ\u00a0<\/b>x\u0259b\u0259r verir ki, 2019-cu ilin fevral ay\u0131nda Nevski prospektind\u0259 iki n\u0259f\u0259rin \u00f6l\u00fcm\u00fc,\u00a0\u00fc\u00e7 piyadan\u0131n x\u0259sar\u0259t almas\u0131na s\u0259b\u0259b olan hadis\u0259 yenid\u0259n ara\u015fd\u0131r\u0131l\u0131r.<\/p>\n<p>Q\u0259zadan sonra g\u00fcnahkar azadl\u0131qdan m\u0259hrum edils\u0259 d\u0259, istintaq\u0131n uzanmas\u0131 n\u0259tic\u0259sind\u0259 h\u0259bs m\u00fcdd\u0259ti ba\u015fa \u00e7at\u0131b v\u0259 avqustun sonunda m\u0259hk\u0259m\u0259 onu m\u00fc\u0259yy\u0259n m\u0259hdudiyy\u0259tl\u0259rl\u0259 \u015f\u0259rti azad etm\u0259k m\u0259cburiyy\u0259tind\u0259 qal\u0131b.<\/p>\n<div id=\"AdviadNativeVideo0\" class=\"AdviadNativeVideo\"><\/div>\n<p>Z\u0259r\u0259r\u00e7\u0259k\u0259nl\u0259r buna etiraz ed\u0259r\u0259k i\u015f\u0259 daha diqq\u0259tli bax\u0131lmas\u0131n\u0131 t\u0259l\u0259b edib. Haz\u0131rda istintaq b\u00fct\u00fcn maddi d\u0259lill\u0259rin detall\u0131 ara\u015fd\u0131r\u0131lmas\u0131 m\u0259qs\u0259dil\u0259 davam etdirilir. Hadis\u0259 zaman\u0131 z\u0259r\u0259r\u00e7\u0259kmi\u015f be\u015f piyadadan d\u00f6rd\u00fc iddia \u0259riz\u0259si il\u0259 \u00e7\u0131x\u0131\u015f edir.<\/p>\n<p>\u00d6lm\u00fc\u015f piyadalardan birinin v\u0259kilinin s\u00f6zl\u0259rin\u0259 g\u00f6r\u0259, h\u0259lledici m\u0259hk\u0259m\u0259nin tarixi iki oktyabra t\u0259yin edilib.<\/p>\n<p>Xat\u0131rladaq ki, M.Qas\u0131mov aprelin 24-d\u0259 Sankt-Peterburqun Nevsk prospektind\u0259 s\u0259ki il\u0259 h\u0259r\u0259k\u0259t ed\u0259n be\u015f piyadan\u0131 vurub. Onlardan ikisi hadis\u0259 yerind\u0259 ke\u00e7inib, \u00fc\u00e7 n\u0259f\u0259r is\u0259 a\u011f\u0131r v\u0259ziyy\u0259td\u0259 x\u0259st\u0259xanaya yerl\u0259\u015fdirilib.<\/p>\n<p>Hadis\u0259d\u0259n sonra saxlan\u0131lan M.Qas\u0131mov s\u0259rxo\u015f v\u0259ziyy\u0259td\u0259 oldu\u011funu etiraf edib. Apar\u0131lan ara\u015fd\u0131rmalar zaman\u0131 m\u0259lum olub ki, o, 2018-ci ilin noyabr\u0131nda d\u0259f\u0259l\u0259rl\u0259 yol h\u0259r\u0259k\u0259ti qaydalar\u0131n\u0131 pozdu\u011fu \u00fc\u00e7\u00fcn s\u00fcr\u00fcc\u00fcl\u00fck h\u00fcququndan bir il yar\u0131m m\u00fcdd\u0259tin\u0259 m\u0259hrum edilib.<\/p>\n<div><iframe loading=\"lazy\" src=\"https:\/\/www.youtube.com\/embed\/_wvIo3M850M\" width=\"560\" height=\"315\" frameborder=\"0\" allowfullscreen=\"allowfullscreen\" data-mce-fragment=\"1\"><\/iframe><\/div>\n<\/div>\n<\/article>\n<h2 class=\"news-share-title\">oxu.az<\/h2>\n","protected":false},"excerpt":{"rendered":"<p>Rusiyan\u0131n Kuyb\u0131\u015fevski rayon m\u0259hk\u0259m\u0259sind\u0259 30 ya\u015fl\u0131 Murad Qas\u0131movun cinay\u0259t i\u015fi \u00fczr\u0259 m\u0259hk\u0259m\u0259 iclas\u0131 ba\u015flay\u0131b. ARANTV.AZ\u00a0x\u0259b\u0259r verir ki, 2019-cu ilin fevral ay\u0131nda Nevski prospektind\u0259 iki n\u0259f\u0259rin \u00f6l\u00fcm\u00fc,\u00a0\u00fc\u00e7 piyadan\u0131n x\u0259sar\u0259t almas\u0131na s\u0259b\u0259b olan hadis\u0259 yenid\u0259n ara\u015fd\u0131r\u0131l\u0131r. Q\u0259zadan sonra g\u00fcnahkar azadl\u0131qdan m\u0259hrum edils\u0259 d\u0259, istintaq\u0131n uzanmas\u0131 n\u0259tic\u0259sind\u0259 h\u0259bs m\u00fcdd\u0259ti ba\u015fa \u00e7at\u0131b v\u0259 avqustun sonunda m\u0259hk\u0259m\u0259 onu m\u00fc\u0259yy\u0259n m\u0259hdudiyy\u0259tl\u0259rl\u0259 \u015f\u0259rti azad etm\u0259k m\u0259cburiyy\u0259tind\u0259 qal\u0131b. Z\u0259r\u0259r\u00e7\u0259k\u0259nl\u0259r buna etiraz ed\u0259r\u0259k i\u015f\u0259 daha diqq\u0259tli bax\u0131lmas\u0131n\u0131 t\u0259l\u0259b edib. Haz\u0131rda istintaq b\u00fct\u00fcn maddi d\u0259lill\u0259rin detall\u0131 ara\u015fd\u0131r\u0131lmas\u0131 m\u0259qs\u0259dil\u0259 davam etdirilir. Hadis\u0259 zaman\u0131 z\u0259r\u0259r\u00e7\u0259kmi\u015f be\u015f piyadadan d\u00f6rd\u00fc iddia \u0259riz\u0259si il\u0259 \u00e7\u0131x\u0131\u015f&hellip;<\/p>\n","protected":false},"author":2,"featured_media":81634,"comment_status":"closed","ping_status":"closed","sticky":false,"template":"","format":"standard","meta":{"om_disable_all_campaigns":false,"_monsterinsights_skip_tracking":false,"_monsterinsights_sitenote_active":false,"_monsterinsights_sitenote_note":"","_monsterinsights_sitenote_category":0},"categories":[1],"tags":[],"aioseo_notices":[],"gutentor_comment":0,"rttpg_featured_image_url":{"full":["https:\/\/arantv.az\/wp-content\/uploads\/2019\/09\/803110_original.jpg",620,392,false],"landscape":["https:\/\/arantv.az\/wp-content\/uploads\/2019\/09\/803110_original.jpg",620,392,false],"portraits":["https:\/\/arantv.az\/wp-content\/uploads\/2019\/09\/803110_original.jpg",620,392,false],"thumbnail":["https:\/\/arantv.az\/wp-content\/uploads\/2019\/09\/803110_original-150x150.jpg",150,150,true],"medium":["https:\/\/arantv.az\/wp-content\/uploads\/2019\/09\/803110_original-300x190.jpg",300,190,true],"large":["https:\/\/arantv.az\/wp-content\/uploads\/2019\/09\/803110_original.jpg",620,392,false],"1536x1536":["https:\/\/arantv.az\/wp-content\/uploads\/2019\/09\/803110_original.jpg",620,392,false],"2048x2048":["https:\/\/arantv.az\/wp-content\/uploads\/2019\/09\/803110_original.jpg",620,392,false],"post-thumbnail":["https:\/\/arantv.az\/wp-content\/uploads\/2019\/09\/803110_original-240x172.jpg",240,172,true],"advps-thumb-one":["https:\/\/arantv.az\/wp-content\/uploads\/2019\/09\/803110_original.jpg",620,392,false]},"rttpg_author":{"display_name":"V\u00fcsal Rafiqo\u011flu","author_link":"https:\/\/arantv.az\/?author=2"},"rttpg_comment":0,"rttpg_category":"<a href=\"https:\/\/arantv.az\/?cat=1\" rel=\"category\">C\u0259miyy\u0259t<\/a>","rttpg_excerpt":"Rusiyan\u0131n Kuyb\u0131\u015fevski rayon m\u0259hk\u0259m\u0259sind\u0259 30 ya\u015fl\u0131 Murad Qas\u0131movun cinay\u0259t i\u015fi \u00fczr\u0259 m\u0259hk\u0259m\u0259 iclas\u0131 ba\u015flay\u0131b. ARANTV.AZ\u00a0x\u0259b\u0259r verir ki, 2019-cu ilin fevral ay\u0131nda Nevski prospektind\u0259 iki n\u0259f\u0259rin \u00f6l\u00fcm\u00fc,\u00a0\u00fc\u00e7 piyadan\u0131n x\u0259sar\u0259t almas\u0131na s\u0259b\u0259b olan hadis\u0259 yenid\u0259n ara\u015fd\u0131r\u0131l\u0131r. Q\u0259zadan sonra g\u00fcnahkar azadl\u0131qdan m\u0259hrum edils\u0259 d\u0259, istintaq\u0131n uzanmas\u0131 n\u0259tic\u0259sind\u0259 h\u0259bs m\u00fcdd\u0259ti ba\u015fa \u00e7at\u0131b v\u0259 avqustun sonunda m\u0259hk\u0259m\u0259 onu m\u00fc\u0259yy\u0259n m\u0259hdudiyy\u0259tl\u0259rl\u0259&hellip;","_links":{"self":[{"href":"https:\/\/arantv.az\/index.php?rest_route=\/wp\/v2\/posts\/81633"}],"collection":[{"href":"https:\/\/arantv.az\/index.php?rest_route=\/wp\/v2\/posts"}],"about":[{"href":"https:\/\/arantv.az\/index.php?rest_route=\/wp\/v2\/types\/post"}],"author":[{"embeddable":true,"href":"https:\/\/arantv.az\/index.php?rest_route=\/wp\/v2\/users\/2"}],"replies":[{"embeddable":true,"href":"https:\/\/arantv.az\/index.php?rest_route=%2Fwp%2Fv2%2Fcomments&post=81633"}],"version-history":[{"count":0,"href":"https:\/\/arantv.az\/index.php?rest_route=\/wp\/v2\/posts\/81633\/revisions"}],"wp:featuredmedia":[{"embeddable":true,"href":"https:\/\/arantv.az\/index.php?rest_route=\/wp\/v2\/media\/81634"}],"wp:attachment":[{"href":"https:\/\/arantv.az\/index.php?rest_route=%2Fwp%2Fv2%2Fmedia&parent=81633"}],"wp:term":[{"taxonomy":"category","embeddable":true,"href":"https:\/\/arantv.az\/index.php?rest_route=%2Fwp%2Fv2%2Fcategories&post=81633"},{"taxonomy":"post_tag","embeddable":true,"href":"https:\/\/arantv.az\/index.php?rest_route=%2Fwp%2Fv2%2Ftags&post=81633"}],"curies":[{"name":"wp","href":"https:\/\/api.w.org\/{rel}","templated":true}]}}