{"id":81637,"date":"2019-09-26T14:11:23","date_gmt":"2019-09-26T11:11:23","guid":{"rendered":"http:\/\/arantv.az\/?p=81637"},"modified":"2019-09-26T14:11:23","modified_gmt":"2019-09-26T11:11:23","slug":"prezident-administrasiyasi-turkiy%c9%99-h%c9%99r-zaman-dagliq-qarabag-m%c9%99s%c9%99l%c9%99sini-gund%c9%99md%c9%99-saxlayacaq","status":"publish","type":"post","link":"https:\/\/arantv.az\/?p=81637","title":{"rendered":"Prezident Administrasiyas\u0131: T\u00fcrkiy\u0259 h\u0259r zaman Da\u011fl\u0131q Qaraba\u011f m\u0259s\u0259l\u0259sini g\u00fcnd\u0259md\u0259 saxlayacaq"},"content":{"rendered":"<p><strong>T\u00fcrkiy\u0259 \u0259vv\u0259ll\u0259r oldu\u011fu kimi h\u0259r zaman Da\u011fl\u0131q Qaraba\u011f m\u0259s\u0259l\u0259sini g\u00fcnd\u0259md\u0259 saxlayacaq.<\/strong><\/p>\n<p><strong>ARANTV.AZ<\/strong>\u00a0 x\u0259b\u0259r verir ki, bu bar\u0259d\u0259 \u00f6z\u0259l olaraq\u00a0<a href=\"https:\/\/az.trend.az\/\" target=\"_blank\" rel=\"noopener\">Trend<\/a>-\u0259 T\u00fcrkiy\u0259 Prezident Administrasiyas\u0131ndan bildiribl\u0259r.<\/p>\n<p>Qeyd olunub ki, Da\u011fl\u0131q Qaraba\u011f m\u00fcnaqi\u015f\u0259sinin Az\u0259rbaycan\u0131n \u0259razi b\u00fct\u00f6vl\u00fcy\u00fc \u00e7\u0259r\u00e7iv\u0259sind\u0259n k\u0259narda h\u0259lli q\u0259bulolunmazd\u0131r:<\/p>\n<p>&#8220;Da\u011fl\u0131q Qaraba\u011f problemi regionda \u0259n aktual probleml\u0259rd\u0259ndir&#8221;.<\/p>\n<p>Administrasiyadan bildiribl\u0259r ki, m\u00fcnaqi\u015f\u0259nin indiy\u0259d\u0259k nizamlanmamas\u0131 Az\u0259rbaycana qar\u015f\u0131 t\u0259tbiq olunan ikili standartlar\u0131n n\u00fcmun\u0259sidir:<\/p>\n<p>&#8220;T\u00fcrkiy\u0259 h\u0259r zaman b\u00fct\u00fcn sah\u0259l\u0259rd\u0259, o c\u00fcml\u0259d\u0259n Da\u011fl\u0131q Qaraba\u011f m\u00fcnaqi\u015f\u0259sinin nizamlanmas\u0131 m\u0259s\u0259l\u0259sind\u0259 Az\u0259rbaycan\u0131 d\u0259st\u0259kl\u0259yib&#8221;.<\/p>\n","protected":false},"excerpt":{"rendered":"<p>T\u00fcrkiy\u0259 \u0259vv\u0259ll\u0259r oldu\u011fu kimi h\u0259r zaman Da\u011fl\u0131q Qaraba\u011f m\u0259s\u0259l\u0259sini g\u00fcnd\u0259md\u0259 saxlayacaq. ARANTV.AZ\u00a0 x\u0259b\u0259r verir ki, bu bar\u0259d\u0259 \u00f6z\u0259l olaraq\u00a0Trend-\u0259 T\u00fcrkiy\u0259 Prezident Administrasiyas\u0131ndan bildiribl\u0259r. Qeyd olunub ki, Da\u011fl\u0131q Qaraba\u011f m\u00fcnaqi\u015f\u0259sinin Az\u0259rbaycan\u0131n \u0259razi b\u00fct\u00f6vl\u00fcy\u00fc \u00e7\u0259r\u00e7iv\u0259sind\u0259n k\u0259narda h\u0259lli q\u0259bulolunmazd\u0131r: &#8220;Da\u011fl\u0131q Qaraba\u011f problemi regionda \u0259n aktual probleml\u0259rd\u0259ndir&#8221;. Administrasiyadan bildiribl\u0259r ki, m\u00fcnaqi\u015f\u0259nin indiy\u0259d\u0259k nizamlanmamas\u0131 Az\u0259rbaycana qar\u015f\u0131 t\u0259tbiq olunan ikili standartlar\u0131n n\u00fcmun\u0259sidir: &#8220;T\u00fcrkiy\u0259 h\u0259r zaman b\u00fct\u00fcn sah\u0259l\u0259rd\u0259, o c\u00fcml\u0259d\u0259n Da\u011fl\u0131q Qaraba\u011f m\u00fcnaqi\u015f\u0259sinin nizamlanmas\u0131 m\u0259s\u0259l\u0259sind\u0259 Az\u0259rbaycan\u0131 d\u0259st\u0259kl\u0259yib&#8221;.<\/p>\n","protected":false},"author":2,"featured_media":81638,"comment_status":"closed","ping_status":"closed","sticky":false,"template":"","format":"standard","meta":{"om_disable_all_campaigns":false,"_monsterinsights_skip_tracking":false,"_monsterinsights_sitenote_active":false,"_monsterinsights_sitenote_note":"","_monsterinsights_sitenote_category":0},"categories":[4],"tags":[],"aioseo_notices":[],"gutentor_comment":0,"rttpg_featured_image_url":{"full":["https:\/\/arantv.az\/wp-content\/uploads\/2019\/09\/789386.jpg",1280,873,false],"landscape":["https:\/\/arantv.az\/wp-content\/uploads\/2019\/09\/789386.jpg",1280,873,false],"portraits":["https:\/\/arantv.az\/wp-content\/uploads\/2019\/09\/789386.jpg",1280,873,false],"thumbnail":["https:\/\/arantv.az\/wp-content\/uploads\/2019\/09\/789386-150x150.jpg",150,150,true],"medium":["https:\/\/arantv.az\/wp-content\/uploads\/2019\/09\/789386-300x205.jpg",300,205,true],"large":["https:\/\/arantv.az\/wp-content\/uploads\/2019\/09\/789386-1024x698.jpg",640,436,true],"1536x1536":["https:\/\/arantv.az\/wp-content\/uploads\/2019\/09\/789386.jpg",1280,873,false],"2048x2048":["https:\/\/arantv.az\/wp-content\/uploads\/2019\/09\/789386.jpg",1280,873,false],"post-thumbnail":["https:\/\/arantv.az\/wp-content\/uploads\/2019\/09\/789386-240x172.jpg",240,172,true],"advps-thumb-one":["https:\/\/arantv.az\/wp-content\/uploads\/2019\/09\/789386-1200x620.jpg",1200,620,true]},"rttpg_author":{"display_name":"V\u00fcsal Rafiqo\u011flu","author_link":"https:\/\/arantv.az\/?author=2"},"rttpg_comment":0,"rttpg_category":"<a href=\"https:\/\/arantv.az\/?cat=4\" rel=\"category\">Siyas\u0259t<\/a>","rttpg_excerpt":"T\u00fcrkiy\u0259 \u0259vv\u0259ll\u0259r oldu\u011fu kimi h\u0259r zaman Da\u011fl\u0131q Qaraba\u011f m\u0259s\u0259l\u0259sini g\u00fcnd\u0259md\u0259 saxlayacaq. ARANTV.AZ\u00a0 x\u0259b\u0259r verir ki, bu bar\u0259d\u0259 \u00f6z\u0259l olaraq\u00a0Trend-\u0259 T\u00fcrkiy\u0259 Prezident Administrasiyas\u0131ndan bildiribl\u0259r. Qeyd olunub ki, Da\u011fl\u0131q Qaraba\u011f m\u00fcnaqi\u015f\u0259sinin Az\u0259rbaycan\u0131n \u0259razi b\u00fct\u00f6vl\u00fcy\u00fc \u00e7\u0259r\u00e7iv\u0259sind\u0259n k\u0259narda h\u0259lli q\u0259bulolunmazd\u0131r: &#8220;Da\u011fl\u0131q Qaraba\u011f problemi regionda \u0259n aktual probleml\u0259rd\u0259ndir&#8221;. Administrasiyadan bildiribl\u0259r ki, m\u00fcnaqi\u015f\u0259nin indiy\u0259d\u0259k nizamlanmamas\u0131 Az\u0259rbaycana qar\u015f\u0131 t\u0259tbiq olunan ikili standartlar\u0131n&hellip;","_links":{"self":[{"href":"https:\/\/arantv.az\/index.php?rest_route=\/wp\/v2\/posts\/81637"}],"collection":[{"href":"https:\/\/arantv.az\/index.php?rest_route=\/wp\/v2\/posts"}],"about":[{"href":"https:\/\/arantv.az\/index.php?rest_route=\/wp\/v2\/types\/post"}],"author":[{"embeddable":true,"href":"https:\/\/arantv.az\/index.php?rest_route=\/wp\/v2\/users\/2"}],"replies":[{"embeddable":true,"href":"https:\/\/arantv.az\/index.php?rest_route=%2Fwp%2Fv2%2Fcomments&post=81637"}],"version-history":[{"count":0,"href":"https:\/\/arantv.az\/index.php?rest_route=\/wp\/v2\/posts\/81637\/revisions"}],"wp:featuredmedia":[{"embeddable":true,"href":"https:\/\/arantv.az\/index.php?rest_route=\/wp\/v2\/media\/81638"}],"wp:attachment":[{"href":"https:\/\/arantv.az\/index.php?rest_route=%2Fwp%2Fv2%2Fmedia&parent=81637"}],"wp:term":[{"taxonomy":"category","embeddable":true,"href":"https:\/\/arantv.az\/index.php?rest_route=%2Fwp%2Fv2%2Fcategories&post=81637"},{"taxonomy":"post_tag","embeddable":true,"href":"https:\/\/arantv.az\/index.php?rest_route=%2Fwp%2Fv2%2Ftags&post=81637"}],"curies":[{"name":"wp","href":"https:\/\/api.w.org\/{rel}","templated":true}]}}