{"id":81645,"date":"2019-09-26T15:44:03","date_gmt":"2019-09-26T12:44:03","guid":{"rendered":"http:\/\/arantv.az\/?p=81645"},"modified":"2019-09-26T15:44:03","modified_gmt":"2019-09-26T12:44:03","slug":"ilham-%c9%99liyev-beyn%c9%99lxalq-maliyy%c9%99-korporasiyasinin-vitse-prezidentini-q%c9%99bul-etdi-foto","status":"publish","type":"post","link":"https:\/\/arantv.az\/?p=81645","title":{"rendered":"\u0130lham \u018fliyev Beyn\u0259lxalq Maliyy\u0259 Korporasiyas\u0131n\u0131n vitse-prezidentini q\u0259bul etdi &#8211; FOTO"},"content":{"rendered":"<p>Az\u0259rbaycan Respublikas\u0131n\u0131n Prezidenti \u0130lham \u018fliyev sentyabr\u0131n 26-da Beyn\u0259lxalq Maliyy\u0259 Korporasiyas\u0131n\u0131n iqtisadiyyat v\u0259 \u00f6z\u0259l sektorun inki\u015faf\u0131 \u00fczr\u0259 vitse-prezidenti Hans Piter Lankesin r\u0259hb\u0259rlik etdiyi n\u00fcmay\u0259nd\u0259 hey\u0259tini q\u0259bul edib.<\/p>\n<p><strong>ARANTV.AZ<\/strong> x\u0259b\u0259r verir ki, Prezident \u0130lham \u018fliyev n\u00fcmay\u0259nd\u0259 hey\u0259tini \u00fczvl\u0259rini salamlay\u0131b:<\/p>\n<p>\u201cM\u0259n\u0259 veril\u0259n m\u0259lumata g\u00f6r\u0259, siz Az\u0259rbaycan Respublikas\u0131 D\u00f6vl\u0259t Neft Fondunun 20 illik yubileyin\u0259 h\u0259sr olunmu\u015f konfransda i\u015ftirak edirsiniz. Bu, bizim \u0259m\u0259kda\u015fl\u0131\u011f\u0131m\u0131z\u0131n yax\u015f\u0131 g\u00f6st\u0259ricisidir. Bildiyiniz kimi, \u00f6t\u0259n 20 il \u0259rzind\u0259 bizim Neft Fondumuz Az\u0259rbaycan\u0131n inki\u015faf\u0131 \u00fc\u00e7\u00fcn \u00e7ox vacib vasit\u0259 rolunu oynay\u0131b. Bununla yana\u015f\u0131, Fond d\u00fcnyan\u0131n \u0259n \u015f\u0259ffaf suveren fondlar\u0131ndan biri kimi BMT t\u0259r\u0259find\u0259n m\u00fckafata layiq g\u00f6r\u00fcl\u00fcb.<\/p>\n<div id=\"AdviadNativeVideo0\" class=\"AdviadNativeVideo\"><\/div>\n<p>Bu Fondun Az\u0259rbaycan\u0131n inki\u015faf\u0131nda v\u0259 sosial probleml\u0259rin h\u0259llind\u0259 rolu olduqca b\u00f6y\u00fckd\u00fcr. Bildiyiniz kimi, Fondun aktivl\u0259ri hesab\u0131na biz qa\u00e7q\u0131n v\u0259 m\u0259cburi k\u00f6\u00e7k\u00fcnl\u0259r \u00fc\u00e7\u00fcn 100-d\u0259n art\u0131q q\u0259s\u0259b\u0259nin tikintisini maliyy\u0259l\u0259\u015fdirmi\u015fik.<\/p>\n<p>Az\u0259rbaycan Respublikas\u0131 D\u00f6vl\u0259t Neft Fondu insan kapital\u0131na, t\u0259hsil\u0259 v\u0259 infrastruktura s\u0259rmay\u0259 yat\u0131r\u0131b. Sizin konfransda i\u015ftirak\u0131n\u0131z da yax\u015f\u0131 g\u00f6st\u0259ricidir. Bildiyim\u0259 g\u00f6r\u0259, sizin t\u0259sisat vasit\u0259sil\u0259 d\u0259 250 milyon dollar h\u0259cmind\u0259 s\u0259rmay\u0259 qoyulub.<\/p>\n<p>Bizim \u0259m\u0259kda\u015fl\u0131\u011f\u0131m\u0131z\u0131n \u00e7ox yax\u015f\u0131 v\u0259 u\u011furlu tarix\u00e7\u0259si var. \u0130qtisadiyyat\u0131m\u0131z\u0131n \u015fax\u0259l\u0259ndirilm\u0259si v\u0259 dayan\u0131ql\u0131 iqtisadi inki\u015faf \u00fc\u00e7\u00fcn z\u0259minin yarad\u0131lmas\u0131 planlar\u0131n\u0131 n\u0259z\u0259r\u0259 alaraq g\u0259l\u0259c\u0259k inki\u015faf \u00fc\u00e7\u00fcn d\u0259 yax\u015f\u0131 perspektivl\u0259r m\u00f6vcuddur.<\/p>\n<p>Neft v\u0259 qaz sah\u0259sind\u0259n as\u0131l\u0131l\u0131\u011f\u0131n azald\u0131lmas\u0131 \u0259sas prioritetl\u0259rimizd\u0259ndir. \u018flb\u0259tt\u0259, bunu bir g\u00fcn\u00fcn i\u00e7ind\u0259 etm\u0259k m\u00fcmk\u00fcn deyil, ancaq \u015fax\u0259l\u0259ndirm\u0259 v\u0259 iqtisadiyyat\u0131n m\u00fcasirl\u0259\u015fdirilm\u0259si biz\u0259 bu as\u0131l\u0131l\u0131\u011f\u0131n b\u00f6y\u00fck d\u0259r\u0259c\u0259d\u0259 aradan qald\u0131r\u0131lmas\u0131na imkan ver\u0259c\u0259k. \u018flb\u0259tt\u0259, bildiyiniz kimi, biz biznes m\u00fchitinin yax\u015f\u0131la\u015fd\u0131r\u0131lmas\u0131na m\u00fch\u00fcm \u00f6n\u0259m veririk.<\/p>\n<p>F\u0259r\u0259hl\u0259ndirici hald\u0131r ki, D\u00fcnya Bank\u0131n\u0131n \u201cDoing Business\u201d hesabat\u0131na g\u00f6r\u0259, biz d\u00fcnyan\u0131n 10 \u0259n islahat\u00e7\u0131 d\u00f6vl\u0259ti s\u0131ras\u0131na daxil olmu\u015fuq. Bununla ba\u011fl\u0131 nail oldu\u011fumuz s\u00fcr\u0259tli inki\u015faf bizim bu sah\u0259y\u0259 \u00e7ox ciddi yana\u015fmam\u0131z\u0131n n\u0259tic\u0259sind\u0259 m\u00fcmk\u00fcn olub.<\/p>\n<p>Bildiyiniz kimi, biz bu m\u0259qs\u0259dl\u0259 x\u00fcsusi komissiya yaratm\u0131\u015f\u0131q. H\u0259min komissiya \u00e7at\u0131\u015fmazl\u0131qlar\u0131 aradan qald\u0131rmaq v\u0259 v\u0259ziyy\u0259ti yax\u015f\u0131la\u015fd\u0131rmaq \u00fc\u00e7\u00fcn hans\u0131 i\u015fl\u0259rin g\u00f6r\u00fclm\u0259li oldu\u011funu \u0259trafl\u0131 t\u0259hlil edib.<\/p>\n<p>\u201cDoing Business\u201d hesabat\u0131na g\u00f6r\u0259, \u00fcmum\u0259n, 25-ci yerd\u0259 q\u0259rarla\u015fmaq iftixar hissi do\u011furur. Ancaq \u0259n \u0259h\u0259miyy\u0259tlisi odur ki, bu, biznes m\u00fchitin\u0259 v\u0259 Az\u0259rbaycan\u0131n qeyri-enerji sah\u0259sind\u0259 inki\u015faf\u0131na m\u00fcsb\u0259t t\u0259sir g\u00f6st\u0259rir.<\/p>\n<p>G\u0259l\u0259c\u0259k prioritetl\u0259rimiz\u0259 g\u0259ldikd\u0259, hesab edir\u0259m ki, insan kapital\u0131, qeyri-neft sektoru, t\u0259hsil, k\u0259nd t\u0259s\u0259rr\u00fcfat\u0131, turizm, ki\u00e7ik v\u0259 orta sahibkarl\u0131\u011f\u0131n d\u0259st\u0259kl\u0259nm\u0259si bizim \u0259m\u0259kda\u015fl\u0131\u011f\u0131m\u0131z\u0131n prioritetl\u0259ri s\u0131ras\u0131ndad\u0131r. \u018fmin\u0259m ki, s\u0259f\u0259riniz \u00e7\u0259r\u00e7iv\u0259sind\u0259 siz art\u0131q bizim r\u0259smi \u015f\u0259xsl\u0259rl\u0259 t\u0259maslar\u0131n\u0131zda g\u0259l\u0259c\u0259kd\u0259 g\u00f6r\u00fcl\u0259c\u0259k i\u015fl\u0259r bar\u0259d\u0259 m\u00fczakir\u0259l\u0259r aparm\u0131s\u0131n\u0131z\u201d.<\/p>\n<p>Beyn\u0259lxalq Maliyy\u0259 Korporasiyas\u0131n\u0131n vitse-prezidenti Hans Piter Lankes q\u0259bula g\u00f6r\u0259 \u0130lham \u018fliyev\u0259 t\u0259\u015f\u0259kk\u00fcr edib:<\/p>\n<p>\u201cS\u0259f\u0259rimizin \u0259sas m\u0259qs\u0259di Az\u0259rbaycan Respublikas\u0131 D\u00f6vl\u0259t Neft Fondu il\u0259 birg\u0259 ke\u00e7irdiyimiz t\u0259dbirdir. D\u00f6vl\u0259t Neft Fondu bizim uzunm\u00fcdd\u0259tli yax\u0131n t\u0259r\u0259fda\u015f\u0131m\u0131zd\u0131r. Z\u0259nnimizc\u0259, bu Fond pe\u015f\u0259karcas\u0131na idar\u0259 olunan fondlardan biridir v\u0259 biz bu \u0259laq\u0259l\u0259rimiz\u0259 b\u00f6y\u00fck \u00f6n\u0259m veririk. Konfrans\u0131n m\u00f6vzusu \u201cM\u00fcsb\u0259t t\u0259sirli investisiya\u201dd\u0131r.<\/p>\n<p>Beyn\u0259lxalq Maliyy\u0259 Korporasiyas\u0131 da bu m\u0259s\u0259l\u0259y\u0259 \u00f6n\u0259m verir v\u0259 m\u00f6vzunun \u00e7ox aktual oldu\u011funun \u015fahidiyik. Az\u0259rbaycan Respublikas\u0131 D\u00f6vl\u0259t Neft Fondunun \u00f6z\u00fcn\u0259m\u0259xsus s\u0259rmay\u0259 strategiyas\u0131na malik olmas\u0131 r\u0259mzi m\u0259na da\u015f\u0131y\u0131r. Bir s\u00f6zl\u0259, \u00e7ox yax\u015f\u0131 m\u00fcnasib\u0259tl\u0259rimiz m\u00f6vcuddur\u201d.<\/p>\n<p>G\u00f6r\u00fc\u015fd\u0259 Beyn\u0259lxalq Maliyy\u0259 Korporasiyas\u0131n\u0131n Az\u0259rbaycanla \u0259m\u0259kda\u015fl\u0131\u011f\u0131n\u0131n perspektivl\u0259ri, iqtisadiyyat\u0131n \u015fax\u0259l\u0259ndirilm\u0259si, \u015f\u0259h\u0259r v\u0259 k\u0259nd yerl\u0259rind\u0259 yeni i\u015f yerl\u0259rinin yarad\u0131lmas\u0131, biznes m\u00fchitind\u0259 qazan\u0131lm\u0131\u015f u\u011furlar\u0131n daha da m\u00f6hk\u0259ml\u0259ndirilm\u0259si, \u00f6z\u0259l sektora birba\u015fa xarici investisiyalar\u0131n c\u0259lb olunmas\u0131 m\u0259s\u0259l\u0259l\u0259ri m\u00fczakir\u0259 edilib.<\/p>\n<div class=\"gallery\">\n<div class=\"gallery-i\"><img src=\"https:\/\/assets.oxu.az\/uploads\/W1siZiIsIjIwMTkvMDkvMjYvMTUvNTIvMDkvMWQ3ZWU4MjItODVjMC00ODIyLWFkYWUtM2EyZDEwNzc3ZGRlLzE1Njk0OTcyODYzNjU0MjI1NjcxXzEwMDB4NjY5LmpwZyJdLFsicCIsImVuY29kZSIsImpwZyIsIi1xdWFsaXR5IDgwIl0sWyJwIiwidGh1bWIiLCI1OTB4NTkwXHUwMDNlIl1d?sha=0b41c6c21dd00cf2\" alt=\"\" \/><\/div>\n<div class=\"gallery-i\"><img src=\"https:\/\/assets.oxu.az\/uploads\/W1siZiIsIjIwMTkvMDkvMjYvMTUvNTIvMDkvNDJkZTZjODItNmE4ZC00ZDRjLWExOWQtYTQzNzAyZGJlYTUwLzE1Njk0OTcyODY0NDkwNTE0MzFfMTAwMHg2NjkuanBnIl0sWyJwIiwiZW5jb2RlIiwianBnIiwiLXF1YWxpdHkgODAiXSxbInAiLCJ0aHVtYiIsIjU5MHg1OTBcdTAwM2UiXV0?sha=3ed57e0bf2b260dc\" alt=\"\" \/><\/div>\n<\/div>\n<div>AZ\u018fRTAC<\/div>\n","protected":false},"excerpt":{"rendered":"<p>Az\u0259rbaycan Respublikas\u0131n\u0131n Prezidenti \u0130lham \u018fliyev sentyabr\u0131n 26-da Beyn\u0259lxalq Maliyy\u0259 Korporasiyas\u0131n\u0131n iqtisadiyyat v\u0259 \u00f6z\u0259l sektorun inki\u015faf\u0131 \u00fczr\u0259 vitse-prezidenti Hans Piter Lankesin r\u0259hb\u0259rlik etdiyi n\u00fcmay\u0259nd\u0259 hey\u0259tini q\u0259bul edib. ARANTV.AZ x\u0259b\u0259r verir ki, Prezident \u0130lham \u018fliyev n\u00fcmay\u0259nd\u0259 hey\u0259tini \u00fczvl\u0259rini salamlay\u0131b: \u201cM\u0259n\u0259 veril\u0259n m\u0259lumata g\u00f6r\u0259, siz Az\u0259rbaycan Respublikas\u0131 D\u00f6vl\u0259t Neft Fondunun 20 illik yubileyin\u0259 h\u0259sr olunmu\u015f konfransda i\u015ftirak edirsiniz. Bu, bizim \u0259m\u0259kda\u015fl\u0131\u011f\u0131m\u0131z\u0131n yax\u015f\u0131 g\u00f6st\u0259ricisidir. Bildiyiniz kimi, \u00f6t\u0259n 20 il \u0259rzind\u0259 bizim Neft Fondumuz Az\u0259rbaycan\u0131n inki\u015faf\u0131 \u00fc\u00e7\u00fcn \u00e7ox vacib vasit\u0259 rolunu oynay\u0131b. Bununla yana\u015f\u0131, Fond d\u00fcnyan\u0131n \u0259n \u015f\u0259ffaf suveren fondlar\u0131ndan biri kimi BMT t\u0259r\u0259find\u0259n m\u00fckafata&hellip;<\/p>\n","protected":false},"author":2,"featured_media":81646,"comment_status":"closed","ping_status":"closed","sticky":false,"template":"","format":"standard","meta":{"om_disable_all_campaigns":false,"_monsterinsights_skip_tracking":false,"_monsterinsights_sitenote_active":false,"_monsterinsights_sitenote_note":"","_monsterinsights_sitenote_category":0},"categories":[4],"tags":[],"aioseo_notices":[],"gutentor_comment":0,"rttpg_featured_image_url":{"full":["https:\/\/arantv.az\/wp-content\/uploads\/2019\/09\/85cda618d88d27.jpg",620,383,false],"landscape":["https:\/\/arantv.az\/wp-content\/uploads\/2019\/09\/85cda618d88d27.jpg",620,383,false],"portraits":["https:\/\/arantv.az\/wp-content\/uploads\/2019\/09\/85cda618d88d27.jpg",620,383,false],"thumbnail":["https:\/\/arantv.az\/wp-content\/uploads\/2019\/09\/85cda618d88d27-150x150.jpg",150,150,true],"medium":["https:\/\/arantv.az\/wp-content\/uploads\/2019\/09\/85cda618d88d27-300x185.jpg",300,185,true],"large":["https:\/\/arantv.az\/wp-content\/uploads\/2019\/09\/85cda618d88d27.jpg",620,383,false],"1536x1536":["https:\/\/arantv.az\/wp-content\/uploads\/2019\/09\/85cda618d88d27.jpg",620,383,false],"2048x2048":["https:\/\/arantv.az\/wp-content\/uploads\/2019\/09\/85cda618d88d27.jpg",620,383,false],"post-thumbnail":["https:\/\/arantv.az\/wp-content\/uploads\/2019\/09\/85cda618d88d27-240x172.jpg",240,172,true],"advps-thumb-one":["https:\/\/arantv.az\/wp-content\/uploads\/2019\/09\/85cda618d88d27.jpg",620,383,false]},"rttpg_author":{"display_name":"V\u00fcsal Rafiqo\u011flu","author_link":"https:\/\/arantv.az\/?author=2"},"rttpg_comment":0,"rttpg_category":"<a href=\"https:\/\/arantv.az\/?cat=4\" rel=\"category\">Siyas\u0259t<\/a>","rttpg_excerpt":"Az\u0259rbaycan Respublikas\u0131n\u0131n Prezidenti \u0130lham \u018fliyev sentyabr\u0131n 26-da Beyn\u0259lxalq Maliyy\u0259 Korporasiyas\u0131n\u0131n iqtisadiyyat v\u0259 \u00f6z\u0259l sektorun inki\u015faf\u0131 \u00fczr\u0259 vitse-prezidenti Hans Piter Lankesin r\u0259hb\u0259rlik etdiyi n\u00fcmay\u0259nd\u0259 hey\u0259tini q\u0259bul edib. ARANTV.AZ x\u0259b\u0259r verir ki, Prezident \u0130lham \u018fliyev n\u00fcmay\u0259nd\u0259 hey\u0259tini \u00fczvl\u0259rini salamlay\u0131b: \u201cM\u0259n\u0259 veril\u0259n m\u0259lumata g\u00f6r\u0259, siz Az\u0259rbaycan Respublikas\u0131 D\u00f6vl\u0259t Neft Fondunun 20 illik yubileyin\u0259 h\u0259sr olunmu\u015f konfransda i\u015ftirak edirsiniz.&hellip;","_links":{"self":[{"href":"https:\/\/arantv.az\/index.php?rest_route=\/wp\/v2\/posts\/81645"}],"collection":[{"href":"https:\/\/arantv.az\/index.php?rest_route=\/wp\/v2\/posts"}],"about":[{"href":"https:\/\/arantv.az\/index.php?rest_route=\/wp\/v2\/types\/post"}],"author":[{"embeddable":true,"href":"https:\/\/arantv.az\/index.php?rest_route=\/wp\/v2\/users\/2"}],"replies":[{"embeddable":true,"href":"https:\/\/arantv.az\/index.php?rest_route=%2Fwp%2Fv2%2Fcomments&post=81645"}],"version-history":[{"count":0,"href":"https:\/\/arantv.az\/index.php?rest_route=\/wp\/v2\/posts\/81645\/revisions"}],"wp:featuredmedia":[{"embeddable":true,"href":"https:\/\/arantv.az\/index.php?rest_route=\/wp\/v2\/media\/81646"}],"wp:attachment":[{"href":"https:\/\/arantv.az\/index.php?rest_route=%2Fwp%2Fv2%2Fmedia&parent=81645"}],"wp:term":[{"taxonomy":"category","embeddable":true,"href":"https:\/\/arantv.az\/index.php?rest_route=%2Fwp%2Fv2%2Fcategories&post=81645"},{"taxonomy":"post_tag","embeddable":true,"href":"https:\/\/arantv.az\/index.php?rest_route=%2Fwp%2Fv2%2Ftags&post=81645"}],"curies":[{"name":"wp","href":"https:\/\/api.w.org\/{rel}","templated":true}]}}