{"id":81649,"date":"2019-09-26T15:45:31","date_gmt":"2019-09-26T12:45:31","guid":{"rendered":"http:\/\/arantv.az\/?p=81649"},"modified":"2019-09-26T15:45:31","modified_gmt":"2019-09-26T12:45:31","slug":"o-ilk-d%c9%99f%c9%99-az%c9%99rbaycana-g%c9%99lir","status":"publish","type":"post","link":"https:\/\/arantv.az\/?p=81649","title":{"rendered":"O, ilk d\u0259f\u0259 Az\u0259rbaycana g\u0259lir"},"content":{"rendered":"<p>BMT-nin \u018frzaq m\u0259s\u0259l\u0259l\u0259ri \u00fczr\u0259 x\u00fcsusi m\u0259ruz\u0259\u00e7isi Hilal Elver Az\u0259rbaycana s\u0259f\u0259r\u0259 g\u0259l\u0259c\u0259k.<\/p>\n<p>Bu bar\u0259d\u0259 BMT-nin \u0130nsan H\u00fcquqlar\u0131 \u00fczr\u0259 Ali Komissarl\u0131\u011f\u0131n\u0131n\u00a0<a href=\"https:\/\/www.ohchr.org\/EN\/NewsEvents\/Pages\/DisplayNews.aspx?NewsID=25057&amp;LangID=E\" target=\"_blank\" rel=\"noopener\">m\u0259lumat\u0131nda<\/a>\u00a0bildirilib.<\/p>\n<p>Bildirilib ki, bu, H.Everin Az\u0259rbaycana ilk s\u0259f\u0259ridir.<\/p>\n<div id=\"AdviadNativeVideo0\" class=\"AdviadNativeVideo\"><\/div>\n<p>X\u00fcsusi m\u0259ruz\u0259\u00e7i Az\u0259rbaycana s\u0259f\u0259ri \u00e7\u0259r\u00e7iv\u0259sind\u0259 Bak\u0131ya, Qubaya v\u0259 G\u0259nc\u0259y\u0259 ged\u0259c\u0259k. O, h\u00f6kum\u0259t r\u0259smil\u0259ri, Ombudsman, BMT sistemin n\u00fcmay\u0259nd\u0259l\u0259ri, beyn\u0259lxalq donor icmas\u0131, v\u0259t\u0259nda\u015f c\u0259miyy\u0259ti t\u0259\u015fkilatlar\u0131 v\u0259 dig\u0259r icmalarla g\u00f6r\u00fc\u015fl\u0259r ke\u00e7ir\u0259c\u0259k.<\/p>\n<p>Ekspert\u00a0k\u0259nd t\u0259s\u0259rr\u00fcfat\u0131 sektorunun oynad\u0131\u011f\u0131 rolu, o c\u00fcml\u0259d\u0259n, m\u00fcnasib t\u0259cr\u00fcb\u0259 n\u00fcmun\u0259l\u0259rini v\u0259 \u00e7\u0259tinlikl\u0259ri n\u0259z\u0259rd\u0259n ke\u00e7irm\u0259yi planla\u015fd\u0131r\u0131r.<\/p>\n<p>X\u00fcsusi m\u0259ruz\u0259\u00e7i s\u0259f\u0259rin\u0259 dair ilkin m\u00fc\u015fahid\u0259l\u0259rini s\u0259f\u0259rin sonunda,\u00a0oktyabr\u0131n 11-d\u0259\u00a0m\u0259tbuat konfrans\u0131nda t\u0259qdim ed\u0259c\u0259k.<\/p>\n<p>S\u0259f\u0259rl\u0259 \u0259laq\u0259dar H.Elverin yekun hesabat\u0131 2020-ci ilin mart\u0131nda Cenevr\u0259d\u0259 \u0130nsan H\u00fcquqlar\u0131 \u015euras\u0131na t\u0259qdim olunacaq.<\/p>\n<p>S\u0259f\u0259r oktyabr\u0131n 1-11 tarixl\u0259rind\u0259 realla\u015facaq.<\/p>\n","protected":false},"excerpt":{"rendered":"<p>BMT-nin \u018frzaq m\u0259s\u0259l\u0259l\u0259ri \u00fczr\u0259 x\u00fcsusi m\u0259ruz\u0259\u00e7isi Hilal Elver Az\u0259rbaycana s\u0259f\u0259r\u0259 g\u0259l\u0259c\u0259k. Bu bar\u0259d\u0259 BMT-nin \u0130nsan H\u00fcquqlar\u0131 \u00fczr\u0259 Ali Komissarl\u0131\u011f\u0131n\u0131n\u00a0m\u0259lumat\u0131nda\u00a0bildirilib. Bildirilib ki, bu, H.Everin Az\u0259rbaycana ilk s\u0259f\u0259ridir. X\u00fcsusi m\u0259ruz\u0259\u00e7i Az\u0259rbaycana s\u0259f\u0259ri \u00e7\u0259r\u00e7iv\u0259sind\u0259 Bak\u0131ya, Qubaya v\u0259 G\u0259nc\u0259y\u0259 ged\u0259c\u0259k. O, h\u00f6kum\u0259t r\u0259smil\u0259ri, Ombudsman, BMT sistemin n\u00fcmay\u0259nd\u0259l\u0259ri, beyn\u0259lxalq donor icmas\u0131, v\u0259t\u0259nda\u015f c\u0259miyy\u0259ti t\u0259\u015fkilatlar\u0131 v\u0259 dig\u0259r icmalarla g\u00f6r\u00fc\u015fl\u0259r ke\u00e7ir\u0259c\u0259k. Ekspert\u00a0k\u0259nd t\u0259s\u0259rr\u00fcfat\u0131 sektorunun oynad\u0131\u011f\u0131 rolu, o c\u00fcml\u0259d\u0259n, m\u00fcnasib t\u0259cr\u00fcb\u0259 n\u00fcmun\u0259l\u0259rini v\u0259 \u00e7\u0259tinlikl\u0259ri n\u0259z\u0259rd\u0259n ke\u00e7irm\u0259yi planla\u015fd\u0131r\u0131r. X\u00fcsusi m\u0259ruz\u0259\u00e7i s\u0259f\u0259rin\u0259 dair ilkin m\u00fc\u015fahid\u0259l\u0259rini s\u0259f\u0259rin sonunda,\u00a0oktyabr\u0131n 11-d\u0259\u00a0m\u0259tbuat konfrans\u0131nda t\u0259qdim ed\u0259c\u0259k. S\u0259f\u0259rl\u0259 \u0259laq\u0259dar H.Elverin yekun hesabat\u0131 2020-ci ilin mart\u0131nda Cenevr\u0259d\u0259&hellip;<\/p>\n","protected":false},"author":2,"featured_media":81650,"comment_status":"closed","ping_status":"closed","sticky":false,"template":"","format":"standard","meta":{"om_disable_all_campaigns":false,"_monsterinsights_skip_tracking":false,"_monsterinsights_sitenote_active":false,"_monsterinsights_sitenote_note":"","_monsterinsights_sitenote_category":0},"categories":[19],"tags":[],"aioseo_notices":[],"gutentor_comment":0,"rttpg_featured_image_url":{"full":["https:\/\/arantv.az\/wp-content\/uploads\/2019\/09\/hilalElver-Rapporteur-11NOV16-625-415.jpg",620,338,false],"landscape":["https:\/\/arantv.az\/wp-content\/uploads\/2019\/09\/hilalElver-Rapporteur-11NOV16-625-415.jpg",620,338,false],"portraits":["https:\/\/arantv.az\/wp-content\/uploads\/2019\/09\/hilalElver-Rapporteur-11NOV16-625-415.jpg",620,338,false],"thumbnail":["https:\/\/arantv.az\/wp-content\/uploads\/2019\/09\/hilalElver-Rapporteur-11NOV16-625-415-150x150.jpg",150,150,true],"medium":["https:\/\/arantv.az\/wp-content\/uploads\/2019\/09\/hilalElver-Rapporteur-11NOV16-625-415-300x164.jpg",300,164,true],"large":["https:\/\/arantv.az\/wp-content\/uploads\/2019\/09\/hilalElver-Rapporteur-11NOV16-625-415.jpg",620,338,false],"1536x1536":["https:\/\/arantv.az\/wp-content\/uploads\/2019\/09\/hilalElver-Rapporteur-11NOV16-625-415.jpg",620,338,false],"2048x2048":["https:\/\/arantv.az\/wp-content\/uploads\/2019\/09\/hilalElver-Rapporteur-11NOV16-625-415.jpg",620,338,false],"post-thumbnail":["https:\/\/arantv.az\/wp-content\/uploads\/2019\/09\/hilalElver-Rapporteur-11NOV16-625-415-240x172.jpg",240,172,true],"advps-thumb-one":["https:\/\/arantv.az\/wp-content\/uploads\/2019\/09\/hilalElver-Rapporteur-11NOV16-625-415.jpg",620,338,false]},"rttpg_author":{"display_name":"V\u00fcsal Rafiqo\u011flu","author_link":"https:\/\/arantv.az\/?author=2"},"rttpg_comment":0,"rttpg_category":"<a href=\"https:\/\/arantv.az\/?cat=19\" rel=\"category\">G\u00fcnd\u0259m<\/a>","rttpg_excerpt":"BMT-nin \u018frzaq m\u0259s\u0259l\u0259l\u0259ri \u00fczr\u0259 x\u00fcsusi m\u0259ruz\u0259\u00e7isi Hilal Elver Az\u0259rbaycana s\u0259f\u0259r\u0259 g\u0259l\u0259c\u0259k. Bu bar\u0259d\u0259 BMT-nin \u0130nsan H\u00fcquqlar\u0131 \u00fczr\u0259 Ali Komissarl\u0131\u011f\u0131n\u0131n\u00a0m\u0259lumat\u0131nda\u00a0bildirilib. Bildirilib ki, bu, H.Everin Az\u0259rbaycana ilk s\u0259f\u0259ridir. X\u00fcsusi m\u0259ruz\u0259\u00e7i Az\u0259rbaycana s\u0259f\u0259ri \u00e7\u0259r\u00e7iv\u0259sind\u0259 Bak\u0131ya, Qubaya v\u0259 G\u0259nc\u0259y\u0259 ged\u0259c\u0259k. O, h\u00f6kum\u0259t r\u0259smil\u0259ri, Ombudsman, BMT sistemin n\u00fcmay\u0259nd\u0259l\u0259ri, beyn\u0259lxalq donor icmas\u0131, v\u0259t\u0259nda\u015f c\u0259miyy\u0259ti t\u0259\u015fkilatlar\u0131 v\u0259 dig\u0259r icmalarla g\u00f6r\u00fc\u015fl\u0259r ke\u00e7ir\u0259c\u0259k. Ekspert\u00a0k\u0259nd&hellip;","_links":{"self":[{"href":"https:\/\/arantv.az\/index.php?rest_route=\/wp\/v2\/posts\/81649"}],"collection":[{"href":"https:\/\/arantv.az\/index.php?rest_route=\/wp\/v2\/posts"}],"about":[{"href":"https:\/\/arantv.az\/index.php?rest_route=\/wp\/v2\/types\/post"}],"author":[{"embeddable":true,"href":"https:\/\/arantv.az\/index.php?rest_route=\/wp\/v2\/users\/2"}],"replies":[{"embeddable":true,"href":"https:\/\/arantv.az\/index.php?rest_route=%2Fwp%2Fv2%2Fcomments&post=81649"}],"version-history":[{"count":0,"href":"https:\/\/arantv.az\/index.php?rest_route=\/wp\/v2\/posts\/81649\/revisions"}],"wp:featuredmedia":[{"embeddable":true,"href":"https:\/\/arantv.az\/index.php?rest_route=\/wp\/v2\/media\/81650"}],"wp:attachment":[{"href":"https:\/\/arantv.az\/index.php?rest_route=%2Fwp%2Fv2%2Fmedia&parent=81649"}],"wp:term":[{"taxonomy":"category","embeddable":true,"href":"https:\/\/arantv.az\/index.php?rest_route=%2Fwp%2Fv2%2Fcategories&post=81649"},{"taxonomy":"post_tag","embeddable":true,"href":"https:\/\/arantv.az\/index.php?rest_route=%2Fwp%2Fv2%2Ftags&post=81649"}],"curies":[{"name":"wp","href":"https:\/\/api.w.org\/{rel}","templated":true}]}}