{"id":81657,"date":"2019-09-26T15:49:47","date_gmt":"2019-09-26T12:49:47","guid":{"rendered":"http:\/\/arantv.az\/?p=81657"},"modified":"2019-09-26T15:49:47","modified_gmt":"2019-09-26T12:49:47","slug":"prezident-ilham-%c9%99liyev-neft-v%c9%99-qaz-sah%c9%99sind%c9%99n-asililigin-azaldilmasi-%c9%99sas-prioritetl%c9%99rimizd%c9%99ndir","status":"publish","type":"post","link":"https:\/\/arantv.az\/?p=81657","title":{"rendered":"Prezident \u0130lham \u018fliyev: &#8220;Neft v\u0259 qaz sah\u0259sind\u0259n as\u0131l\u0131l\u0131\u011f\u0131n azald\u0131lmas\u0131 \u0259sas prioritetl\u0259rimizd\u0259ndir&#8221;"},"content":{"rendered":"<p>&#8220;Neft v\u0259 qaz sah\u0259sind\u0259n as\u0131l\u0131l\u0131\u011f\u0131n azald\u0131lmas\u0131 \u0259sas prioritetl\u0259rimizd\u0259ndir&#8221;.<\/p>\n<p><strong>ARANTV.AZ<\/strong>\u00a0<a href=\"https:\/\/azertag.az\/\" target=\"_blank\" rel=\"noopener\">AZ\u018fRTAC<\/a>-a istinad\u0259n x\u0259b\u0259r verir ki, bunu Prezident \u0130lham \u018fliyev Beyn\u0259lxalq Maliyy\u0259 Korporasiyas\u0131n\u0131n iqtisadiyyat v\u0259 \u00f6z\u0259l sektorun inki\u015faf\u0131 \u00fczr\u0259 vitse-prezidenti Hans Piter Lankesin r\u0259hb\u0259rlik etdiyi n\u00fcmay\u0259nd\u0259 hey\u0259ti il\u0259 g\u00f6r\u00fc\u015f\u00fcnd\u0259 deyib.<\/p>\n<p>Prezidenti \u0130lham \u018fliyev bildirib: &#8220;M\u0259n\u0259 veril\u0259n m\u0259lumata g\u00f6r\u0259, siz Az\u0259rbaycan Respublikas\u0131 D\u00f6vl\u0259t Neft Fondunun 20 illik yubileyin\u0259 h\u0259sr olunmu\u015f konfransda i\u015ftirak edirsiniz. Bu, bizim \u0259m\u0259kda\u015fl\u0131\u011f\u0131m\u0131z\u0131n yax\u015f\u0131 g\u00f6st\u0259ricisidir. Bildiyiniz kimi, \u00f6t\u0259n 20 il \u0259rzind\u0259 bizim Neft Fondumuz Az\u0259rbaycan\u0131n inki\u015faf\u0131 \u00fc\u00e7\u00fcn \u00e7ox vacib vasit\u0259 rolunu oynay\u0131b. Bununla yana\u015f\u0131, Fond d\u00fcnyan\u0131n \u0259n \u015f\u0259ffaf suveren fondlar\u0131ndan biri kimi BMT t\u0259r\u0259find\u0259n m\u00fckafata layiq g\u00f6r\u00fcl\u00fcb. Bu Fondun Az\u0259rbaycan\u0131n inki\u015faf\u0131nda v\u0259 sosial probleml\u0259rin h\u0259llind\u0259 rolu olduqca b\u00f6y\u00fckd\u00fcr. Bildiyiniz kimi, Fondun aktivl\u0259ri hesab\u0131na biz qa\u00e7q\u0131n v\u0259 m\u0259cburi k\u00f6\u00e7k\u00fcnl\u0259r \u00fc\u00e7\u00fcn 100-d\u0259n art\u0131q q\u0259s\u0259b\u0259nin tikintisini maliyy\u0259l\u0259\u015fdirmi\u015fik. Az\u0259rbaycan Respublikas\u0131 D\u00f6vl\u0259t Neft Fondu insan kapital\u0131na, t\u0259hsil\u0259 v\u0259 infrastruktura s\u0259rmay\u0259 yat\u0131r\u0131b. Sizin konfransda i\u015ftirak\u0131n\u0131z da yax\u015f\u0131 g\u00f6st\u0259ricidir. Bildiyim\u0259 g\u00f6r\u0259, sizin t\u0259sisat vasit\u0259sil\u0259 d\u0259 250 milyon dollar h\u0259cmind\u0259 s\u0259rmay\u0259 qoyulub.<\/p>\n<p>Bizim \u0259m\u0259kda\u015fl\u0131\u011f\u0131m\u0131z\u0131n \u00e7ox yax\u015f\u0131 v\u0259 u\u011furlu tarix\u00e7\u0259si var. \u0130qtisadiyyat\u0131m\u0131z\u0131n \u015fax\u0259l\u0259ndirilm\u0259si v\u0259 dayan\u0131ql\u0131 iqtisadi inki\u015faf \u00fc\u00e7\u00fcn z\u0259minin yarad\u0131lmas\u0131 planlar\u0131n\u0131 n\u0259z\u0259r\u0259 alaraq g\u0259l\u0259c\u0259k inki\u015faf \u00fc\u00e7\u00fcn d\u0259 yax\u015f\u0131 perspektivl\u0259r m\u00f6vcuddur. Neft v\u0259 qaz sah\u0259sind\u0259n as\u0131l\u0131l\u0131\u011f\u0131n azald\u0131lmas\u0131 \u0259sas prioritetl\u0259rimizd\u0259ndir. \u018flb\u0259tt\u0259, bunu bir g\u00fcn\u00fcn i\u00e7ind\u0259 etm\u0259k m\u00fcmk\u00fcn deyil, ancaq \u015fax\u0259l\u0259ndirm\u0259 v\u0259 iqtisadiyyat\u0131n m\u00fcasirl\u0259\u015fdirilm\u0259si biz\u0259 bu as\u0131l\u0131l\u0131\u011f\u0131n b\u00f6y\u00fck d\u0259r\u0259c\u0259d\u0259 aradan qald\u0131r\u0131lmas\u0131na imkan ver\u0259c\u0259k. \u018flb\u0259tt\u0259, bildiyiniz kimi, biz biznes m\u00fchitinin yax\u015f\u0131la\u015fd\u0131r\u0131lmas\u0131na m\u00fch\u00fcm \u00f6n\u0259m veririk. F\u0259r\u0259hl\u0259ndirici hald\u0131r ki, D\u00fcnya Bank\u0131n\u0131n &#8220;Doing Business&#8221; hesabat\u0131na g\u00f6r\u0259, biz d\u00fcnyan\u0131n 10 \u0259n islahat\u00e7\u0131 d\u00f6vl\u0259ti s\u0131ras\u0131na daxil olmu\u015fuq. Bununla ba\u011fl\u0131 nail oldu\u011fumuz s\u00fcr\u0259tli inki\u015faf bizim bu sah\u0259y\u0259 \u00e7ox ciddi yana\u015fmam\u0131z\u0131n n\u0259tic\u0259sind\u0259 m\u00fcmk\u00fcn olub. Bildiyiniz kimi, biz bu m\u0259qs\u0259dl\u0259 x\u00fcsusi komissiya yaratm\u0131\u015f\u0131q. H\u0259min komissiya \u00e7at\u0131\u015fmazl\u0131qlar\u0131 aradan qald\u0131rmaq v\u0259 v\u0259ziyy\u0259ti yax\u015f\u0131la\u015fd\u0131rmaq \u00fc\u00e7\u00fcn hans\u0131 i\u015fl\u0259rin g\u00f6r\u00fclm\u0259li oldu\u011funu \u0259trafl\u0131 t\u0259hlil edib. &#8220;Doing Business&#8221; hesabat\u0131na g\u00f6r\u0259, \u00fcmum\u0259n, 25-ci yerd\u0259 q\u0259rarla\u015fmaq iftixar hissi do\u011furur. Ancaq \u0259n \u0259h\u0259miyy\u0259tlisi odur ki, bu, biznes m\u00fchitin\u0259 v\u0259 Az\u0259rbaycan\u0131n qeyri-enerji sah\u0259sind\u0259 inki\u015faf\u0131na m\u00fcsb\u0259t t\u0259sir g\u00f6st\u0259rir. G\u0259l\u0259c\u0259k prioritetl\u0259rimiz\u0259 g\u0259ldikd\u0259, hesab edir\u0259m ki, insan kapital\u0131, qeyri-neft sektoru, t\u0259hsil, k\u0259nd t\u0259s\u0259rr\u00fcfat\u0131, turizm, ki\u00e7ik v\u0259 orta sahibkarl\u0131\u011f\u0131n d\u0259st\u0259kl\u0259nm\u0259si bizim \u0259m\u0259kda\u015fl\u0131\u011f\u0131m\u0131z\u0131n prioritetl\u0259ri s\u0131ras\u0131ndad\u0131r. \u018fmin\u0259m ki, s\u0259f\u0259riniz \u00e7\u0259r\u00e7iv\u0259sind\u0259 siz art\u0131q bizim r\u0259smi \u015f\u0259xsl\u0259rl\u0259 t\u0259maslar\u0131n\u0131zda g\u0259l\u0259c\u0259kd\u0259 g\u00f6r\u00fcl\u0259c\u0259k i\u015fl\u0259r bar\u0259d\u0259 m\u00fczakir\u0259l\u0259r aparm\u0131s\u0131n\u0131z. Bir daha Az\u0259rbaycana xo\u015f g\u0259lmisiniz&#8221;.<\/p>\n","protected":false},"excerpt":{"rendered":"<p>&#8220;Neft v\u0259 qaz sah\u0259sind\u0259n as\u0131l\u0131l\u0131\u011f\u0131n azald\u0131lmas\u0131 \u0259sas prioritetl\u0259rimizd\u0259ndir&#8221;. ARANTV.AZ\u00a0AZ\u018fRTAC-a istinad\u0259n x\u0259b\u0259r verir ki, bunu Prezident \u0130lham \u018fliyev Beyn\u0259lxalq Maliyy\u0259 Korporasiyas\u0131n\u0131n iqtisadiyyat v\u0259 \u00f6z\u0259l sektorun inki\u015faf\u0131 \u00fczr\u0259 vitse-prezidenti Hans Piter Lankesin r\u0259hb\u0259rlik etdiyi n\u00fcmay\u0259nd\u0259 hey\u0259ti il\u0259 g\u00f6r\u00fc\u015f\u00fcnd\u0259 deyib. Prezidenti \u0130lham \u018fliyev bildirib: &#8220;M\u0259n\u0259 veril\u0259n m\u0259lumata g\u00f6r\u0259, siz Az\u0259rbaycan Respublikas\u0131 D\u00f6vl\u0259t Neft Fondunun 20 illik yubileyin\u0259 h\u0259sr olunmu\u015f konfransda i\u015ftirak edirsiniz. Bu, bizim \u0259m\u0259kda\u015fl\u0131\u011f\u0131m\u0131z\u0131n yax\u015f\u0131 g\u00f6st\u0259ricisidir. Bildiyiniz kimi, \u00f6t\u0259n 20 il \u0259rzind\u0259 bizim Neft Fondumuz Az\u0259rbaycan\u0131n inki\u015faf\u0131 \u00fc\u00e7\u00fcn \u00e7ox vacib vasit\u0259 rolunu oynay\u0131b. Bununla yana\u015f\u0131, Fond d\u00fcnyan\u0131n \u0259n \u015f\u0259ffaf suveren fondlar\u0131ndan biri&hellip;<\/p>\n","protected":false},"author":2,"featured_media":81658,"comment_status":"closed","ping_status":"closed","sticky":false,"template":"","format":"standard","meta":{"om_disable_all_campaigns":false,"_monsterinsights_skip_tracking":false,"_monsterinsights_sitenote_active":false,"_monsterinsights_sitenote_note":"","_monsterinsights_sitenote_category":0},"categories":[4],"tags":[],"aioseo_notices":[],"gutentor_comment":0,"rttpg_featured_image_url":{"full":["https:\/\/arantv.az\/wp-content\/uploads\/2019\/09\/789407_1111.jpg",1200,900,false],"landscape":["https:\/\/arantv.az\/wp-content\/uploads\/2019\/09\/789407_1111.jpg",1200,900,false],"portraits":["https:\/\/arantv.az\/wp-content\/uploads\/2019\/09\/789407_1111.jpg",1200,900,false],"thumbnail":["https:\/\/arantv.az\/wp-content\/uploads\/2019\/09\/789407_1111-150x150.jpg",150,150,true],"medium":["https:\/\/arantv.az\/wp-content\/uploads\/2019\/09\/789407_1111-300x225.jpg",300,225,true],"large":["https:\/\/arantv.az\/wp-content\/uploads\/2019\/09\/789407_1111-1024x768.jpg",640,480,true],"1536x1536":["https:\/\/arantv.az\/wp-content\/uploads\/2019\/09\/789407_1111.jpg",1200,900,false],"2048x2048":["https:\/\/arantv.az\/wp-content\/uploads\/2019\/09\/789407_1111.jpg",1200,900,false],"post-thumbnail":["https:\/\/arantv.az\/wp-content\/uploads\/2019\/09\/789407_1111-240x172.jpg",240,172,true],"advps-thumb-one":["https:\/\/arantv.az\/wp-content\/uploads\/2019\/09\/789407_1111-1200x620.jpg",1200,620,true]},"rttpg_author":{"display_name":"V\u00fcsal Rafiqo\u011flu","author_link":"https:\/\/arantv.az\/?author=2"},"rttpg_comment":0,"rttpg_category":"<a href=\"https:\/\/arantv.az\/?cat=4\" rel=\"category\">Siyas\u0259t<\/a>","rttpg_excerpt":"&#8220;Neft v\u0259 qaz sah\u0259sind\u0259n as\u0131l\u0131l\u0131\u011f\u0131n azald\u0131lmas\u0131 \u0259sas prioritetl\u0259rimizd\u0259ndir&#8221;. ARANTV.AZ\u00a0AZ\u018fRTAC-a istinad\u0259n x\u0259b\u0259r verir ki, bunu Prezident \u0130lham \u018fliyev Beyn\u0259lxalq Maliyy\u0259 Korporasiyas\u0131n\u0131n iqtisadiyyat v\u0259 \u00f6z\u0259l sektorun inki\u015faf\u0131 \u00fczr\u0259 vitse-prezidenti Hans Piter Lankesin r\u0259hb\u0259rlik etdiyi n\u00fcmay\u0259nd\u0259 hey\u0259ti il\u0259 g\u00f6r\u00fc\u015f\u00fcnd\u0259 deyib. Prezidenti \u0130lham \u018fliyev bildirib: &#8220;M\u0259n\u0259 veril\u0259n m\u0259lumata g\u00f6r\u0259, siz Az\u0259rbaycan Respublikas\u0131 D\u00f6vl\u0259t Neft Fondunun 20 illik yubileyin\u0259 h\u0259sr&hellip;","_links":{"self":[{"href":"https:\/\/arantv.az\/index.php?rest_route=\/wp\/v2\/posts\/81657"}],"collection":[{"href":"https:\/\/arantv.az\/index.php?rest_route=\/wp\/v2\/posts"}],"about":[{"href":"https:\/\/arantv.az\/index.php?rest_route=\/wp\/v2\/types\/post"}],"author":[{"embeddable":true,"href":"https:\/\/arantv.az\/index.php?rest_route=\/wp\/v2\/users\/2"}],"replies":[{"embeddable":true,"href":"https:\/\/arantv.az\/index.php?rest_route=%2Fwp%2Fv2%2Fcomments&post=81657"}],"version-history":[{"count":0,"href":"https:\/\/arantv.az\/index.php?rest_route=\/wp\/v2\/posts\/81657\/revisions"}],"wp:featuredmedia":[{"embeddable":true,"href":"https:\/\/arantv.az\/index.php?rest_route=\/wp\/v2\/media\/81658"}],"wp:attachment":[{"href":"https:\/\/arantv.az\/index.php?rest_route=%2Fwp%2Fv2%2Fmedia&parent=81657"}],"wp:term":[{"taxonomy":"category","embeddable":true,"href":"https:\/\/arantv.az\/index.php?rest_route=%2Fwp%2Fv2%2Fcategories&post=81657"},{"taxonomy":"post_tag","embeddable":true,"href":"https:\/\/arantv.az\/index.php?rest_route=%2Fwp%2Fv2%2Ftags&post=81657"}],"curies":[{"name":"wp","href":"https:\/\/api.w.org\/{rel}","templated":true}]}}