{"id":81673,"date":"2019-09-26T16:25:52","date_gmt":"2019-09-26T13:25:52","guid":{"rendered":"http:\/\/arantv.az\/?p=81673"},"modified":"2019-09-26T16:25:52","modified_gmt":"2019-09-26T13:25:52","slug":"%c9%99rdogan-z%c9%99lz%c9%99l%c9%99d%c9%99n-danisdi-8-n%c9%99f%c9%99r","status":"publish","type":"post","link":"https:\/\/arantv.az\/?p=81673","title":{"rendered":"\u018frdo\u011fan z\u0259lz\u0259l\u0259d\u0259n DANI\u015eDI &#8211; 8 n\u0259f\u0259r&#8230;"},"content":{"rendered":"<p><strong>Bu g\u00fcn \u0130stanbulda ba\u015f vermi\u015f z\u0259lz\u0259l\u0259 n\u0259tic\u0259sind\u0259 8 n\u0259f\u0259r yaralan\u0131b.<\/strong><\/p>\n<p><strong>ARANTV.AZ<\/strong>\u00a0<a href=\"https:\/\/az.trend.az\/\" target=\"_blank\" rel=\"noopener\">Trend<\/a>-\u0259 istinad\u0259n x\u0259b\u0259r verir ki, bu r\u0259q\u0259mi T\u00fcrkiy\u0259 Prezidenti R\u0259c\u0259b Tayyib \u018frdo\u011fan a\u00e7\u0131qlay\u0131b.<\/p>\n<p>T\u00fcrkiy\u0259 Prezidentinin s\u00f6zl\u0259rin\u0259 g\u00f6r\u0259, z\u0259lz\u0259l\u0259 n\u0259tic\u0259sind\u0259 \u015f\u0259h\u0259rin b\u0259zi yerl\u0259rind\u0259 binalarda \u00e7atlar da \u0259m\u0259l\u0259 g\u0259lib.<\/p>\n<p>R.T.\u018frdo\u011fan qeyd edib ki, bu saata q\u0259d\u0259r 28 yeralt\u0131 t\u0259kan qeyd\u0259 al\u0131n\u0131b.<\/p>\n<div>\n<div id=\"AdviadNativeVideo0\" class=\"AdviadNativeVideo\"><\/div>\n<\/div>\n<p>T\u00fcrkiy\u0259 d\u00f6vl\u0259t ba\u015f\u00e7\u0131s\u0131n\u0131n s\u00f6zl\u0259rin\u0259 g\u00f6r\u0259, z\u0259lz\u0259l\u0259nin f\u0259sadlar\u0131n\u0131 ayd\u0131nla\u015fd\u0131rmaq m\u0259qs\u0259dil\u0259 vitse-prezident Fuat Oktay\u0131n r\u0259hb\u0259rliyi alt\u0131nda d\u00f6vl\u0259t komissiyas\u0131 da yarad\u0131l\u0131b.<\/p>\n","protected":false},"excerpt":{"rendered":"<p>Bu g\u00fcn \u0130stanbulda ba\u015f vermi\u015f z\u0259lz\u0259l\u0259 n\u0259tic\u0259sind\u0259 8 n\u0259f\u0259r yaralan\u0131b. ARANTV.AZ\u00a0Trend-\u0259 istinad\u0259n x\u0259b\u0259r verir ki, bu r\u0259q\u0259mi T\u00fcrkiy\u0259 Prezidenti R\u0259c\u0259b Tayyib \u018frdo\u011fan a\u00e7\u0131qlay\u0131b. T\u00fcrkiy\u0259 Prezidentinin s\u00f6zl\u0259rin\u0259 g\u00f6r\u0259, z\u0259lz\u0259l\u0259 n\u0259tic\u0259sind\u0259 \u015f\u0259h\u0259rin b\u0259zi yerl\u0259rind\u0259 binalarda \u00e7atlar da \u0259m\u0259l\u0259 g\u0259lib. R.T.\u018frdo\u011fan qeyd edib ki, bu saata q\u0259d\u0259r 28 yeralt\u0131 t\u0259kan qeyd\u0259 al\u0131n\u0131b. T\u00fcrkiy\u0259 d\u00f6vl\u0259t ba\u015f\u00e7\u0131s\u0131n\u0131n s\u00f6zl\u0259rin\u0259 g\u00f6r\u0259, z\u0259lz\u0259l\u0259nin f\u0259sadlar\u0131n\u0131 ayd\u0131nla\u015fd\u0131rmaq m\u0259qs\u0259dil\u0259 vitse-prezident Fuat Oktay\u0131n r\u0259hb\u0259rliyi alt\u0131nda d\u00f6vl\u0259t komissiyas\u0131 da yarad\u0131l\u0131b.<\/p>\n","protected":false},"author":2,"featured_media":81674,"comment_status":"closed","ping_status":"closed","sticky":false,"template":"","format":"standard","meta":{"om_disable_all_campaigns":false,"_monsterinsights_skip_tracking":false,"_monsterinsights_sitenote_active":false,"_monsterinsights_sitenote_note":"","_monsterinsights_sitenote_category":0},"categories":[7],"tags":[],"aioseo_notices":[],"gutentor_comment":0,"rttpg_featured_image_url":{"full":["https:\/\/arantv.az\/wp-content\/uploads\/2019\/09\/787186.jpg",800,600,false],"landscape":["https:\/\/arantv.az\/wp-content\/uploads\/2019\/09\/787186.jpg",800,600,false],"portraits":["https:\/\/arantv.az\/wp-content\/uploads\/2019\/09\/787186.jpg",800,600,false],"thumbnail":["https:\/\/arantv.az\/wp-content\/uploads\/2019\/09\/787186-150x150.jpg",150,150,true],"medium":["https:\/\/arantv.az\/wp-content\/uploads\/2019\/09\/787186-300x225.jpg",300,225,true],"large":["https:\/\/arantv.az\/wp-content\/uploads\/2019\/09\/787186.jpg",640,480,false],"1536x1536":["https:\/\/arantv.az\/wp-content\/uploads\/2019\/09\/787186.jpg",800,600,false],"2048x2048":["https:\/\/arantv.az\/wp-content\/uploads\/2019\/09\/787186.jpg",800,600,false],"post-thumbnail":["https:\/\/arantv.az\/wp-content\/uploads\/2019\/09\/787186-240x172.jpg",240,172,true],"advps-thumb-one":["https:\/\/arantv.az\/wp-content\/uploads\/2019\/09\/787186.jpg",800,600,false]},"rttpg_author":{"display_name":"V\u00fcsal Rafiqo\u011flu","author_link":"https:\/\/arantv.az\/?author=2"},"rttpg_comment":0,"rttpg_category":"<a href=\"https:\/\/arantv.az\/?cat=7\" rel=\"category\">D\u00fcnya<\/a>","rttpg_excerpt":"Bu g\u00fcn \u0130stanbulda ba\u015f vermi\u015f z\u0259lz\u0259l\u0259 n\u0259tic\u0259sind\u0259 8 n\u0259f\u0259r yaralan\u0131b. ARANTV.AZ\u00a0Trend-\u0259 istinad\u0259n x\u0259b\u0259r verir ki, bu r\u0259q\u0259mi T\u00fcrkiy\u0259 Prezidenti R\u0259c\u0259b Tayyib \u018frdo\u011fan a\u00e7\u0131qlay\u0131b. T\u00fcrkiy\u0259 Prezidentinin s\u00f6zl\u0259rin\u0259 g\u00f6r\u0259, z\u0259lz\u0259l\u0259 n\u0259tic\u0259sind\u0259 \u015f\u0259h\u0259rin b\u0259zi yerl\u0259rind\u0259 binalarda \u00e7atlar da \u0259m\u0259l\u0259 g\u0259lib. R.T.\u018frdo\u011fan qeyd edib ki, bu saata q\u0259d\u0259r 28 yeralt\u0131 t\u0259kan qeyd\u0259 al\u0131n\u0131b. T\u00fcrkiy\u0259 d\u00f6vl\u0259t ba\u015f\u00e7\u0131s\u0131n\u0131n s\u00f6zl\u0259rin\u0259 g\u00f6r\u0259, z\u0259lz\u0259l\u0259nin&hellip;","_links":{"self":[{"href":"https:\/\/arantv.az\/index.php?rest_route=\/wp\/v2\/posts\/81673"}],"collection":[{"href":"https:\/\/arantv.az\/index.php?rest_route=\/wp\/v2\/posts"}],"about":[{"href":"https:\/\/arantv.az\/index.php?rest_route=\/wp\/v2\/types\/post"}],"author":[{"embeddable":true,"href":"https:\/\/arantv.az\/index.php?rest_route=\/wp\/v2\/users\/2"}],"replies":[{"embeddable":true,"href":"https:\/\/arantv.az\/index.php?rest_route=%2Fwp%2Fv2%2Fcomments&post=81673"}],"version-history":[{"count":0,"href":"https:\/\/arantv.az\/index.php?rest_route=\/wp\/v2\/posts\/81673\/revisions"}],"wp:featuredmedia":[{"embeddable":true,"href":"https:\/\/arantv.az\/index.php?rest_route=\/wp\/v2\/media\/81674"}],"wp:attachment":[{"href":"https:\/\/arantv.az\/index.php?rest_route=%2Fwp%2Fv2%2Fmedia&parent=81673"}],"wp:term":[{"taxonomy":"category","embeddable":true,"href":"https:\/\/arantv.az\/index.php?rest_route=%2Fwp%2Fv2%2Fcategories&post=81673"},{"taxonomy":"post_tag","embeddable":true,"href":"https:\/\/arantv.az\/index.php?rest_route=%2Fwp%2Fv2%2Ftags&post=81673"}],"curies":[{"name":"wp","href":"https:\/\/api.w.org\/{rel}","templated":true}]}}