{"id":81677,"date":"2019-09-26T16:27:11","date_gmt":"2019-09-26T13:27:11","guid":{"rendered":"http:\/\/arantv.az\/?p=81677"},"modified":"2019-09-26T16:27:11","modified_gmt":"2019-09-26T13:27:11","slug":"s%c9%99d%c9%99q%c9%99-ver%c9%99nl%c9%99rin-sayinin-cox-olmasi-dil%c9%99nciliyi-h%c9%99yat-t%c9%99rzin%c9%99-cevirir-aciqlama","status":"publish","type":"post","link":"https:\/\/arantv.az\/?p=81677","title":{"rendered":"S\u0259d\u0259q\u0259 ver\u0259nl\u0259rin say\u0131n\u0131n \u00e7ox olmas\u0131 dil\u0259n\u00e7iliyi h\u0259yat t\u0259rzin\u0259 \u00e7evirir &#8211; A\u00c7IQLAMA"},"content":{"rendered":"<p>Son zamanlar paytaxt yollar\u0131nda dil\u0259n\u00e7il\u0259rin artmas\u0131 m\u00fc\u015fahid\u0259 edilir. X\u00fcsusil\u0259 azya\u015fl\u0131 u\u015faqlar\u0131n i\u015f\u0131qforlarda dayanan avtomobill\u0259r\u0259 yax\u0131nla\u015faraq pul ist\u0259m\u0259si, bir anda \u00f6zl\u0259rini avtomobill\u0259rin qar\u015f\u0131s\u0131na atmas\u0131 ciddi t\u0259hl\u00fck\u0259 yarad\u0131r. Bu kimi hallar s\u00fcr\u00fcc\u00fcl\u0259rin diqq\u0259tini yay\u0131nd\u0131r\u0131r v\u0259 q\u0259za t\u0259hl\u00fck\u0259si yarad\u0131r.<\/p>\n<p>Bak\u0131 \u015e\u0259h\u0259r Ba\u015f Polis \u0130dar\u0259sinin M\u0259tbuat Xidm\u0259tinin r\u0259isi, polis mayoru El\u015fad Hac\u0131yev Oxu.Az-\u0131n sor\u011fusuna cavab olaraq bildirib ki, m\u0259s\u0259l\u0259 il\u0259 ba\u011fl\u0131 paytaxt polisi t\u0259r\u0259find\u0259n sistemli t\u0259dbirl\u0259r g\u00f6r\u00fcl\u00fcb:<\/p>\n<div id=\"AdviadNativeVideo0\" class=\"AdviadNativeVideo\"><\/div>\n<p>&#8220;Paytaxtda dil\u0259n\u00e7ilik, t\u00fcfeyli h\u0259yat t\u0259rzi ke\u00e7ir\u0259n \u015f\u0259xsl\u0259rin, azya\u015fl\u0131lar\u0131n profilaktikas\u0131na qar\u015f\u0131 m\u00fcbariz\u0259 t\u0259dbirl\u0259ri t\u0259r\u0259fimizd\u0259n davam etdirilir. Paytaxt polisi bu istiqam\u0259td\u0259 qanunvericiliyin t\u0259l\u0259bl\u0259rin\u0259 uy\u011fun olaraq, dil\u0259n\u00e7il\u0259ri inzibati m\u0259suliyy\u0259t\u0259 c\u0259lb etm\u0259kl\u0259 qeydiyyatda olduqlar\u0131 rayonlara g\u00f6nd\u0259rilm\u0259sini t\u0259min edir, azya\u015fl\u0131lar is\u0259 valideynl\u0259ri, yaxud q\u0259yyumlar\u0131 m\u00fc\u0259yy\u0259n olunaraq onlara t\u0259hvil verilir.<br \/>\nT\u0259hlill\u0259r g\u00f6st\u0259rir ki, azya\u015fl\u0131lar\u0131n dil\u0259n\u00e7iliy\u0259 s\u00f6vq edilm\u0259sind\u0259 \u0259sas m\u0259qs\u0259d c\u0259miyy\u0259tin onlara daha h\u0259ssas yana\u015fmas\u0131 v\u0259 humanistliyidir. Onlar bilirl\u0259r ki, c\u0259miyy\u0259t azya\u015fl\u0131n\u0131n m\u0259sumlu\u011funa etinas\u0131z yana\u015fm\u0131r&#8221;.<\/p>\n<p>Onun s\u00f6zl\u0259rin\u0259 g\u00f6r\u0259, h\u0259min \u015f\u0259xsl\u0259r\u0259 s\u0259d\u0259q\u0259 ver\u0259nl\u0259rin say\u0131 \u00e7oxdur:<\/p>\n<p>&#8220;S\u0259d\u0259q\u0259 ver\u0259nl\u0259rin say\u0131n\u0131n \u00e7ox olmas\u0131 dil\u0259n\u00e7iliyi h\u0259yat t\u0259rzin\u0259 \u00e7evirir. \u0130nsanlar s\u0259d\u0259q\u0259 verm\u0259kl\u0259 dil\u0259n\u00e7iliyi stimulla\u015fd\u0131r\u0131r. Bunun qar\u015f\u0131s\u0131 al\u0131nmal\u0131d\u0131r ki, dil\u0259n\u00e7iliyi h\u0259yat t\u0259rzi se\u00e7\u0259nl\u0259r bu yolla ya\u015fama\u011fa \u00fcst\u00fcnl\u00fck verm\u0259sinl\u0259r. Bu istiqam\u0259td\u0259 profilaktikada t\u0259k polis yox, h\u0259m d\u0259 c\u0259miyy\u0259tin h\u0259r bir \u00fczv\u00fc f\u0259all\u0131q n\u00fcmayi\u015f etdirm\u0259lidir.<\/p>\n<p>\u018fsas\u0259n, \u0259halinin s\u0131x oldu\u011fu yerl\u0259rd\u0259 dil\u0259n\u0259n azya\u015fl\u0131lar\u0131n k\u0259nardan idar\u0259 olundu\u011fu polis\u0259 m\u0259lumdur. T\u0259r\u0259fimizd\u0259n a\u015fkarlanan h\u0259r bir fakta, inzibati x\u0259ta t\u0259rkibi yaradan hala g\u00f6r\u0259 qanunvericiliy\u0259 uy\u011fun t\u0259dbirl\u0259r g\u00f6r\u00fcl\u00fcr&#8221;.<\/p>\n<p>El\u015fad Hac\u0131yev dil\u0259n\u00e7ilikl\u0259 cinay\u0259tkarl\u0131q aras\u0131nda \u0259laq\u0259 oldu\u011funu deyir:<\/p>\n<p>&#8220;Bununla ba\u011fl\u0131 son aylarda rast g\u0259lin\u0259n \u00f6rn\u0259kl\u0259r var. \u00dc\u00e7 azya\u015fl\u0131n\u0131n o\u011furlanmas\u0131, narkotikl\u0259rin qanunsuz d\u00f6vriyy\u0259si v\u0259 talama cinay\u0259tl\u0259rin dil\u0259n\u00e7il\u0259r t\u0259r\u0259find\u0259n t\u00f6r\u0259dilm\u0259si s\u00fcbuta yetirilib. Bu, c\u0259miyy\u0259t \u00fc\u00e7\u00fcn ibr\u0259t olmal\u0131d\u0131r ki, dil\u0259n\u00e7iy\u0259 m\u00fcnasib\u0259td\u0259 ehtiyats\u0131zl\u0131q etm\u0259sinl\u0259r, onlara g\u00fcv\u0259nm\u0259sinl\u0259r.<br \/>\nOnlar\u0131n ictimai t\u0259hl\u00fck\u0259li \u0259m\u0259ll\u0259ri s\u0131ras\u0131na, \u0259sas\u0259n, o\u011furluq, x\u0131rda talama v\u0259 narkotik vasit\u0259l\u0259rin qanunsuz d\u00f6vriyy\u0259si, u\u015faq \u0259m\u0259yinin istismar\u0131 aid edilir. Bu \u0259laq\u0259 dil\u0259n\u00e7iliyin yoxsulluq mahiyy\u0259tind\u0259n ayr\u0131laraq cinay\u0259tkarl\u0131\u011f\u0131n \u0259lam\u0259tin\u0259 \u00e7evirir.<\/p>\n<p>Bunu n\u0259z\u0259r\u0259 alaraq, Avropa \u00f6lk\u0259l\u0259rind\u0259 dil\u0259n\u00e7iliy\u0259 qar\u015f\u0131 daha radikal m\u00fcbariz\u0259 apar\u0131l\u0131r. T\u0259k dil\u0259n\u0259n m\u0259suliyy\u0259t\u0259 c\u0259lb olunmur, eyni zamanda, dil\u0259n\u00e7iy\u0259 s\u0259d\u0259q\u0259 ver\u0259nl\u0259r qanunla c\u0259zaland\u0131r\u0131l\u0131r&#8221;.<\/p>\n<p>Ail\u0259, Qad\u0131n v\u0259 U\u015faq Probleml\u0259ri \u00fczr\u0259 D\u00f6vl\u0259t Komit\u0259sinin U\u015faq probleml\u0259ri \u015f\u00f6b\u0259sinin b\u00f6y\u00fck m\u0259sl\u0259h\u0259t\u00e7isi P\u0259rviz \u018fliyev deyir ki, k\u00fc\u00e7\u0259l\u0259rd\u0259 dil\u0259n\u00e7ilik ed\u0259n u\u015faqlar\u0131n \u0259ks\u0259riyy\u0259ti b\u00f6lg\u0259l\u0259rd\u0259n paytaxta qa\u00e7\u0131b g\u0259l\u0259n azya\u015fl\u0131lard\u0131r:<\/p>\n<p>&#8220;T\u0259\u0259ss\u00fcf ki, bu g\u00fcn dil\u0259n\u00e7ilik v\u0259 avara\u00e7\u0131l\u0131qla m\u0259\u015f\u011ful olan u\u015faqlar\u0131n yar\u0131s\u0131 valideyn-\u00f6vlad m\u00fcnasib\u0259tl\u0259rinin qaydas\u0131nda olmamas\u0131 s\u0259b\u0259bind\u0259n evd\u0259n qa\u00e7anlard\u0131r. Onlar\u0131n valideynl\u0259rin\u0259 qaytar\u0131lmas\u0131 m\u0259s\u0259l\u0259si is\u0259 bir q\u0259d\u0259r \u00e7\u0259tin olur. Biz m\u00fcraci\u0259tl\u0259rl\u0259 ba\u011fl\u0131 ail\u0259l\u0259rin sosial durumunu ara\u015fd\u0131r\u0131r\u0131q.<\/p>\n<p>Aidiyy\u0259ti qurumlara m\u00fcraci\u0259t ed\u0259r\u0259k, onlar\u0131n m\u00fc\u0259yy\u0259n sosial yard\u0131mlara c\u0259lb edilm\u0259sin\u0259 \u00e7al\u0131\u015f\u0131r\u0131q. \u0130lk n\u00f6vb\u0259d\u0259 dan\u0131\u015f\u0131qlarla m\u00fcnasib\u0259tl\u0259ri qaydas\u0131na qoya biliriks\u0259, h\u0259min u\u015faqlar\u0131 ail\u0259l\u0259rin\u0259 qaytar\u0131r\u0131q. Ail\u0259l\u0259rin\u0259 qaytar\u0131lmas\u0131 m\u00fcmk\u00fcn olmayan u\u015faqlar is\u0259 m\u00fcv\u0259qq\u0259ti olaraq m\u00fcxt\u0259lif s\u0131\u011f\u0131nacaqlara yerl\u0259\u015fdirils\u0259 d\u0259, bir m\u00fcdd\u0259t sonra yenid\u0259n k\u00fc\u00e7\u0259 h\u0259yat\u0131na qay\u0131d\u0131rlar&#8221;.<\/p>\n<p>Azya\u015fl\u0131 u\u015faqlar\u0131n dil\u0259n\u00e7ilik v\u0259 avara\u00e7\u0131l\u0131\u011fa c\u0259lb olunmas\u0131 il\u0259 ba\u011fl\u0131 il \u0259rzind\u0259 komit\u0259y\u0259 400-500 m\u00fcraci\u0259t daxil oldu\u011funu dey\u0259n P.\u018fliyev onu da qeyd edib ki, h\u0259min u\u015faqlar\u0131 yenid\u0259n c\u0259miyy\u0259t\u0259 qazand\u0131rmaq \u00fc\u00e7\u00fcn s\u0131\u011f\u0131nacaq, reablitasiya m\u0259rk\u0259zl\u0259rinin yarad\u0131lmas\u0131 vacibdir:<\/p>\n<p>&#8220;\u0130l \u0259rzind\u0259 bu m\u00fcraci\u0259tl\u0259r stabil olaraq 400-500 aras\u0131nda d\u0259yi\u015fir. Onlar\u0131n i\u00e7\u0259risind\u0259 h\u0259r ya\u015f kateqoriyas\u0131nda olan u\u015faqlar var. M\u0259kt\u0259b ya\u015flar\u0131nda olan u\u015faqlar \u00fcst\u00fcnl\u00fck t\u0259\u015fkil edir. Konkret ya\u015f h\u0259ddi dey\u0259 bilm\u0259s\u0259k d\u0259, bu m\u0259s\u0259l\u0259 dinamikdir. U\u015faqlar\u0131n \u0259ks\u0259riyy\u0259ti o\u011flanlar v\u0259 he\u00e7 vaxt m\u0259kt\u0259b\u0259 getm\u0259y\u0259n u\u015faqlard\u0131r.<\/p>\n<p>Biz\u0259 daxil olan m\u00fcraci\u0259tl\u0259r\u0259 maksimum d\u0259r\u0259c\u0259d\u0259 operativ reaksiya verm\u0259y\u0259, m\u0259s\u0259l\u0259nin h\u0259ll olunmas\u0131na \u00e7al\u0131\u015f\u0131r\u0131q. Lakin o u\u015faqlar\u0131n yerl\u0259\u015fdirilm\u0259si \u00fc\u00e7\u00fcn reablitasiya m\u0259rk\u0259zl\u0259ri olmad\u0131\u011f\u0131ndan, eyni zamanda, ail\u0259l\u0259rinin yan\u0131na da qay\u0131tmaq ist\u0259m\u0259dikl\u0259ri \u00fc\u00e7\u00fcn yenid\u0259n k\u00fc\u00e7\u0259l\u0259r\u0259 \u00fcz tuturlar.<\/p>\n<p>T\u0259\u0259ss\u00fcf ki, bu halda da he\u00e7 bir n\u0259tic\u0259l\u0259r \u0259ld\u0259 ed\u0259 bilmirik. S\u0259n\u0259dl\u0259ri yerind\u0259 olan u\u015faqlar\u0131n t\u0259hsil\u0259 c\u0259lb edilm\u0259si \u00fc\u00e7\u00fcn T\u0259hsil Nazirliy\u0259 m\u00fcraci\u0259t \u00fcnvanlay\u0131r\u0131q. B\u0259z\u0259n el\u0259 u\u015faqlar olur ki, 10-12 ya\u015flar\u0131 olsa da, he\u00e7 vaxt m\u0259kt\u0259b\u0259 getm\u0259yibl\u0259r.<\/p>\n<p>B\u0259zil\u0259ri is\u0259 daha ki\u00e7ik ya\u015flarda olur, \u00e7al\u0131\u015f\u0131r\u0131q, onlar\u0131n t\u0259hsil\u0259 c\u0259lb edilm\u0259sini t\u0259min ed\u0259k. Bununla ba\u011fl\u0131 t\u0259klif ir\u0259li s\u00fcrm\u00fc\u015f\u00fck. Lakin m\u0259s\u0259l\u0259 il\u0259 ba\u011fl\u0131 h\u0259r hans\u0131 t\u0259dbirin g\u00f6r\u00fclm\u0259si dig\u0259r qurumlar\u0131n s\u0259lahiyy\u0259tind\u0259 olan m\u0259s\u0259l\u0259dir&#8221;.<\/p>\n<p>P.\u018fliyev u\u015faqlar\u0131n evd\u0259n qa\u00e7mas\u0131 il\u0259 ba\u011fl\u0131 bir s\u0131ra s\u0259b\u0259bl\u0259ri d\u0259 sadalay\u0131b:<\/p>\n<p>&#8220;U\u015faqlar \u0259n \u00e7ox qeyri-normal valideyn-\u00f6vlad m\u00fcnasib\u0259tl\u0259ri s\u0259b\u0259bind\u0259n evd\u0259n qa\u00e7\u0131rlar. Bundan ba\u015fqa, onlar aras\u0131nda ail\u0259si t\u0259r\u0259find\u0259n zorak\u0131l\u0131\u011fa m\u0259ruz qalanlar da olur. Y\u0259ni burda ail\u0259nin sosial durumunun qaydas\u0131nda olmamas\u0131n\u0131 misal g\u00f6st\u0259rm\u0259k olmur.<\/p>\n<p>Ona g\u00f6r\u0259 ki, b\u0259z\u0259n imkanl\u0131 ail\u0259nin u\u015fa\u011f\u0131 bel\u0259 evd\u0259n qa\u00e7\u0131b bizim komit\u0259y\u0259 m\u00fcraci\u0259t edir. Ara\u015fd\u0131rma zaman\u0131 b\u0259lli olur ki, valideyn \u00f6z u\u015fa\u011f\u0131 il\u0259 d\u00fczg\u00fcn m\u00fcnasib\u0259t qura bilmir. Yax\u015f\u0131 olar ki, valideynl\u0259r u\u015faqlar\u0131 il\u0259 t\u0259mkili davran\u0131b, onlarla h\u0259ms\u00f6hb\u0259t olsunlar&#8221;.<br \/>\n<img class=\"imgbcode\" src=\"https:\/\/sonxeber.az\/uploads\/71647027_2510877192356858_7702506069888598016_n.jpg\" alt=\"S\u0259d\u0259q\u0259 ver\u0259nl\u0259rin say\u0131n\u0131n \u00e7ox olmas\u0131 dil\u0259n\u00e7iliyi h\u0259yat t\u0259rzin\u0259 \u00e7evirir - A\u00c7IQLAMA\" \/><\/p>\n","protected":false},"excerpt":{"rendered":"<p>Son zamanlar paytaxt yollar\u0131nda dil\u0259n\u00e7il\u0259rin artmas\u0131 m\u00fc\u015fahid\u0259 edilir. X\u00fcsusil\u0259 azya\u015fl\u0131 u\u015faqlar\u0131n i\u015f\u0131qforlarda dayanan avtomobill\u0259r\u0259 yax\u0131nla\u015faraq pul ist\u0259m\u0259si, bir anda \u00f6zl\u0259rini avtomobill\u0259rin qar\u015f\u0131s\u0131na atmas\u0131 ciddi t\u0259hl\u00fck\u0259 yarad\u0131r. Bu kimi hallar s\u00fcr\u00fcc\u00fcl\u0259rin diqq\u0259tini yay\u0131nd\u0131r\u0131r v\u0259 q\u0259za t\u0259hl\u00fck\u0259si yarad\u0131r. Bak\u0131 \u015e\u0259h\u0259r Ba\u015f Polis \u0130dar\u0259sinin M\u0259tbuat Xidm\u0259tinin r\u0259isi, polis mayoru El\u015fad Hac\u0131yev Oxu.Az-\u0131n sor\u011fusuna cavab olaraq bildirib ki, m\u0259s\u0259l\u0259 il\u0259 ba\u011fl\u0131 paytaxt polisi t\u0259r\u0259find\u0259n sistemli t\u0259dbirl\u0259r g\u00f6r\u00fcl\u00fcb: &#8220;Paytaxtda dil\u0259n\u00e7ilik, t\u00fcfeyli h\u0259yat t\u0259rzi ke\u00e7ir\u0259n \u015f\u0259xsl\u0259rin, azya\u015fl\u0131lar\u0131n profilaktikas\u0131na qar\u015f\u0131 m\u00fcbariz\u0259 t\u0259dbirl\u0259ri t\u0259r\u0259fimizd\u0259n davam etdirilir. Paytaxt polisi bu istiqam\u0259td\u0259 qanunvericiliyin t\u0259l\u0259bl\u0259rin\u0259 uy\u011fun olaraq, dil\u0259n\u00e7il\u0259ri inzibati m\u0259suliyy\u0259t\u0259 c\u0259lb&hellip;<\/p>\n","protected":false},"author":2,"featured_media":81678,"comment_status":"closed","ping_status":"closed","sticky":false,"template":"","format":"standard","meta":{"om_disable_all_campaigns":false,"_monsterinsights_skip_tracking":false,"_monsterinsights_sitenote_active":false,"_monsterinsights_sitenote_note":"","_monsterinsights_sitenote_category":0},"categories":[1],"tags":[],"aioseo_notices":[],"gutentor_comment":0,"rttpg_featured_image_url":{"full":["https:\/\/arantv.az\/wp-content\/uploads\/2019\/09\/71647027_2510877192356858_7702506069888598016_n_1.jpg",549,412,false],"landscape":["https:\/\/arantv.az\/wp-content\/uploads\/2019\/09\/71647027_2510877192356858_7702506069888598016_n_1.jpg",549,412,false],"portraits":["https:\/\/arantv.az\/wp-content\/uploads\/2019\/09\/71647027_2510877192356858_7702506069888598016_n_1.jpg",549,412,false],"thumbnail":["https:\/\/arantv.az\/wp-content\/uploads\/2019\/09\/71647027_2510877192356858_7702506069888598016_n_1-150x150.jpg",150,150,true],"medium":["https:\/\/arantv.az\/wp-content\/uploads\/2019\/09\/71647027_2510877192356858_7702506069888598016_n_1-300x225.jpg",300,225,true],"large":["https:\/\/arantv.az\/wp-content\/uploads\/2019\/09\/71647027_2510877192356858_7702506069888598016_n_1.jpg",549,412,false],"1536x1536":["https:\/\/arantv.az\/wp-content\/uploads\/2019\/09\/71647027_2510877192356858_7702506069888598016_n_1.jpg",549,412,false],"2048x2048":["https:\/\/arantv.az\/wp-content\/uploads\/2019\/09\/71647027_2510877192356858_7702506069888598016_n_1.jpg",549,412,false],"post-thumbnail":["https:\/\/arantv.az\/wp-content\/uploads\/2019\/09\/71647027_2510877192356858_7702506069888598016_n_1-240x172.jpg",240,172,true],"advps-thumb-one":["https:\/\/arantv.az\/wp-content\/uploads\/2019\/09\/71647027_2510877192356858_7702506069888598016_n_1.jpg",549,412,false]},"rttpg_author":{"display_name":"V\u00fcsal Rafiqo\u011flu","author_link":"https:\/\/arantv.az\/?author=2"},"rttpg_comment":0,"rttpg_category":"<a href=\"https:\/\/arantv.az\/?cat=1\" rel=\"category\">C\u0259miyy\u0259t<\/a>","rttpg_excerpt":"Son zamanlar paytaxt yollar\u0131nda dil\u0259n\u00e7il\u0259rin artmas\u0131 m\u00fc\u015fahid\u0259 edilir. X\u00fcsusil\u0259 azya\u015fl\u0131 u\u015faqlar\u0131n i\u015f\u0131qforlarda dayanan avtomobill\u0259r\u0259 yax\u0131nla\u015faraq pul ist\u0259m\u0259si, bir anda \u00f6zl\u0259rini avtomobill\u0259rin qar\u015f\u0131s\u0131na atmas\u0131 ciddi t\u0259hl\u00fck\u0259 yarad\u0131r. Bu kimi hallar s\u00fcr\u00fcc\u00fcl\u0259rin diqq\u0259tini yay\u0131nd\u0131r\u0131r v\u0259 q\u0259za t\u0259hl\u00fck\u0259si yarad\u0131r. Bak\u0131 \u015e\u0259h\u0259r Ba\u015f Polis \u0130dar\u0259sinin M\u0259tbuat Xidm\u0259tinin r\u0259isi, polis mayoru El\u015fad Hac\u0131yev Oxu.Az-\u0131n sor\u011fusuna cavab olaraq bildirib ki, m\u0259s\u0259l\u0259&hellip;","_links":{"self":[{"href":"https:\/\/arantv.az\/index.php?rest_route=\/wp\/v2\/posts\/81677"}],"collection":[{"href":"https:\/\/arantv.az\/index.php?rest_route=\/wp\/v2\/posts"}],"about":[{"href":"https:\/\/arantv.az\/index.php?rest_route=\/wp\/v2\/types\/post"}],"author":[{"embeddable":true,"href":"https:\/\/arantv.az\/index.php?rest_route=\/wp\/v2\/users\/2"}],"replies":[{"embeddable":true,"href":"https:\/\/arantv.az\/index.php?rest_route=%2Fwp%2Fv2%2Fcomments&post=81677"}],"version-history":[{"count":0,"href":"https:\/\/arantv.az\/index.php?rest_route=\/wp\/v2\/posts\/81677\/revisions"}],"wp:featuredmedia":[{"embeddable":true,"href":"https:\/\/arantv.az\/index.php?rest_route=\/wp\/v2\/media\/81678"}],"wp:attachment":[{"href":"https:\/\/arantv.az\/index.php?rest_route=%2Fwp%2Fv2%2Fmedia&parent=81677"}],"wp:term":[{"taxonomy":"category","embeddable":true,"href":"https:\/\/arantv.az\/index.php?rest_route=%2Fwp%2Fv2%2Fcategories&post=81677"},{"taxonomy":"post_tag","embeddable":true,"href":"https:\/\/arantv.az\/index.php?rest_route=%2Fwp%2Fv2%2Ftags&post=81677"}],"curies":[{"name":"wp","href":"https:\/\/api.w.org\/{rel}","templated":true}]}}