{"id":81693,"date":"2019-09-26T16:39:12","date_gmt":"2019-09-26T13:39:12","guid":{"rendered":"http:\/\/arantv.az\/?p=81693"},"modified":"2019-09-26T16:39:12","modified_gmt":"2019-09-26T13:39:12","slug":"nazir-unesko-nun-komit%c9%99-sessiyasinin-bakida-kecirilm%c9%99sini-ist%c9%99m%c9%99y%c9%99nl%c9%99r-var-idi","status":"publish","type":"post","link":"https:\/\/arantv.az\/?p=81693","title":{"rendered":"Nazir: &#8220;UNESKO-nun komit\u0259 sessiyas\u0131n\u0131n Bak\u0131da ke\u00e7irilm\u0259sini ist\u0259m\u0259y\u0259nl\u0259r var idi&#8221;"},"content":{"rendered":"<p>Bu g\u00fcn Bak\u0131da UNECKO-nun \u00dcmumd\u00fcnya \u0130rs Komit\u0259sinin 43-c\u00fc sessiyas\u0131n\u0131n yekunlar\u0131na h\u0259sr olunan t\u0259dbir ke\u00e7irilib.<\/p>\n<p><strong>ARANTV.AZ\u00a0<\/strong><a href=\"https:\/\/az.trend.az\/\" target=\"_blank\" rel=\"noopener\">Trend<\/a>-\u0259 istinad\u0259n x\u0259b\u0259r verir ki, t\u0259dbird\u0259 \u00e7\u0131x\u0131\u015f ed\u0259n M\u0259d\u0259niyy\u0259t naziri \u018fb\u00fclf\u0259s Qarayev deyib ki, bu ilin noyabr\u0131nda Az\u0259rbaycan iyulun 1-d\u0259n 10-d\u0259k Bak\u0131da ke\u00e7iril\u0259n UNESKO-nun \u00dcmumd\u00fcnya \u0130rs Komit\u0259sinin 43-c\u00fc sessiyas\u0131n\u0131n yekunlar\u0131 il\u0259 ba\u011fl\u0131 hesabat\u0131 UNESKO-nun Ba\u015f Assambleyas\u0131na t\u0259qdim ed\u0259c\u0259k.<\/p>\n<p>\u018f.Qarayev T\u0259\u015fkilat Komit\u0259si ad\u0131ndan Prezident \u0130lham \u018fliyev\u0259 t\u0259\u015f\u0259kk\u00fcr edib: &#8220;Prezident T\u0259\u015fkilat Komit\u0259sinin \u00fczvl\u0259rini v\u0259 t\u0259dbird\u0259 f\u0259all\u0131q g\u00f6st\u0259rmi\u015f \u015f\u0259xsl\u0259ri m\u00fckafatland\u0131r\u0131b. Bu sessiyan\u0131n Az\u0259rbaycan \u00fc\u00e7\u00fcn \u0259h\u0259miyy\u0259ti odur ki, Az\u0259rbaycan\u0131n \u015e\u0259ki \u015f\u0259h\u0259ri UNESKO-nun \u00dcmumd\u00fcnya \u0130rs Siyah\u0131s\u0131na daxil edilib. \u018fg\u0259r Birinci vitse-prezident Mehriban \u018fliyeva \u015f\u0259xs\u0259n bu i\u015fin gedi\u015fat\u0131na r\u0259hb\u0259rlik etm\u0259s\u0259ydi, son n\u0259tic\u0259d\u0259 \u00dcmumd\u00fcnya \u0130rs Komit\u0259sin\u0259 Az\u0259rbaycan\u0131n layiqli fayl\u0131 t\u0259qdim edilm\u0259s\u0259ydi, bu layih\u0259nin ger\u00e7\u0259kl\u0259\u015fm\u0259si m\u00fcmk\u00fcn olmayacaqd\u0131. Hesab edir\u0259m ki, bu, Az\u0259rbaycan xalq\u0131n\u0131n \u00fcmumi q\u0259l\u0259b\u0259si kimi q\u0259bul edilm\u0259lidir. Lakin biz h\u0259mi\u015f\u0259 d\u0259rk etm\u0259liyik ki, bu q\u0259l\u0259b\u0259nin arxas\u0131nda b\u00f6y\u00fck bir \u0259m\u0259k, b\u00f6y\u00fck bir \u0259zmkarl\u0131q, siyasi m\u00fcdriklik dayan\u0131r. Bu, Az\u0259rbaycan\u0131n q\u0259l\u0259b\u0259si il\u0259 yana\u015f\u0131, h\u0259m d\u0259 onun m\u0259suliyy\u0259ti dem\u0259kdir&#8221;.<\/p>\n<p>Nazirin s\u00f6zl\u0259rin\u0259 g\u00f6r\u0259, s\u0259rh\u0259dimizd\u0259n k\u0259narda bu komit\u0259nin Bak\u0131da ke\u00e7irilm\u0259sini ist\u0259m\u0259y\u0259n q\u00fcvv\u0259l\u0259r var idi: &#8220;Erm\u0259nistan b\u00fct\u00fcn g\u00fcc\u00fc il\u0259 buna \u0259ng\u0259l olma\u011fa \u00e7al\u0131\u015f\u0131rd\u0131. Amma biz buna mane olduq v\u0259 onun Bak\u0131da ke\u00e7irilm\u0259sin\u0259 nail olduq. \u018fdal\u0259t z\u0259f\u0259r \u00e7ald\u0131, t\u0259dbir Az\u0259rbaycanda y\u00fcks\u0259k s\u0259viyy\u0259d\u0259 ke\u00e7irildi. Reall\u0131q odur ki, bu g\u00fcn &#8220;Youtube&#8221;da \u0259n \u00e7ox bax\u0131lan videolardan biri sessiyan\u0131n a\u00e7\u0131l\u0131\u015f\u0131nda t\u0259\u015fkil edil\u0259n konsertdir. Az\u0259rbaycan m\u00fcxt\u0259lif televiziya verili\u015fl\u0259rind\u0259 \u00e7ox m\u00fcasir, m\u0259d\u0259ni, tarixi olan \u00f6lk\u0259 kimi tan\u0131d\u0131ld\u0131. Bu da t\u0259dbirin \u0259h\u0259miyy\u0259tli t\u0259r\u0259fl\u0259rind\u0259n biri idi&#8221;.<\/p>\n<p>\u018f.Qarayev deyib ki, Az\u0259rbaycan UNESCO-nun D\u00fcnya \u0130rs Siyah\u0131s\u0131na daxil olan abid\u0259l\u0259rin\u0259 \u00e7ox h\u0259ssasl\u0131qla yana\u015f\u0131r: &#8220;Bu sessiyaya q\u0259d\u0259r \u0130\u00e7\u0259ri\u015f\u0259h\u0259r, Qobustan v\u0259 Q\u0131z qalas\u0131 \u00dcmumd\u00fcnya \u0130rs Siyah\u0131s\u0131na daxil idi. Sessiyaya g\u0259l\u0259n qonaqlar da \u0130\u00e7\u0259ri\u015f\u0259h\u0259r\u0259 nec\u0259 m\u0259suliyy\u0259tl\u0259 yana\u015fd\u0131\u011f\u0131m\u0131z\u0131 g\u00f6rd\u00fcl\u0259r. Bu t\u0259dbird\u0259 \u015e\u0259kinin D\u00fcnya \u0130rs siyah\u0131s\u0131na daxil edilm\u0259sinin \u0259h\u0259miyy\u0259tini n\u0259z\u0259r\u0259 alaraq, Az\u0259rbaycan Prezidenti bir s\u0131ra \u015f\u0259xsl\u0259rin t\u0259ltif edilm\u0259si haqq\u0131nda s\u0259r\u0259ncam verdi&#8221;.<\/p>\n<p>T\u0259dbird\u0259 Prezident \u0130lham \u018fliyevin s\u0259r\u0259ncam\u0131 il\u0259 UNESCO-nun \u00dcmumd\u00fcnya \u0130rs Komit\u0259sinin 43-c\u00fc sessiyas\u0131 il\u0259 \u0259laq\u0259dar t\u0259ltif edilmi\u015f \u015f\u0259xsl\u0259r\u0259 m\u00fckafatlar t\u0259qdim edilib.<\/p>\n","protected":false},"excerpt":{"rendered":"<p>Bu g\u00fcn Bak\u0131da UNECKO-nun \u00dcmumd\u00fcnya \u0130rs Komit\u0259sinin 43-c\u00fc sessiyas\u0131n\u0131n yekunlar\u0131na h\u0259sr olunan t\u0259dbir ke\u00e7irilib. ARANTV.AZ\u00a0Trend-\u0259 istinad\u0259n x\u0259b\u0259r verir ki, t\u0259dbird\u0259 \u00e7\u0131x\u0131\u015f ed\u0259n M\u0259d\u0259niyy\u0259t naziri \u018fb\u00fclf\u0259s Qarayev deyib ki, bu ilin noyabr\u0131nda Az\u0259rbaycan iyulun 1-d\u0259n 10-d\u0259k Bak\u0131da ke\u00e7iril\u0259n UNESKO-nun \u00dcmumd\u00fcnya \u0130rs Komit\u0259sinin 43-c\u00fc sessiyas\u0131n\u0131n yekunlar\u0131 il\u0259 ba\u011fl\u0131 hesabat\u0131 UNESKO-nun Ba\u015f Assambleyas\u0131na t\u0259qdim ed\u0259c\u0259k. \u018f.Qarayev T\u0259\u015fkilat Komit\u0259si ad\u0131ndan Prezident \u0130lham \u018fliyev\u0259 t\u0259\u015f\u0259kk\u00fcr edib: &#8220;Prezident T\u0259\u015fkilat Komit\u0259sinin \u00fczvl\u0259rini v\u0259 t\u0259dbird\u0259 f\u0259all\u0131q g\u00f6st\u0259rmi\u015f \u015f\u0259xsl\u0259ri m\u00fckafatland\u0131r\u0131b. Bu sessiyan\u0131n Az\u0259rbaycan \u00fc\u00e7\u00fcn \u0259h\u0259miyy\u0259ti odur ki, Az\u0259rbaycan\u0131n \u015e\u0259ki \u015f\u0259h\u0259ri UNESKO-nun \u00dcmumd\u00fcnya \u0130rs Siyah\u0131s\u0131na daxil edilib. \u018fg\u0259r Birinci vitse-prezident&hellip;<\/p>\n","protected":false},"author":2,"featured_media":81694,"comment_status":"closed","ping_status":"closed","sticky":false,"template":"","format":"standard","meta":{"om_disable_all_campaigns":false,"_monsterinsights_skip_tracking":false,"_monsterinsights_sitenote_active":false,"_monsterinsights_sitenote_note":"","_monsterinsights_sitenote_category":0},"categories":[4],"tags":[],"aioseo_notices":[],"gutentor_comment":0,"rttpg_featured_image_url":{"full":["https:\/\/arantv.az\/wp-content\/uploads\/2019\/09\/789440.jpg",800,600,false],"landscape":["https:\/\/arantv.az\/wp-content\/uploads\/2019\/09\/789440.jpg",800,600,false],"portraits":["https:\/\/arantv.az\/wp-content\/uploads\/2019\/09\/789440.jpg",800,600,false],"thumbnail":["https:\/\/arantv.az\/wp-content\/uploads\/2019\/09\/789440-150x150.jpg",150,150,true],"medium":["https:\/\/arantv.az\/wp-content\/uploads\/2019\/09\/789440-300x225.jpg",300,225,true],"large":["https:\/\/arantv.az\/wp-content\/uploads\/2019\/09\/789440.jpg",640,480,false],"1536x1536":["https:\/\/arantv.az\/wp-content\/uploads\/2019\/09\/789440.jpg",800,600,false],"2048x2048":["https:\/\/arantv.az\/wp-content\/uploads\/2019\/09\/789440.jpg",800,600,false],"post-thumbnail":["https:\/\/arantv.az\/wp-content\/uploads\/2019\/09\/789440-240x172.jpg",240,172,true],"advps-thumb-one":["https:\/\/arantv.az\/wp-content\/uploads\/2019\/09\/789440.jpg",800,600,false]},"rttpg_author":{"display_name":"V\u00fcsal Rafiqo\u011flu","author_link":"https:\/\/arantv.az\/?author=2"},"rttpg_comment":0,"rttpg_category":"<a href=\"https:\/\/arantv.az\/?cat=4\" rel=\"category\">Siyas\u0259t<\/a>","rttpg_excerpt":"Bu g\u00fcn Bak\u0131da UNECKO-nun \u00dcmumd\u00fcnya \u0130rs Komit\u0259sinin 43-c\u00fc sessiyas\u0131n\u0131n yekunlar\u0131na h\u0259sr olunan t\u0259dbir ke\u00e7irilib. ARANTV.AZ\u00a0Trend-\u0259 istinad\u0259n x\u0259b\u0259r verir ki, t\u0259dbird\u0259 \u00e7\u0131x\u0131\u015f ed\u0259n M\u0259d\u0259niyy\u0259t naziri \u018fb\u00fclf\u0259s Qarayev deyib ki, bu ilin noyabr\u0131nda Az\u0259rbaycan iyulun 1-d\u0259n 10-d\u0259k Bak\u0131da ke\u00e7iril\u0259n UNESKO-nun \u00dcmumd\u00fcnya \u0130rs Komit\u0259sinin 43-c\u00fc sessiyas\u0131n\u0131n yekunlar\u0131 il\u0259 ba\u011fl\u0131 hesabat\u0131 UNESKO-nun Ba\u015f Assambleyas\u0131na t\u0259qdim ed\u0259c\u0259k. \u018f.Qarayev T\u0259\u015fkilat Komit\u0259si&hellip;","_links":{"self":[{"href":"https:\/\/arantv.az\/index.php?rest_route=\/wp\/v2\/posts\/81693"}],"collection":[{"href":"https:\/\/arantv.az\/index.php?rest_route=\/wp\/v2\/posts"}],"about":[{"href":"https:\/\/arantv.az\/index.php?rest_route=\/wp\/v2\/types\/post"}],"author":[{"embeddable":true,"href":"https:\/\/arantv.az\/index.php?rest_route=\/wp\/v2\/users\/2"}],"replies":[{"embeddable":true,"href":"https:\/\/arantv.az\/index.php?rest_route=%2Fwp%2Fv2%2Fcomments&post=81693"}],"version-history":[{"count":0,"href":"https:\/\/arantv.az\/index.php?rest_route=\/wp\/v2\/posts\/81693\/revisions"}],"wp:featuredmedia":[{"embeddable":true,"href":"https:\/\/arantv.az\/index.php?rest_route=\/wp\/v2\/media\/81694"}],"wp:attachment":[{"href":"https:\/\/arantv.az\/index.php?rest_route=%2Fwp%2Fv2%2Fmedia&parent=81693"}],"wp:term":[{"taxonomy":"category","embeddable":true,"href":"https:\/\/arantv.az\/index.php?rest_route=%2Fwp%2Fv2%2Fcategories&post=81693"},{"taxonomy":"post_tag","embeddable":true,"href":"https:\/\/arantv.az\/index.php?rest_route=%2Fwp%2Fv2%2Ftags&post=81693"}],"curies":[{"name":"wp","href":"https:\/\/api.w.org\/{rel}","templated":true}]}}