{"id":81699,"date":"2019-09-27T07:30:09","date_gmt":"2019-09-27T04:30:09","guid":{"rendered":"http:\/\/arantv.az\/?p=81699"},"modified":"2019-09-27T07:30:09","modified_gmt":"2019-09-27T04:30:09","slug":"prezident-ilham-%c9%99liyev-az%c9%99rbaycanin-y%c9%99hudi-icmasini-ros-ha-sana-bayrami-munasib%c9%99til%c9%99-t%c9%99brik-edib","status":"publish","type":"post","link":"https:\/\/arantv.az\/?p=81699","title":{"rendered":"Prezident \u0130lham \u018fliyev Az\u0259rbaycan\u0131n y\u0259hudi icmas\u0131n\u0131 Ro\u015f-Ha-\u015eana bayram\u0131 m\u00fcnasib\u0259til\u0259 t\u0259brik edib"},"content":{"rendered":"<p>Prezident \u0130lham \u018fliyev Az\u0259rbaycan\u0131n y\u0259hudi icmas\u0131na yeni il bayram\u0131 Ro\u015f-Ha-\u015eana m\u00fcnasib\u0259til\u0259 t\u0259brik m\u0259ktubu g\u00f6nd\u0259rib.<\/p>\n<p><strong>ARANTV.AZ<\/strong>\u00a0\u00a0<a href=\"http:\/\/azertag.az\/\" target=\"_blank\" rel=\"noopener\">AZ\u018fRTAC<\/a>-a istinad\u0259n bildirir ki, t\u0259brikd\u0259 deyiilr:<\/p>\n<p>&#8220;H\u00f6rm\u0259tli h\u0259mv\u0259t\u0259nl\u0259r!<\/p>\n<p>Sizi &#8211; respublikam\u0131z\u0131n y\u0259hudi \u0259silli v\u0259t\u0259nda\u015flar\u0131n\u0131 yeni il bayram\u0131n\u0131z Ro\u015f-Ha-\u015eana m\u00fcnasib\u0259til\u0259 \u00fcr\u0259kd\u0259n t\u0259brik edir, h\u0259r biriniz\u0259 \u0259n s\u0259mimi arzu v\u0259 dil\u0259kl\u0259rimi yetirir\u0259m.<\/p>\n<p>Bu g\u00fcn d\u00fcnyada multikulturalizmin m\u0259rk\u0259zl\u0259rind\u0259n biri kimi tan\u0131nan Az\u0259rbaycanda \u0259srl\u0259r boyu m\u00fcxt\u0259lif etnik v\u0259 dini qruplar\u0131n n\u00fcmay\u0259nd\u0259l\u0259ri, o c\u00fcml\u0259d\u0259n y\u0259hudil\u0259r dostluq, mehriban qon\u015fuluq v\u0259 \u0259min-amanl\u0131q \u015f\u0259raitind\u0259 ya\u015fam\u0131\u015f, he\u00e7 vaxt antisemitizm\u0259 v\u0259 ayr\u0131-se\u00e7kiliy\u0259 m\u0259ruz qalmadan milli-m\u0259d\u0259ni v\u0259 dini d\u0259y\u0259rl\u0259rini g\u00fcn\u00fcm\u00fcz\u0259d\u0259k qoruyub saxlam\u0131\u015flar.<\/p>\n<p>M\u0259mnuniyy\u0259t hissi il\u0259 qeyd etm\u0259k ist\u0259yir\u0259m ki, c\u0259miyy\u0259timizin ayr\u0131lmaz hiss\u0259si olan y\u0259hudi icmas\u0131 \u0259sl v\u0259t\u0259nda\u015fl\u0131q v\u0259 Az\u0259rbaycan\u00e7\u0131l\u0131q m\u00f6vqeyind\u0259n \u00e7\u0131x\u0131\u015f ed\u0259r\u0259k respublikam\u0131z\u0131n t\u0259r\u0259qqisi namin\u0259 h\u0259yata ke\u00e7iril\u0259n b\u00f6y\u00fck quruculuq i\u015fl\u0259rind\u0259 v\u0259 ictimai-siyasi prosesl\u0259rd\u0259 f\u0259al i\u015ftirak edir. \u018fmin\u0259m ki, y\u0259hudi \u0259silli h\u0259mv\u0259t\u0259nl\u0259rimiz bundan sonra da \u00fcmumi evimiz olan Az\u0259rbaycan\u0131n daha da \u00e7i\u00e7\u0259kl\u0259nm\u0259si \u00fc\u00e7\u00fcn s\u0259yl\u0259rini \u0259sirg\u0259m\u0259y\u0259c\u0259kl\u0259r.<\/p>\n<p>H\u0259r il t\u0259nt\u0259n\u0259 il\u0259 qeyd olunan Ro\u015f-Ha-\u015eana yeniliyi, m\u0259n\u0259vi safl\u0131\u011f\u0131 v\u0259 xeyirxahl\u0131\u011f\u0131 t\u0259c\u0259ss\u00fcm etdirir. Qoy bu bayram ham\u0131n\u0131z\u0131n h\u0259yat\u0131na xo\u015f ovqat, ail\u0259l\u0259riniz\u0259 s\u0259ad\u0259t v\u0259 sevinc g\u0259tirsin.<\/p>\n<p>Bayram\u0131n\u0131z m\u00fcbar\u0259k olsun!&#8221;<\/p>\n","protected":false},"excerpt":{"rendered":"<p>Prezident \u0130lham \u018fliyev Az\u0259rbaycan\u0131n y\u0259hudi icmas\u0131na yeni il bayram\u0131 Ro\u015f-Ha-\u015eana m\u00fcnasib\u0259til\u0259 t\u0259brik m\u0259ktubu g\u00f6nd\u0259rib. ARANTV.AZ\u00a0\u00a0AZ\u018fRTAC-a istinad\u0259n bildirir ki, t\u0259brikd\u0259 deyiilr: &#8220;H\u00f6rm\u0259tli h\u0259mv\u0259t\u0259nl\u0259r! Sizi &#8211; respublikam\u0131z\u0131n y\u0259hudi \u0259silli v\u0259t\u0259nda\u015flar\u0131n\u0131 yeni il bayram\u0131n\u0131z Ro\u015f-Ha-\u015eana m\u00fcnasib\u0259til\u0259 \u00fcr\u0259kd\u0259n t\u0259brik edir, h\u0259r biriniz\u0259 \u0259n s\u0259mimi arzu v\u0259 dil\u0259kl\u0259rimi yetirir\u0259m. Bu g\u00fcn d\u00fcnyada multikulturalizmin m\u0259rk\u0259zl\u0259rind\u0259n biri kimi tan\u0131nan Az\u0259rbaycanda \u0259srl\u0259r boyu m\u00fcxt\u0259lif etnik v\u0259 dini qruplar\u0131n n\u00fcmay\u0259nd\u0259l\u0259ri, o c\u00fcml\u0259d\u0259n y\u0259hudil\u0259r dostluq, mehriban qon\u015fuluq v\u0259 \u0259min-amanl\u0131q \u015f\u0259raitind\u0259 ya\u015fam\u0131\u015f, he\u00e7 vaxt antisemitizm\u0259 v\u0259 ayr\u0131-se\u00e7kiliy\u0259 m\u0259ruz qalmadan milli-m\u0259d\u0259ni v\u0259 dini d\u0259y\u0259rl\u0259rini g\u00fcn\u00fcm\u00fcz\u0259d\u0259k qoruyub saxlam\u0131\u015flar. M\u0259mnuniyy\u0259t hissi il\u0259 qeyd etm\u0259k&hellip;<\/p>\n","protected":false},"author":2,"featured_media":81700,"comment_status":"closed","ping_status":"closed","sticky":false,"template":"","format":"standard","meta":{"om_disable_all_campaigns":false,"_monsterinsights_skip_tracking":false,"_monsterinsights_sitenote_active":false,"_monsterinsights_sitenote_note":"","_monsterinsights_sitenote_category":0},"categories":[4],"tags":[],"aioseo_notices":[],"gutentor_comment":0,"rttpg_featured_image_url":{"full":["https:\/\/arantv.az\/wp-content\/uploads\/2019\/09\/2018_ilham_aliyev_01.jpg",1200,900,false],"landscape":["https:\/\/arantv.az\/wp-content\/uploads\/2019\/09\/2018_ilham_aliyev_01.jpg",1200,900,false],"portraits":["https:\/\/arantv.az\/wp-content\/uploads\/2019\/09\/2018_ilham_aliyev_01.jpg",1200,900,false],"thumbnail":["https:\/\/arantv.az\/wp-content\/uploads\/2019\/09\/2018_ilham_aliyev_01-150x150.jpg",150,150,true],"medium":["https:\/\/arantv.az\/wp-content\/uploads\/2019\/09\/2018_ilham_aliyev_01-300x225.jpg",300,225,true],"large":["https:\/\/arantv.az\/wp-content\/uploads\/2019\/09\/2018_ilham_aliyev_01-1024x768.jpg",640,480,true],"1536x1536":["https:\/\/arantv.az\/wp-content\/uploads\/2019\/09\/2018_ilham_aliyev_01.jpg",1200,900,false],"2048x2048":["https:\/\/arantv.az\/wp-content\/uploads\/2019\/09\/2018_ilham_aliyev_01.jpg",1200,900,false],"post-thumbnail":["https:\/\/arantv.az\/wp-content\/uploads\/2019\/09\/2018_ilham_aliyev_01-240x172.jpg",240,172,true],"advps-thumb-one":["https:\/\/arantv.az\/wp-content\/uploads\/2019\/09\/2018_ilham_aliyev_01-1200x620.jpg",1200,620,true]},"rttpg_author":{"display_name":"V\u00fcsal Rafiqo\u011flu","author_link":"https:\/\/arantv.az\/?author=2"},"rttpg_comment":0,"rttpg_category":"<a href=\"https:\/\/arantv.az\/?cat=4\" rel=\"category\">Siyas\u0259t<\/a>","rttpg_excerpt":"Prezident \u0130lham \u018fliyev Az\u0259rbaycan\u0131n y\u0259hudi icmas\u0131na yeni il bayram\u0131 Ro\u015f-Ha-\u015eana m\u00fcnasib\u0259til\u0259 t\u0259brik m\u0259ktubu g\u00f6nd\u0259rib. ARANTV.AZ\u00a0\u00a0AZ\u018fRTAC-a istinad\u0259n bildirir ki, t\u0259brikd\u0259 deyiilr: &#8220;H\u00f6rm\u0259tli h\u0259mv\u0259t\u0259nl\u0259r! Sizi &#8211; respublikam\u0131z\u0131n y\u0259hudi \u0259silli v\u0259t\u0259nda\u015flar\u0131n\u0131 yeni il bayram\u0131n\u0131z Ro\u015f-Ha-\u015eana m\u00fcnasib\u0259til\u0259 \u00fcr\u0259kd\u0259n t\u0259brik edir, h\u0259r biriniz\u0259 \u0259n s\u0259mimi arzu v\u0259 dil\u0259kl\u0259rimi yetirir\u0259m. Bu g\u00fcn d\u00fcnyada multikulturalizmin m\u0259rk\u0259zl\u0259rind\u0259n biri kimi tan\u0131nan Az\u0259rbaycanda \u0259srl\u0259r boyu&hellip;","_links":{"self":[{"href":"https:\/\/arantv.az\/index.php?rest_route=\/wp\/v2\/posts\/81699"}],"collection":[{"href":"https:\/\/arantv.az\/index.php?rest_route=\/wp\/v2\/posts"}],"about":[{"href":"https:\/\/arantv.az\/index.php?rest_route=\/wp\/v2\/types\/post"}],"author":[{"embeddable":true,"href":"https:\/\/arantv.az\/index.php?rest_route=\/wp\/v2\/users\/2"}],"replies":[{"embeddable":true,"href":"https:\/\/arantv.az\/index.php?rest_route=%2Fwp%2Fv2%2Fcomments&post=81699"}],"version-history":[{"count":0,"href":"https:\/\/arantv.az\/index.php?rest_route=\/wp\/v2\/posts\/81699\/revisions"}],"wp:featuredmedia":[{"embeddable":true,"href":"https:\/\/arantv.az\/index.php?rest_route=\/wp\/v2\/media\/81700"}],"wp:attachment":[{"href":"https:\/\/arantv.az\/index.php?rest_route=%2Fwp%2Fv2%2Fmedia&parent=81699"}],"wp:term":[{"taxonomy":"category","embeddable":true,"href":"https:\/\/arantv.az\/index.php?rest_route=%2Fwp%2Fv2%2Fcategories&post=81699"},{"taxonomy":"post_tag","embeddable":true,"href":"https:\/\/arantv.az\/index.php?rest_route=%2Fwp%2Fv2%2Ftags&post=81699"}],"curies":[{"name":"wp","href":"https:\/\/api.w.org\/{rel}","templated":true}]}}