{"id":81703,"date":"2019-09-27T07:31:23","date_gmt":"2019-09-27T04:31:23","guid":{"rendered":"http:\/\/arantv.az\/?p=81703"},"modified":"2019-09-27T07:31:23","modified_gmt":"2019-09-27T04:31:23","slug":"az%c9%99rbaycanda-yeni-bal-brendi-yaradilir-9-iqlim","status":"publish","type":"post","link":"https:\/\/arantv.az\/?p=81703","title":{"rendered":"Az\u0259rbaycanda yeni bal BRENDi yarad\u0131l\u0131r &#8211; &#8220;9 iqlim&#8221;"},"content":{"rendered":"<p>Az\u0259rbaycanda yeni bal brendi yarad\u0131l\u0131r.<\/p>\n<p><strong>ARANTV.AZ<\/strong>\u00a0 x\u0259b\u0259r verir ki, bunu\u00a0<a href=\"http:\/\/az.trend.az\/\" target=\"_blank\" rel=\"noopener\">Trend<\/a>-\u0259 Az\u0259rbaycan Ar\u0131\u00e7\u0131lar Assosiasiyas\u0131n\u0131n s\u0259dri B\u0259dr\u0259ddin H\u0259sr\u0259tov bildirib. Onun s\u00f6zl\u0259rin\u0259 g\u00f6r\u0259, bu bal il\u0259 art\u0131q xaricd\u0259 maraqlan\u0131rlar:<\/p>\n<p>&#8220;Bildiniz kimi, Az\u0259rbaycanda bir s\u0131ra bal sortlar\u0131 var. Ancaq haz\u0131rda \u00f6lk\u0259d\u0259 yeni bal brendi yaran\u0131r, ad\u0131 is\u0259 &#8220;9 iqlim&#8221;dir. H\u0259min bal\u0131n t\u0259rkibi 9 regiondan \u0259ld\u0259 edil\u0259n v\u0259 9 m\u00fcxt\u0259lif sortda olan ballar\u0131n birl\u0259\u015fm\u0259si olacaq. Yeni brendl\u0259 art\u0131q Almaniya maraqlan\u0131r v\u0259 bununla ba\u011fl\u0131 iki d\u0259f\u0259 g\u00f6r\u00fc\u015f ke\u00e7irilib&#8221;.<\/p>\n<p>B.H\u0259sr\u0259tov Aran rayonlar\u0131nda bal istehsal\u0131n\u0131n getdikc\u0259 artd\u0131\u011f\u0131n\u0131 da deyib:<\/p>\n<p>&#8220;\u018fvv\u0259ll\u0259r dem\u0259k olar, \u00e7ox insan bilmirdi ki, Aran rayonlar\u0131nda, h\u0259tta Yevlax v\u0259 K\u00fcrd\u0259mird\u0259 ar\u0131\u00e7\u0131l\u0131q il\u0259 m\u0259\u015f\u011ful olmaq olar. Son ill\u0259r h\u0259min \u0259razil\u0259rd\u0259 ar\u0131\u00e7\u0131lq b\u00f6y\u00fck s\u00fcr\u0259tl\u0259 inki\u015faf edir. Bir fakt\u0131 da deyim ki, Yaponiya yaln\u0131z Aran rayonlar\u0131ndan \u0259ld\u0259 olunmu\u015f bal al\u0131r&#8221;.<\/p>\n","protected":false},"excerpt":{"rendered":"<p>Az\u0259rbaycanda yeni bal brendi yarad\u0131l\u0131r. ARANTV.AZ\u00a0 x\u0259b\u0259r verir ki, bunu\u00a0Trend-\u0259 Az\u0259rbaycan Ar\u0131\u00e7\u0131lar Assosiasiyas\u0131n\u0131n s\u0259dri B\u0259dr\u0259ddin H\u0259sr\u0259tov bildirib. Onun s\u00f6zl\u0259rin\u0259 g\u00f6r\u0259, bu bal il\u0259 art\u0131q xaricd\u0259 maraqlan\u0131rlar: &#8220;Bildiniz kimi, Az\u0259rbaycanda bir s\u0131ra bal sortlar\u0131 var. Ancaq haz\u0131rda \u00f6lk\u0259d\u0259 yeni bal brendi yaran\u0131r, ad\u0131 is\u0259 &#8220;9 iqlim&#8221;dir. H\u0259min bal\u0131n t\u0259rkibi 9 regiondan \u0259ld\u0259 edil\u0259n v\u0259 9 m\u00fcxt\u0259lif sortda olan ballar\u0131n birl\u0259\u015fm\u0259si olacaq. Yeni brendl\u0259 art\u0131q Almaniya maraqlan\u0131r v\u0259 bununla ba\u011fl\u0131 iki d\u0259f\u0259 g\u00f6r\u00fc\u015f ke\u00e7irilib&#8221;. B.H\u0259sr\u0259tov Aran rayonlar\u0131nda bal istehsal\u0131n\u0131n getdikc\u0259 artd\u0131\u011f\u0131n\u0131 da deyib: &#8220;\u018fvv\u0259ll\u0259r dem\u0259k olar, \u00e7ox insan bilmirdi ki, Aran rayonlar\u0131nda,&hellip;<\/p>\n","protected":false},"author":2,"featured_media":81704,"comment_status":"closed","ping_status":"closed","sticky":false,"template":"","format":"standard","meta":{"om_disable_all_campaigns":false,"_monsterinsights_skip_tracking":false,"_monsterinsights_sitenote_active":false,"_monsterinsights_sitenote_note":"","_monsterinsights_sitenote_category":0},"categories":[1],"tags":[],"aioseo_notices":[],"gutentor_comment":0,"rttpg_featured_image_url":{"full":["https:\/\/arantv.az\/wp-content\/uploads\/2019\/09\/789490.jpg",1200,800,false],"landscape":["https:\/\/arantv.az\/wp-content\/uploads\/2019\/09\/789490.jpg",1200,800,false],"portraits":["https:\/\/arantv.az\/wp-content\/uploads\/2019\/09\/789490.jpg",1200,800,false],"thumbnail":["https:\/\/arantv.az\/wp-content\/uploads\/2019\/09\/789490-150x150.jpg",150,150,true],"medium":["https:\/\/arantv.az\/wp-content\/uploads\/2019\/09\/789490-300x200.jpg",300,200,true],"large":["https:\/\/arantv.az\/wp-content\/uploads\/2019\/09\/789490-1024x683.jpg",640,427,true],"1536x1536":["https:\/\/arantv.az\/wp-content\/uploads\/2019\/09\/789490.jpg",1200,800,false],"2048x2048":["https:\/\/arantv.az\/wp-content\/uploads\/2019\/09\/789490.jpg",1200,800,false],"post-thumbnail":["https:\/\/arantv.az\/wp-content\/uploads\/2019\/09\/789490-240x172.jpg",240,172,true],"advps-thumb-one":["https:\/\/arantv.az\/wp-content\/uploads\/2019\/09\/789490-1200x620.jpg",1200,620,true]},"rttpg_author":{"display_name":"V\u00fcsal Rafiqo\u011flu","author_link":"https:\/\/arantv.az\/?author=2"},"rttpg_comment":0,"rttpg_category":"<a href=\"https:\/\/arantv.az\/?cat=1\" rel=\"category\">C\u0259miyy\u0259t<\/a>","rttpg_excerpt":"Az\u0259rbaycanda yeni bal brendi yarad\u0131l\u0131r. ARANTV.AZ\u00a0 x\u0259b\u0259r verir ki, bunu\u00a0Trend-\u0259 Az\u0259rbaycan Ar\u0131\u00e7\u0131lar Assosiasiyas\u0131n\u0131n s\u0259dri B\u0259dr\u0259ddin H\u0259sr\u0259tov bildirib. Onun s\u00f6zl\u0259rin\u0259 g\u00f6r\u0259, bu bal il\u0259 art\u0131q xaricd\u0259 maraqlan\u0131rlar: &#8220;Bildiniz kimi, Az\u0259rbaycanda bir s\u0131ra bal sortlar\u0131 var. Ancaq haz\u0131rda \u00f6lk\u0259d\u0259 yeni bal brendi yaran\u0131r, ad\u0131 is\u0259 &#8220;9 iqlim&#8221;dir. H\u0259min bal\u0131n t\u0259rkibi 9 regiondan \u0259ld\u0259 edil\u0259n v\u0259 9 m\u00fcxt\u0259lif&hellip;","_links":{"self":[{"href":"https:\/\/arantv.az\/index.php?rest_route=\/wp\/v2\/posts\/81703"}],"collection":[{"href":"https:\/\/arantv.az\/index.php?rest_route=\/wp\/v2\/posts"}],"about":[{"href":"https:\/\/arantv.az\/index.php?rest_route=\/wp\/v2\/types\/post"}],"author":[{"embeddable":true,"href":"https:\/\/arantv.az\/index.php?rest_route=\/wp\/v2\/users\/2"}],"replies":[{"embeddable":true,"href":"https:\/\/arantv.az\/index.php?rest_route=%2Fwp%2Fv2%2Fcomments&post=81703"}],"version-history":[{"count":0,"href":"https:\/\/arantv.az\/index.php?rest_route=\/wp\/v2\/posts\/81703\/revisions"}],"wp:featuredmedia":[{"embeddable":true,"href":"https:\/\/arantv.az\/index.php?rest_route=\/wp\/v2\/media\/81704"}],"wp:attachment":[{"href":"https:\/\/arantv.az\/index.php?rest_route=%2Fwp%2Fv2%2Fmedia&parent=81703"}],"wp:term":[{"taxonomy":"category","embeddable":true,"href":"https:\/\/arantv.az\/index.php?rest_route=%2Fwp%2Fv2%2Fcategories&post=81703"},{"taxonomy":"post_tag","embeddable":true,"href":"https:\/\/arantv.az\/index.php?rest_route=%2Fwp%2Fv2%2Ftags&post=81703"}],"curies":[{"name":"wp","href":"https:\/\/api.w.org\/{rel}","templated":true}]}}