{"id":817142,"date":"2025-07-23T10:26:37","date_gmt":"2025-07-23T06:26:37","guid":{"rendered":"https:\/\/arantv.az\/?p=817142"},"modified":"2025-07-23T10:26:37","modified_gmt":"2025-07-23T06:26:37","slug":"baki-bu-gost%c9%99riciy%c9%99-gor%c9%99-ir%c9%99vani-ust%c9%99l%c9%99di-amma","status":"publish","type":"post","link":"https:\/\/arantv.az\/?p=817142","title":{"rendered":"Bak\u0131 bu g\u00f6st\u0259riciy\u0259 g\u00f6r\u0259 \u0130r\u0259van\u0131 \u00fcst\u0259l\u0259di, amma&#8230;"},"content":{"rendered":"<p><strong>Ya\u015fad\u0131\u011f\u0131m\u0131z \u015f\u0259h\u0259rin n\u0259 q\u0259d\u0259r ya\u015fan\u0131las\u0131 oldu\u011funu yaln\u0131z g\u00fcnd\u0259lik qay\u011f\u0131lar\u0131m\u0131zla deyil, beyn\u0259lxalq reytinql\u0259rl\u0259 d\u0259 qiym\u0259tl\u0259ndirm\u0259k m\u00fcmk\u00fcnd\u00fcr. 2025-ci ilin ilk yar\u0131s\u0131 \u00fc\u00e7\u00fcn d\u00fcnyan\u0131n \u0259n b\u00f6y\u00fck statistik bazalar\u0131ndan biri olan Numbeo Bak\u0131 \u015f\u0259h\u0259rinin h\u0259yat keyfiyy\u0259ti indeksi il\u0259 ba\u011fl\u0131 hesabat yay\u0131b. T\u0259\u0259ss\u00fcf ki, n\u0259tic\u0259l\u0259r arzuolunan s\u0259viyy\u0259d\u0259 deyil &#8211; Az\u0259rbaycan\u0131n paytaxt\u0131 236-c\u0131 pill\u0259d\u0259 q\u0259rarla\u015f\u0131b. Hesabatda region \u00f6lk\u0259l\u0259rinin dig\u0259r paytaxtlar\u0131 da yer al\u0131b. Bak\u0131 \u0130r\u0259van\u0131 gerid\u0259 qoysa da, Tiflis, Moskva v\u0259 Ankara kimi \u015f\u0259h\u0259rl\u0259rd\u0259n geri qal\u0131r. Bu g\u00f6st\u0259ricil\u0259r Az\u0259rbaycan\u0131n paytaxt\u0131nda ya\u015fay\u0131\u015f \u015f\u0259raiti, ictimai xidm\u0259tl\u0259rin keyfiyy\u0259ti v\u0259 sosial rifah s\u0259viyy\u0259si il\u0259 ba\u011fl\u0131 ciddi suallar do\u011furur.<\/strong><\/p>\n<p>Qeyd ed\u0259k ki, Numbeo platformas\u0131n\u0131n h\u0259yat keyfiyy\u0259ti indeksind\u0259 \u0259sas meyarlar kimi ya\u015fay\u0131\u015f x\u0259rcl\u0259ri, t\u0259hl\u00fck\u0259sizlik, s\u0259hiyy\u0259 xidm\u0259tl\u0259ri, hava v\u0259 \u0259traf m\u00fchitin t\u0259mizliyi, n\u0259qliyyat infrastrukturunun \u0259l\u00e7atanl\u0131\u011f\u0131, al\u0131c\u0131l\u0131q qabiliyy\u0259ti, kiray\u0259 qiym\u0259tl\u0259ri v\u0259 \u015f\u0259h\u0259r sakinl\u0259rinin \u00fcmumi raz\u0131l\u0131q s\u0259viyy\u0259si n\u0259z\u0259r\u0259 al\u0131n\u0131r.<\/p>\n<p>Bu meyarlara \u0259saslanaraq Bak\u0131 \u015f\u0259h\u0259rinin 236-c\u0131 yerd\u0259 q\u0259rarla\u015fmas\u0131 bir ne\u00e7\u0259 m\u00fch\u00fcm problemi \u00f6n plana \u00e7\u0131xar\u0131r:<\/p>\n<p>Bunlardan ilki n\u0259qliyyat v\u0259 infrastruktur m\u0259s\u0259l\u0259l\u0259ridir. B\u00f6y\u00fck \u015f\u0259h\u0259r s\u0131xl\u0131\u011f\u0131na uy\u011funla\u015fmayan ictimai n\u0259qliyyat, t\u0131xaclar v\u0259 piyadalar \u00fc\u00e7\u00fcn yet\u0259rsiz \u015f\u0259rait ya\u015fam keyfiyy\u0259tin\u0259 m\u0259nfi t\u0259sir edir.<\/p>\n<p>Ya\u015fay\u0131\u015f x\u0259rcl\u0259rinin y\u00fcks\u0259lm\u0259si ikinci s\u0131rada yer al\u0131r. \u018fsas istehlak m\u0259hsullar\u0131n\u0131n v\u0259 kiray\u0259 m\u0259nzill\u0259rin bahala\u015fmas\u0131 Bak\u0131da g\u00fcnd\u0259lik h\u0259yat\u0131n \u00e7\u0259tinl\u0259\u015fm\u0259sin\u0259 s\u0259b\u0259b olur. B\u0259zi ekspertl\u0259r hesab edirl\u0259r ki, bu, al\u0131c\u0131l\u0131q qabiliyy\u0259tinin a\u015fa\u011f\u0131 d\u00fc\u015fm\u0259si il\u0259 n\u0259tic\u0259l\u0259nir.<\/p>\n<p>Sosial xidm\u0259tl\u0259r\u0259 \u0259l\u00e7atanl\u0131q da \u00f6n\u0259mli amildir. S\u0259hiyy\u0259 v\u0259 t\u0259hsil xidm\u0259tl\u0259rinin keyfiyy\u0259ti v\u0259 b\u0259rab\u0259r b\u00f6lg\u00fcs\u00fc d\u0259 \u015f\u0259h\u0259r sakinl\u0259rinin raz\u0131l\u0131\u011f\u0131n\u0131 azaldan faktorlardand\u0131r.<\/p>\n<p>\u018ftraf m\u00fchit v\u0259 hava keyfiyy\u0259tin\u0259 g\u0259ldiks\u0259 is\u0259 Bak\u0131n\u0131n b\u0259zi \u0259razil\u0259rind\u0259 hava \u00e7irkl\u0259nm\u0259si v\u0259 ya\u015f\u0131ll\u0131qlar\u0131n \u00e7at\u0131\u015fmazl\u0131\u011f\u0131 da indeksd\u0259 a\u015fa\u011f\u0131 pill\u0259y\u0259 d\u00fc\u015fm\u0259y\u0259 s\u0259b\u0259b olur.<\/p>\n<p>M\u00fcqayis\u0259 \u00fc\u00e7\u00fcn qeyd etm\u0259k laz\u0131md\u0131r ki, Tiflis (228-ci) v\u0259 Moskva (211-ci) kimi \u015f\u0259h\u0259rl\u0259rd\u0259 son ill\u0259rd\u0259 n\u0259qliyyat sistemind\u0259 islahatlar\u0131n t\u0259tbiq edilm\u0259si, ya\u015f\u0131l zonalar\u0131n art\u0131r\u0131lmas\u0131 v\u0259 ictimai xidm\u0259tl\u0259r\u0259 s\u0259rmay\u0259 yat\u0131rmaqla ya\u015fay\u0131\u015f s\u0259viyy\u0259sinin y\u00fcks\u0259ldilm\u0259sin\u0259 nail olunub.<\/p>\n<p>\u0130r\u0259van\u0131n siyah\u0131da Bak\u0131dan sonra q\u0259rarla\u015fmas\u0131 m\u00fc\u0259yy\u0259n \u00fcst\u00fcnl\u00fckl\u0259rin qorundu\u011funu g\u00f6st\u0259rs\u0259 d\u0259, regional liderlik iddias\u0131nda olan Az\u0259rbaycan\u0131n paytaxt\u0131 \u00fc\u00e7\u00fcn bu n\u0259tic\u0259 q\u0259na\u0259tb\u0259x\u015f hesab oluna bilm\u0259z. X\u00fcsusil\u0259 2030-cu il\u0259 q\u0259d\u0259r milli prioritetl\u0259rd\u0259n biri olan \u201cdayan\u0131ql\u0131 \u015f\u0259h\u0259rsalma v\u0259 ya\u015fay\u0131\u015f m\u00fchiti\u201d istiqam\u0259tind\u0259 daha \u00e7evik v\u0259 m\u0259qs\u0259dy\u00f6nl\u00fc add\u0131mlar\u0131n at\u0131lmas\u0131 z\u0259ruridir.<\/p>\n<p><img src=\"https:\/\/files.modern.az\/articles\/2024\/07\/12\/1720780333_na.jpg\" alt=\"Natiq C\u0259f\u0259rli bu dair\u0259d\u0259 imzatoplama kampaniyas\u0131na ba\u015flay\u0131b | Modern.az\" \/><\/p>\n<p><strong>Natiq C\u0259f\u0259rli\u00a0<\/strong><\/p>\n<p><strong>Respublika\u00e7\u0131 Alternativ Partiyas\u0131n\u0131n (ReAL) s\u0259dri, iqtisad\u00e7\u0131 Natiq C\u0259f\u0259rli hesab edir ki, Bak\u0131 \u015f\u0259h\u0259rinin dig\u0259r paytaxt \u015f\u0259h\u0259rl\u0259rl\u0259 m\u00fcqayis\u0259d\u0259 ilk n\u0259z\u0259r\u0259\u00e7arpan, amma t\u0259\u0259ss\u00fcf ki, xeyrimiz\u0259 olmayan f\u0259rqi vahid m\u0259rk\u0259zd\u0259n idar\u0259 olunmamas\u0131d\u0131r. \u201cYeni M\u00fcsavat\u201da a\u00e7\u0131qlamas\u0131nda ekspert bildirdi ki, Moskva, Tiflis v\u0259 dig\u0259r paytaxt \u015f\u0259h\u0259rl\u0259rd\u0259 mer institutu var:<\/strong>\u00a0\u201cBir \u00e7ox paytaxt \u015f\u0259h\u0259rd\u0259 mer institutu oldu\u011fu \u00fc\u00e7\u00fcn \u015f\u0259h\u0259r t\u0259s\u0259rr\u00fcfat\u0131 vahid m\u0259rk\u0259zd\u0259n idar\u0259 olunur. Bak\u0131 \u015f\u0259h\u0259rind\u0259 is\u0259 p\u0259rak\u0259nd\u0259lik var. Bir \u00e7ox d\u00f6vl\u0259t qurumu Bak\u0131 \u015e\u0259h\u0259r \u0130cra Hakimiyy\u0259tind\u0259n (B\u015e\u0130H) \u0259lav\u0259 s\u0259lahiyy\u0259tl\u0259r\u0259 malikdir. Bu c\u00fcr p\u0259rak\u0259nd\u0259lik \u00e7ox zaman xidm\u0259tin keyfiyy\u0259tin\u0259 t\u0259sir g\u00f6st\u0259r\u0259n amil\u0259 \u00e7evrilir. Son zamanlar xeyli i\u015f g\u00f6r\u00fclm\u0259sin\u0259 baxmayaraq, b\u00f6y\u00fck \u015f\u0259h\u0259r b\u0259l\u0259diyy\u0259sinin olmamas\u0131 Bak\u0131n\u0131n probleml\u0259rini d\u0259rind\u0259n h\u0259ll etm\u0259y\u0259 mane olan faktora \u00e7evrilir\u201d.<\/p>\n<p><img src=\"https:\/\/azertag.az\/files\/2023\/1\/1200x630\/16735321715306343185_1200x630.jpg\" alt=\"Eyyub K\u0259rimli: Az\u0259rbaycandan Avropaya ya\u015f\u0131l enerji ixrac\u0131 il\u0259 ba\u011fl\u0131 vacib  layih\u0259l\u0259r realla\u015fd\u0131r\u0131lacaq - AZ\u018fRTAC\" \/><\/p>\n<p><strong>Eyyub K\u0259rimli<\/strong><\/p>\n<p><strong>\u0130qtisad\u00e7\u0131 Eyyub K\u0259rimli d\u0259 m\u00f6vzu il\u0259 ba\u011fl\u0131 fikirl\u0259rini \u201cYeni M\u00fcsavat\u201d la b\u00f6l\u00fc\u015fd\u00fc:<\/strong>\u00a0\u201cBak\u0131 \u015f\u0259h\u0259rind\u0259 Az\u0259rbaycan\u0131n dig\u0259r regionlar\u0131 il\u0259 m\u00fcqayis\u0259d\u0259 qiym\u0259tl\u0259r m\u00fc\u0259yy\u0259n q\u0259d\u0259r bahad\u0131r. Bu da ondan ir\u0259li g\u0259lir ki, paytaxt Bak\u0131da \u0259halinin say\u0131 respublikan\u0131n dig\u0259r \u0259razil\u0259rind\u0259n daha \u00e7oxdur. Eyni zamanda Bak\u0131ya turist s\u0259f\u0259rl\u0259ri daha \u00e7oxdur. Bu da t\u0259l\u0259b yaratd\u0131\u011f\u0131 \u00fc\u00e7\u00fcn qiym\u0259tl\u0259r\u0259 \u00f6z t\u0259sirini g\u00f6st\u0259rir. Bu g\u00fcn hotell\u0259rin say\u0131, o c\u00fcml\u0259d\u0259n ictimai-ia\u015f\u0259 obyektl\u0259rind\u0259 xidm\u0259t keyfiyy\u0259tinin \u00f6l\u00e7\u00fclm\u0259si n\u0259z\u0259r\u0259 al\u0131n\u0131r. \u00d6z\u0259l sektor xidm\u0259t keyfiyy\u0259tinin y\u00fcks\u0259ldilm\u0259sin\u0259 can atmal\u0131d\u0131r. Qiym\u0259tl\u0259rin optimalla\u015fd\u0131r\u0131lmas\u0131 da m\u0259qs\u0259d\u0259uy\u011fun olar. Bunun \u00fc\u00e7\u00fcn ciddi r\u0259qab\u0259t m\u00fchiti yarad\u0131lmal\u0131d\u0131r. Bu istiqam\u0259td\u0259 m\u00fcvafiq add\u0131mlar at\u0131lmal\u0131d\u0131r\u201d.<\/p>\n<p><strong>Nigar H\u018fS\u018fNL\u0130,<\/strong><br \/>\n<strong>\u201cYeni M\u00fcsavat\u201d<\/strong><\/p>\n<p>&nbsp;<\/p>\n","protected":false},"excerpt":{"rendered":"<p>Ya\u015fad\u0131\u011f\u0131m\u0131z \u015f\u0259h\u0259rin n\u0259 q\u0259d\u0259r ya\u015fan\u0131las\u0131 oldu\u011funu yaln\u0131z g\u00fcnd\u0259lik qay\u011f\u0131lar\u0131m\u0131zla deyil, beyn\u0259lxalq reytinql\u0259rl\u0259 d\u0259 qiym\u0259tl\u0259ndirm\u0259k m\u00fcmk\u00fcnd\u00fcr. 2025-ci ilin ilk yar\u0131s\u0131 \u00fc\u00e7\u00fcn d\u00fcnyan\u0131n \u0259n b\u00f6y\u00fck statistik bazalar\u0131ndan biri olan Numbeo Bak\u0131 \u015f\u0259h\u0259rinin h\u0259yat keyfiyy\u0259ti indeksi il\u0259 ba\u011fl\u0131 hesabat yay\u0131b. T\u0259\u0259ss\u00fcf ki, n\u0259tic\u0259l\u0259r arzuolunan s\u0259viyy\u0259d\u0259 deyil &#8211; Az\u0259rbaycan\u0131n paytaxt\u0131 236-c\u0131 pill\u0259d\u0259 q\u0259rarla\u015f\u0131b. Hesabatda region \u00f6lk\u0259l\u0259rinin dig\u0259r paytaxtlar\u0131 da yer al\u0131b. Bak\u0131 \u0130r\u0259van\u0131 gerid\u0259 qoysa da, Tiflis, Moskva v\u0259 Ankara kimi \u015f\u0259h\u0259rl\u0259rd\u0259n geri qal\u0131r. Bu g\u00f6st\u0259ricil\u0259r Az\u0259rbaycan\u0131n paytaxt\u0131nda ya\u015fay\u0131\u015f \u015f\u0259raiti, ictimai xidm\u0259tl\u0259rin keyfiyy\u0259ti v\u0259 sosial rifah s\u0259viyy\u0259si il\u0259 ba\u011fl\u0131 ciddi suallar do\u011furur. Qeyd ed\u0259k&hellip;<\/p>\n","protected":false},"author":2,"featured_media":817143,"comment_status":"closed","ping_status":"closed","sticky":false,"template":"","format":"standard","meta":{"om_disable_all_campaigns":false,"_monsterinsights_skip_tracking":false,"_monsterinsights_sitenote_active":false,"_monsterinsights_sitenote_note":"","_monsterinsights_sitenote_category":0},"categories":[19],"tags":[],"aioseo_notices":[],"gutentor_comment":0,"rttpg_featured_image_url":{"full":["https:\/\/arantv.az\/wp-content\/uploads\/2025\/07\/e172a6f2fde907236c123cdb72963178.jpg",750,422,false],"landscape":["https:\/\/arantv.az\/wp-content\/uploads\/2025\/07\/e172a6f2fde907236c123cdb72963178.jpg",750,422,false],"portraits":["https:\/\/arantv.az\/wp-content\/uploads\/2025\/07\/e172a6f2fde907236c123cdb72963178.jpg",750,422,false],"thumbnail":["https:\/\/arantv.az\/wp-content\/uploads\/2025\/07\/e172a6f2fde907236c123cdb72963178-500x280.jpg",500,280,true],"medium":["https:\/\/arantv.az\/wp-content\/uploads\/2025\/07\/e172a6f2fde907236c123cdb72963178-649x365.jpg",649,365,true],"large":["https:\/\/arantv.az\/wp-content\/uploads\/2025\/07\/e172a6f2fde907236c123cdb72963178.jpg",640,360,false],"1536x1536":["https:\/\/arantv.az\/wp-content\/uploads\/2025\/07\/e172a6f2fde907236c123cdb72963178.jpg",750,422,false],"2048x2048":["https:\/\/arantv.az\/wp-content\/uploads\/2025\/07\/e172a6f2fde907236c123cdb72963178.jpg",750,422,false],"post-thumbnail":["https:\/\/arantv.az\/wp-content\/uploads\/2025\/07\/e172a6f2fde907236c123cdb72963178-240x172.jpg",240,172,true],"advps-thumb-one":["https:\/\/arantv.az\/wp-content\/uploads\/2025\/07\/e172a6f2fde907236c123cdb72963178.jpg",750,422,false]},"rttpg_author":{"display_name":"V\u00fcsal Rafiqo\u011flu","author_link":"https:\/\/arantv.az\/?author=2"},"rttpg_comment":0,"rttpg_category":"<a href=\"https:\/\/arantv.az\/?cat=19\" rel=\"category\">G\u00fcnd\u0259m<\/a>","rttpg_excerpt":"Ya\u015fad\u0131\u011f\u0131m\u0131z \u015f\u0259h\u0259rin n\u0259 q\u0259d\u0259r ya\u015fan\u0131las\u0131 oldu\u011funu yaln\u0131z g\u00fcnd\u0259lik qay\u011f\u0131lar\u0131m\u0131zla deyil, beyn\u0259lxalq reytinql\u0259rl\u0259 d\u0259 qiym\u0259tl\u0259ndirm\u0259k m\u00fcmk\u00fcnd\u00fcr. 2025-ci ilin ilk yar\u0131s\u0131 \u00fc\u00e7\u00fcn d\u00fcnyan\u0131n \u0259n b\u00f6y\u00fck statistik bazalar\u0131ndan biri olan Numbeo Bak\u0131 \u015f\u0259h\u0259rinin h\u0259yat keyfiyy\u0259ti indeksi il\u0259 ba\u011fl\u0131 hesabat yay\u0131b. T\u0259\u0259ss\u00fcf ki, n\u0259tic\u0259l\u0259r arzuolunan s\u0259viyy\u0259d\u0259 deyil &#8211; Az\u0259rbaycan\u0131n paytaxt\u0131 236-c\u0131 pill\u0259d\u0259 q\u0259rarla\u015f\u0131b. Hesabatda region \u00f6lk\u0259l\u0259rinin dig\u0259r paytaxtlar\u0131 da&hellip;","_links":{"self":[{"href":"https:\/\/arantv.az\/index.php?rest_route=\/wp\/v2\/posts\/817142"}],"collection":[{"href":"https:\/\/arantv.az\/index.php?rest_route=\/wp\/v2\/posts"}],"about":[{"href":"https:\/\/arantv.az\/index.php?rest_route=\/wp\/v2\/types\/post"}],"author":[{"embeddable":true,"href":"https:\/\/arantv.az\/index.php?rest_route=\/wp\/v2\/users\/2"}],"replies":[{"embeddable":true,"href":"https:\/\/arantv.az\/index.php?rest_route=%2Fwp%2Fv2%2Fcomments&post=817142"}],"version-history":[{"count":2,"href":"https:\/\/arantv.az\/index.php?rest_route=\/wp\/v2\/posts\/817142\/revisions"}],"predecessor-version":[{"id":817145,"href":"https:\/\/arantv.az\/index.php?rest_route=\/wp\/v2\/posts\/817142\/revisions\/817145"}],"wp:featuredmedia":[{"embeddable":true,"href":"https:\/\/arantv.az\/index.php?rest_route=\/wp\/v2\/media\/817143"}],"wp:attachment":[{"href":"https:\/\/arantv.az\/index.php?rest_route=%2Fwp%2Fv2%2Fmedia&parent=817142"}],"wp:term":[{"taxonomy":"category","embeddable":true,"href":"https:\/\/arantv.az\/index.php?rest_route=%2Fwp%2Fv2%2Fcategories&post=817142"},{"taxonomy":"post_tag","embeddable":true,"href":"https:\/\/arantv.az\/index.php?rest_route=%2Fwp%2Fv2%2Ftags&post=817142"}],"curies":[{"name":"wp","href":"https:\/\/api.w.org\/{rel}","templated":true}]}}