{"id":817153,"date":"2025-07-23T10:30:17","date_gmt":"2025-07-23T06:30:17","guid":{"rendered":"https:\/\/arantv.az\/?p=817153"},"modified":"2025-07-23T10:30:17","modified_gmt":"2025-07-23T06:30:17","slug":"150-il%c9%99-qalxdigimiz-zirv%c9%99-must%c9%99qilliyimizin-t%c9%99m%c9%99lini-mohk%c9%99ml%c9%99d%c9%99n-m%c9%99tbuatimiz","status":"publish","type":"post","link":"https:\/\/arantv.az\/?p=817153","title":{"rendered":"150 il\u0259 qalxd\u0131\u011f\u0131m\u0131z zirv\u0259 &#8211; m\u00fcst\u0259qilliyimizin t\u0259m\u0259lini m\u00f6hk\u0259ml\u0259d\u0259n m\u0259tbuat\u0131m\u0131z"},"content":{"rendered":"<div class=\"text-content\" data-id=\"\" data-url=\"\">\n<p><strong>Az\u0259rbaycan m\u0259tbuat\u0131n\u0131n \u0259sas\u0131 1875-ci ild\u0259 \u201c\u018fkin\u00e7i\u201d q\u0259zetinin n\u0259\u015fri il\u0259 qoyuldu. O g\u00fcnd\u0259n bu g\u00fcn\u0259 q\u0259d\u0259r 150 illik \u015f\u0259r\u0259fli yol ke\u00e7\u0259n milli m\u0259tbuat\u0131m\u0131z h\u0259m maarif\u00e7ilik, h\u0259m milli oyan\u0131\u015f, h\u0259m d\u0259 istiqlal\u0131m\u0131z\u0131n qazan\u0131lmas\u0131 v\u0259 qorunmas\u0131 istiqam\u0259tind\u0259 \u0259v\u0259zsiz rol oynay\u0131b. H\u0259s\u0259n b\u0259y Z\u0259rdabinin n\u0259\u015fr etdiyi \u201c\u018fkin\u00e7i\u201d q\u0259zeti sad\u0259c\u0259 x\u0259b\u0259r ka\u011f\u0131z\u0131 deyil, xalq\u0131n maarifl\u0259nm\u0259si, milli kimliyinin formala\u015fmas\u0131 v\u0259 azadl\u0131q ideyalar\u0131n\u0131n car\u00e7\u0131s\u0131 oldu.<\/strong><\/p>\n<p>\u201c\u018fkin\u00e7i\u201dnin t\u00fcrkc\u0259 \u00e7\u0131xmas\u0131 xalqla birba\u015fa \u00fcnsiyy\u0259t yaratd\u0131, Az\u0259rbaycanda dil v\u0259 d\u00fc\u015f\u00fcnc\u0259 bax\u0131m\u0131ndan millil\u0259\u015fm\u0259nin t\u0259m\u0259lini qoydu. Onun davam\u0131 olaraq XX \u0259srin \u0259vv\u0259ll\u0259rind\u0259 i\u015f\u0131q \u00fcz\u00fc g\u00f6r\u0259n \u201cF\u00fcyuzat\u201d, \u201cMolla N\u0259sr\u0259ddin\u201d, \u201c\u0130r\u015fad\u201d, \u201cT\u0259r\u0259qqi\u201d kimi q\u0259zetl\u0259r is\u0259 \u00e7ar senzuras\u0131na sin\u0259 g\u0259r\u0259r\u0259k azadl\u0131q v\u0259 milli dir\u0259ni\u015fin ideoloji m\u0259rk\u0259zin\u0259 \u00e7evrildil\u0259r.<\/p>\n<p>1918-ci ild\u0259 Az\u0259rbaycan Xalq C\u00fcmhuriyy\u0259ti qurulanda m\u0259tbuat d\u00f6vl\u0259tin \u0259sas dayaqlar\u0131ndan biri kimi \u00e7\u0131x\u0131\u015f etdi. \u201cAz\u0259rbaycan\u201d, \u201c\u0130stiqlal\u201d, \u201cA\u00e7\u0131q s\u00f6z\u201d q\u0259zetl\u0259ri parlament q\u0259rarlar\u0131n\u0131, h\u00f6kum\u0259t proqramlar\u0131n\u0131 xalqa \u00e7atd\u0131rd\u0131, M\u0259h\u0259mm\u0259d \u018fmin R\u0259sulzad\u0259 v\u0259 dig\u0259r ziyal\u0131lar m\u0259tbuat vasit\u0259sil\u0259 xalq\u0131 maarifl\u0259ndirir, beyn\u0259lxalq ictimaiyy\u0259t\u0259 s\u0259sl\u0259nirdil\u0259r.<\/p>\n<p><strong>1920-ci ild\u0259 sovet i\u015f\u011fal\u0131 m\u0259tbuat\u0131m\u0131z\u0131 a\u011f\u0131r s\u0131naqlardan ke\u00e7irdi. \u00c7oxsayl\u0131 jurnalistl\u0259r s\u00fcrg\u00fcn edildi, q\u0259zetl\u0259r ba\u011fland\u0131, fikir azadl\u0131\u011f\u0131 bo\u011fuldu. Lakin Az\u0259rbaycan diasporas\u0131 T\u00fcrkiy\u0259, \u0130ran, G\u00fcrc\u00fcstan v\u0259 Avropada \u00e7\u0131xan \u201cYeni Qafqaz\u201d, \u201cOdlu yurd\u201d, \u201cAz\u0259ri T\u00fcrk\u201d kimi m\u0259tbu orqanlarla milli m\u00fcbariz\u0259ni davam etdirdi.<\/strong><\/p>\n<p>1991-ci ild\u0259 m\u00fcst\u0259qillik b\u0259rpa olunanda m\u0259tbuat yenid\u0259n azadl\u0131\u011f\u0131n v\u0259 demokratikl\u0259\u015fm\u0259nin \u0259sas q\u00fcvv\u0259sin\u0259 \u00e7evrildi. Birinci Qaraba\u011f m\u00fcharib\u0259sind\u0259 jurnalistl\u0259r yaln\u0131z x\u0259b\u0259r g\u0259tirm\u0259di, h\u0259m d\u0259 milli ruhu g\u00fccl\u0259ndirdi. \u0130kinci Qaraba\u011f sava\u015f\u0131nda is\u0259 Az\u0259rbaycan medias\u0131 informasiya c\u0259bh\u0259sind\u0259 \u0259sl q\u0259hr\u0259manl\u0131q g\u00f6st\u0259rdi.<\/p>\n<p>Az\u0259rbaycan m\u0259tbuat\u0131n\u0131n 150 illiyi m\u00fcnasib\u0259til\u0259 \u00f6lk\u0259 boyu ke\u00e7iril\u0259n t\u0259dbirl\u0259rd\u0259 median\u0131n d\u00fcn\u0259ni v\u0259 bug\u00fcn\u00fc geni\u015f m\u00fczakir\u0259 olundu. Bak\u0131da v\u0259 b\u00f6lg\u0259l\u0259rd\u0259 \u00e7\u0131x\u0131\u015f ed\u0259n ziyal\u0131lar, jurnalistl\u0259r v\u0259 r\u0259smil\u0259r bu yolun \u00e7\u0259tinlikl\u0259rind\u0259n, q\u00fcrurverici m\u0259qamlar\u0131ndan dan\u0131\u015fd\u0131lar.<\/p>\n<p><img src=\"https:\/\/azadmedia.az\/uploads\/posts\/2025-07\/1752993166_5aa28714-dee6-34ec-9943-b3c45f26b85c.jpg\" alt=\"\u0130lham \u018fliyevin III \u015eu\u015fa Qlobal Media Forumunun i\u015ftirak\u00e7\u0131lar\u0131 il\u0259 g\u00f6r\u00fc\u015f\u00fc  olub - YEN\u0130L\u018fN\u0130B \u00bb AzadMedia.az\" \/><\/p>\n<p><strong>Prezident \u0130lham \u018fliyevin t\u0259\u015f\u0259bb\u00fcs\u00fc il\u0259 Xank\u0259ndid\u0259 ke\u00e7iril\u0259n \u201cR\u0259q\u0259msal ke\u00e7idl\u0259r: S\u00fcni intellekt d\u00f6vr\u00fcnd\u0259 informasiya v\u0259 media dayan\u0131ql\u0131l\u0131\u011f\u0131n\u0131n g\u00fccl\u0259ndirilm\u0259si\u201d adl\u0131 beyn\u0259lxalq forum yubiley ovqat\u0131na x\u00fcsusi r\u0259ng qatd\u0131. D\u00f6vl\u0259t ba\u015f\u00e7\u0131s\u0131 \u00e7\u0131x\u0131\u015f\u0131nda dedi:<\/strong>\u00a0\u201cAz\u0259rbaycan medias\u0131 d\u00f6vl\u0259t maraqlar\u0131n\u0131 qoruma\u011fa qadirdir. Az\u0259rbaycana qar\u015f\u0131 \u0259sass\u0131z ittihamlar\u0131 arqumentl\u0259rl\u0259, faktlarla if\u015fa etm\u0259kd\u0259 d\u0259 b\u00f6y\u00fck u\u011furlar \u0259ld\u0259 edib. Bizim mediam\u0131z n\u0259inki m\u00fcdafi\u0259 edir, laz\u0131m g\u0259ldikd\u0259 h\u00fccuma da ke\u00e7ir. Bu da laz\u0131md\u0131r. \u0130dmanda deyirl\u0259r ki, \u0259n yax\u015f\u0131 m\u00fcdafi\u0259 h\u00fccumdur. M\u0259n bu tezis\u0259 \u015f\u0259rh verm\u0259k ist\u0259mir\u0259m. Amma fakt odur ki, bu g\u00fcn Az\u0259rbaycan medias\u0131n\u0131 bir \u00e7ox \u00f6lk\u0259l\u0259rd\u0259 oxuyurlar, mediada ged\u0259n yaz\u0131lar\u0131 t\u0259hlil edirl\u0259r. Media i\u015f\u00e7il\u0259rinin \u0259hat\u0259 dair\u0259si n\u0259 q\u0259d\u0259r geni\u015f olarsa, \u00f6lk\u0259 haqq\u0131nda bir o q\u0259d\u0259r d\u0259qiq, \u0259dal\u0259tli m\u0259lumat yay\u0131lacaq. Bizim mediam\u0131z art\u0131q ist\u0259nil\u0259n iftira kampaniyas\u0131na cavab verm\u0259y\u0259 qadirdir v\u0259 bu, \u00e7ox \u00f6n\u0259mli reall\u0131qd\u0131r\u201d.<\/p>\n<p><strong>D\u00f6vl\u0259t ba\u015f\u00e7\u0131s\u0131 median\u0131n g\u0259l\u0259c\u0259kd\u0259 d\u0259 milli m\u0259nafeyi qoruyaraq f\u0259aliyy\u0259tini davam etdirm\u0259li oldu\u011funu x\u00fcsusi vur\u011fulad\u0131.<\/strong><\/p>\n<p>2020-ci ilin sentyabr\u0131nda ba\u015flanan 44 g\u00fcnl\u00fck V\u0259t\u0259n m\u00fcharib\u0259sind\u0259 d\u0259 Az\u0259rbaycan informasiya meydan\u0131nda \u00fcst\u00fcnl\u00fck qazand\u0131. Xaricd\u0259ki qara piar ma\u015f\u0131n\u0131na qar\u015f\u0131 do\u011frunu, \u0259dal\u0259ti g\u00f6st\u0259rm\u0259k, faktlar\u0131 d\u00fcnyaya \u00e7atd\u0131rmaq median\u0131n \u0259sas v\u0259zif\u0259sin\u0259 \u00e7evrildi v\u0259 bu, u\u011furla yerin\u0259 yetirildi.<\/p>\n<p><strong>M\u00fcharib\u0259d\u0259n sonra median\u0131n qar\u015f\u0131s\u0131nda yeni v\u0259zif\u0259l\u0259r yarand\u0131. Prezidentin f\u0259rman\u0131 il\u0259 Median\u0131n \u0130nki\u015faf\u0131 Agentliyi yarad\u0131ld\u0131, \u201cMedia haqq\u0131nda\u201d yeni qanun q\u0259bul edildi. B\u00fct\u00fcn bunlar median\u0131n m\u00fcasir \u00e7a\u011f\u0131r\u0131\u015flara uy\u011fun inki\u015faf\u0131na t\u0259kan verdi.<\/strong><\/p>\n<p>\u015eu\u015fa is\u0259 art\u0131q media diplomatiyas\u0131n\u0131n yeni \u00fcnvan\u0131na \u00e7evrilib. Son \u00fc\u00e7 ildir ki, \u015eu\u015fa\u00a0 Qlobal Media Forumu ke\u00e7irilir, Prezident \u0130lham \u018fliyev yerli v\u0259 xarici jurnalistl\u0259rin suallar\u0131n\u0131 cavabland\u0131r\u0131r, median\u0131n \u00e7a\u011f\u0131r\u0131\u015flar\u0131na dair fikirl\u0259rini b\u00f6l\u00fc\u015f\u00fcr.<\/p>\n<p>Az\u0259rbaycan m\u0259tbuat\u0131n\u0131n 150 illiyi d\u00f6vl\u0259t ba\u015f\u00e7\u0131s\u0131n\u0131n diqq\u0259tind\u0259n k\u0259narda qalmay\u0131b. Prezidentin s\u0259r\u0259ncam\u0131 il\u0259 yubiley qeyd olundu, medal t\u0259sis edildi, onlarla jurnalist d\u00f6vl\u0259t m\u00fckafatlar\u0131 v\u0259 f\u0259xri adlarla t\u0259ltif olundu. 26 jurnalist\u0259 \u201c\u018fm\u0259kdar jurnalist\u201d f\u0259xri ad\u0131 verildi, onlarla media i\u015f\u00e7isi orden, medal v\u0259 f\u0259rdi t\u0259qa\u00fcdl\u0259rl\u0259 t\u0259ltif edildi.<\/p>\n<p><img src=\"https:\/\/upload.wikimedia.org\/wikipedia\/commons\/1\/18\/Foto_Rauf_Arifoglu.jpg\" alt=\"Rauf Arifo\u011flu \u2014 Vikipediya\" \/><\/p>\n<p><strong>Rauf Arifo\u011flu<\/strong><\/p>\n<p><strong>\u201cYeni M\u00fcsavat\u201d Media Qrupunun r\u0259hb\u0259ri Rauf Arifo\u011flu da yubiley m\u00fcnasib\u0259til\u0259 \u00e7\u0131x\u0131\u015f ed\u0259r\u0259k deyib:<\/strong>\u00a0\u201cAz\u0259rbaycan m\u0259tbuat\u0131 h\u0259r zaman istiqlal\u00e7\u0131 m\u00f6vqe s\u0259rgil\u0259yib. Xalq\u0131n t\u0259slimiyy\u0259t ruhunun a\u015f\u0131lanmas\u0131na imkan verm\u0259yib. 150 illiyi qeyd olunan Az\u0259rbaycan m\u0259tbuat\u0131 qazi m\u0259tbuatd\u0131r &#8211; bir ne\u00e7\u0259 m\u00fcharib\u0259 g\u00f6r\u00fcb, amma sa\u011f qal\u0131b, b\u00f6y\u00fcy\u00fcb, inki\u015faf edib. Bu m\u0259tbuat he\u00e7 vaxt m\u0259\u011flub olmad\u0131, h\u0259r zaman m\u00fcbariz\u0259 apard\u0131\u201d.<\/p>\n<p><strong>O h\u0259m\u00e7inin qeyd edib ki, Az\u0259rbaycan medias\u0131 rusdilli, farsdilli v\u0259 ingilisdilli dezinformasiyalara qar\u015f\u0131 milli qalxan rolunu oynay\u0131b, Az\u0259rbaycan\u0131n m\u00f6vqeyini d\u00fcnyaya \u00e7atd\u0131rmaqda m\u00fch\u00fcm i\u015fl\u0259r g\u00f6r\u00fcb.<\/strong><\/p>\n<p>150 il \u0259vv\u0259l \u201c\u018fkin\u00e7i\u201d il\u0259 ba\u015flanan yol bu g\u00fcn d\u00fcnyan\u0131n \u0259n m\u00fcr\u0259kk\u0259b media d\u00f6vr\u00fcnd\u0259 davam edir. Az\u0259rbaycan m\u0259tbuat\u0131 bir \u0259srd\u0259n \u00e7oxdur ki, xalq\u0131n vicdan\u0131, d\u00f6vl\u0259tin daya\u011f\u0131, c\u0259miyy\u0259tin aynas\u0131 olaraq m\u00f6vqeyini qoruyur. Qar\u015f\u0131dak\u0131 ill\u0259rd\u0259 bu \u015f\u0259r\u0259fli \u0259n\u0259n\u0259l\u0259ri qorumaq v\u0259 inki\u015faf etdirm\u0259k h\u0259m d\u00f6vl\u0259tin, h\u0259m d\u0259 median\u0131n ba\u015fl\u0131ca v\u0259zif\u0259si olaraq qal\u0131r.<\/p>\n<p><strong>\u015eahan\u0259 R\u018fH\u0130ML\u0130,<\/strong><br \/>\n<strong>\u201cYeni M\u00fcsavat\u201d<\/strong><\/p>\n<\/div>\n<div><\/div>\n<div><\/div>\n<div class=\"inner-social-box\">\n<div class=\"subs-in-social subs-whatsapp\"><\/div>\n<\/div>\n","protected":false},"excerpt":{"rendered":"<p>Az\u0259rbaycan m\u0259tbuat\u0131n\u0131n \u0259sas\u0131 1875-ci ild\u0259 \u201c\u018fkin\u00e7i\u201d q\u0259zetinin n\u0259\u015fri il\u0259 qoyuldu. O g\u00fcnd\u0259n bu g\u00fcn\u0259 q\u0259d\u0259r 150 illik \u015f\u0259r\u0259fli yol ke\u00e7\u0259n milli m\u0259tbuat\u0131m\u0131z h\u0259m maarif\u00e7ilik, h\u0259m milli oyan\u0131\u015f, h\u0259m d\u0259 istiqlal\u0131m\u0131z\u0131n qazan\u0131lmas\u0131 v\u0259 qorunmas\u0131 istiqam\u0259tind\u0259 \u0259v\u0259zsiz rol oynay\u0131b. H\u0259s\u0259n b\u0259y Z\u0259rdabinin n\u0259\u015fr etdiyi \u201c\u018fkin\u00e7i\u201d q\u0259zeti sad\u0259c\u0259 x\u0259b\u0259r ka\u011f\u0131z\u0131 deyil, xalq\u0131n maarifl\u0259nm\u0259si, milli kimliyinin formala\u015fmas\u0131 v\u0259 azadl\u0131q ideyalar\u0131n\u0131n car\u00e7\u0131s\u0131 oldu. \u201c\u018fkin\u00e7i\u201dnin t\u00fcrkc\u0259 \u00e7\u0131xmas\u0131 xalqla birba\u015fa \u00fcnsiyy\u0259t yaratd\u0131, Az\u0259rbaycanda dil v\u0259 d\u00fc\u015f\u00fcnc\u0259 bax\u0131m\u0131ndan millil\u0259\u015fm\u0259nin t\u0259m\u0259lini qoydu. Onun davam\u0131 olaraq XX \u0259srin \u0259vv\u0259ll\u0259rind\u0259 i\u015f\u0131q \u00fcz\u00fc g\u00f6r\u0259n \u201cF\u00fcyuzat\u201d, \u201cMolla N\u0259sr\u0259ddin\u201d, \u201c\u0130r\u015fad\u201d, \u201cT\u0259r\u0259qqi\u201d kimi q\u0259zetl\u0259r is\u0259&hellip;<\/p>\n","protected":false},"author":2,"featured_media":817154,"comment_status":"closed","ping_status":"closed","sticky":false,"template":"","format":"standard","meta":{"om_disable_all_campaigns":false,"_monsterinsights_skip_tracking":false,"_monsterinsights_sitenote_active":false,"_monsterinsights_sitenote_note":"","_monsterinsights_sitenote_category":0},"categories":[19],"tags":[],"aioseo_notices":[],"gutentor_comment":0,"rttpg_featured_image_url":{"full":["https:\/\/arantv.az\/wp-content\/uploads\/2025\/07\/b2a4c5764d4e26eacb803d92ccbce4d0.jpg",645,405,false],"landscape":["https:\/\/arantv.az\/wp-content\/uploads\/2025\/07\/b2a4c5764d4e26eacb803d92ccbce4d0.jpg",645,405,false],"portraits":["https:\/\/arantv.az\/wp-content\/uploads\/2025\/07\/b2a4c5764d4e26eacb803d92ccbce4d0.jpg",645,405,false],"thumbnail":["https:\/\/arantv.az\/wp-content\/uploads\/2025\/07\/b2a4c5764d4e26eacb803d92ccbce4d0-500x280.jpg",500,280,true],"medium":["https:\/\/arantv.az\/wp-content\/uploads\/2025\/07\/b2a4c5764d4e26eacb803d92ccbce4d0-581x365.jpg",581,365,true],"large":["https:\/\/arantv.az\/wp-content\/uploads\/2025\/07\/b2a4c5764d4e26eacb803d92ccbce4d0.jpg",640,402,false],"1536x1536":["https:\/\/arantv.az\/wp-content\/uploads\/2025\/07\/b2a4c5764d4e26eacb803d92ccbce4d0.jpg",645,405,false],"2048x2048":["https:\/\/arantv.az\/wp-content\/uploads\/2025\/07\/b2a4c5764d4e26eacb803d92ccbce4d0.jpg",645,405,false],"post-thumbnail":["https:\/\/arantv.az\/wp-content\/uploads\/2025\/07\/b2a4c5764d4e26eacb803d92ccbce4d0-240x172.jpg",240,172,true],"advps-thumb-one":["https:\/\/arantv.az\/wp-content\/uploads\/2025\/07\/b2a4c5764d4e26eacb803d92ccbce4d0.jpg",645,405,false]},"rttpg_author":{"display_name":"V\u00fcsal Rafiqo\u011flu","author_link":"https:\/\/arantv.az\/?author=2"},"rttpg_comment":0,"rttpg_category":"<a href=\"https:\/\/arantv.az\/?cat=19\" rel=\"category\">G\u00fcnd\u0259m<\/a>","rttpg_excerpt":"Az\u0259rbaycan m\u0259tbuat\u0131n\u0131n \u0259sas\u0131 1875-ci ild\u0259 \u201c\u018fkin\u00e7i\u201d q\u0259zetinin n\u0259\u015fri il\u0259 qoyuldu. O g\u00fcnd\u0259n bu g\u00fcn\u0259 q\u0259d\u0259r 150 illik \u015f\u0259r\u0259fli yol ke\u00e7\u0259n milli m\u0259tbuat\u0131m\u0131z h\u0259m maarif\u00e7ilik, h\u0259m milli oyan\u0131\u015f, h\u0259m d\u0259 istiqlal\u0131m\u0131z\u0131n qazan\u0131lmas\u0131 v\u0259 qorunmas\u0131 istiqam\u0259tind\u0259 \u0259v\u0259zsiz rol oynay\u0131b. H\u0259s\u0259n b\u0259y Z\u0259rdabinin n\u0259\u015fr etdiyi \u201c\u018fkin\u00e7i\u201d q\u0259zeti sad\u0259c\u0259 x\u0259b\u0259r ka\u011f\u0131z\u0131 deyil, xalq\u0131n maarifl\u0259nm\u0259si, milli kimliyinin formala\u015fmas\u0131 v\u0259 azadl\u0131q&hellip;","_links":{"self":[{"href":"https:\/\/arantv.az\/index.php?rest_route=\/wp\/v2\/posts\/817153"}],"collection":[{"href":"https:\/\/arantv.az\/index.php?rest_route=\/wp\/v2\/posts"}],"about":[{"href":"https:\/\/arantv.az\/index.php?rest_route=\/wp\/v2\/types\/post"}],"author":[{"embeddable":true,"href":"https:\/\/arantv.az\/index.php?rest_route=\/wp\/v2\/users\/2"}],"replies":[{"embeddable":true,"href":"https:\/\/arantv.az\/index.php?rest_route=%2Fwp%2Fv2%2Fcomments&post=817153"}],"version-history":[{"count":1,"href":"https:\/\/arantv.az\/index.php?rest_route=\/wp\/v2\/posts\/817153\/revisions"}],"predecessor-version":[{"id":817155,"href":"https:\/\/arantv.az\/index.php?rest_route=\/wp\/v2\/posts\/817153\/revisions\/817155"}],"wp:featuredmedia":[{"embeddable":true,"href":"https:\/\/arantv.az\/index.php?rest_route=\/wp\/v2\/media\/817154"}],"wp:attachment":[{"href":"https:\/\/arantv.az\/index.php?rest_route=%2Fwp%2Fv2%2Fmedia&parent=817153"}],"wp:term":[{"taxonomy":"category","embeddable":true,"href":"https:\/\/arantv.az\/index.php?rest_route=%2Fwp%2Fv2%2Fcategories&post=817153"},{"taxonomy":"post_tag","embeddable":true,"href":"https:\/\/arantv.az\/index.php?rest_route=%2Fwp%2Fv2%2Ftags&post=817153"}],"curies":[{"name":"wp","href":"https:\/\/api.w.org\/{rel}","templated":true}]}}