{"id":817156,"date":"2025-07-23T10:33:26","date_gmt":"2025-07-23T06:33:26","guid":{"rendered":"https:\/\/arantv.az\/?p=817156"},"modified":"2025-07-23T10:33:26","modified_gmt":"2025-07-23T06:33:26","slug":"rusiya-h%c9%99ddi-asir-indi-d%c9%99-aliml%c9%99rimiz-h%c9%99d%c9%99f%c9%99-alindi","status":"publish","type":"post","link":"https:\/\/arantv.az\/?p=817156","title":{"rendered":"Rusiya h\u0259ddi a\u015f\u0131r &#8211; indi d\u0259 aliml\u0259rimiz h\u0259d\u0259f\u0259 al\u0131nd\u0131"},"content":{"rendered":"<h3><strong>Hikm\u0259t Babao\u011flu: \u201cDyukov getsin \u0259vv\u0259lc\u0259 \u00f6z k\u00f6k\u00fcn\u00fc ara\u015fd\u0131rs\u0131n, \u00f6yr\u0259nsin, g\u00f6rs\u00fcn kimdir v\u0259 n\u0259 \u00fc\u00e7\u00fcn Az\u0259rbaycana qar\u015f\u0131 bu q\u0259d\u0259r aqressivdir?\u201d<\/strong><\/h3>\n<p><strong>Son vaxtlar Rusiya hakimiyy\u0259tind\u0259, medias\u0131nda v\u0259 siyasi \u00e7evr\u0259l\u0259rind\u0259 Az\u0259rbaycana qar\u015f\u0131 \u015f\u0259r, b\u00f6htan, qaralama kampaniyas\u0131 geni\u015f v\u00fcs\u0259t al\u0131b. \u0130ndi d\u0259 rus aliml\u0259ri Az\u0259rbaycan\u0131n elm adamlar\u0131n\u0131 h\u0259d\u0259f al\u0131blar v\u0259 onlara qar\u015f\u0131 a\u00e7\u0131q h\u00fccumlara ba\u015flay\u0131blar.<\/strong><\/p>\n<p>\u201cBak\u0131-X\u0259b\u0259r\u201d m\u0259lumat verir ki, m\u0259s\u0259l\u0259n, rusiyal\u0131 tarix\u00e7i, Rusiya Elml\u0259r Akademiyas\u0131n\u0131n Tarixi \u0130nstitutunun \u0259m\u0259kda\u015f\u0131 Aleksandr Dyukov onlardan biridir.<\/p>\n<p>Dyukov bildirib ki, Az\u0259rbaycan\u0131n tarix d\u0259rslikl\u0259rind\u0259 Rusiya i\u015f\u011fal\u00e7\u0131 v\u0259 m\u00fcst\u0259ml\u0259k\u0259\u00e7i kimi t\u0259qdim edilir.<\/p>\n<p><strong>Dyukovun s\u00f6zl\u0259rin\u0259 g\u00f6r\u0259, s\u00f6z\u00fcged\u0259n d\u0259rslikl\u0259r iki az\u0259rbaycanl\u0131 tarix\u00e7i t\u0259r\u0259find\u0259n yaz\u0131l\u0131b: \u201cK\u0259rim \u015e\u00fck\u00fcrov v\u0259 Yaqub Mahmudov &#8211; h\u0259r ikisi Az\u0259rbaycan\u0131n apar\u0131c\u0131 tarix universitetl\u0259rin\u0259 r\u0259hb\u0259rlik edir v\u0259 elmi nailiyy\u0259tl\u0259rin\u0259 g\u00f6r\u0259 d\u0259f\u0259l\u0259rl\u0259 xaricd\u0259n d\u0259st\u0259k al\u0131blar. Yaqub Mahmudovu h\u0259tta Rusiyada da tan\u0131y\u0131rlar, o, 2011-ci ild\u0259 Da\u011f\u0131stan Respublikas\u0131n\u0131n \u0259m\u0259kdar elm xadimi ad\u0131na layiq g\u00f6r\u00fcl\u00fcb\u201d.<\/strong><\/p>\n<p>A.Dyukov Rusiya hakimiyy\u0259tini ba\u015f ver\u0259nl\u0259r\u0259 reaksiya verm\u0259y\u0259 \u00e7a\u011f\u0131r\u0131b. O bildirib ki, s\u00f6z\u00fcged\u0259n d\u0259rslikl\u0259rin m\u00fc\u0259llifl\u0259ri \u00fcz\u0259rind\u0259 ayr\u0131ca i\u015f apar\u0131lmal\u0131d\u0131r v\u0259 \u0259n az\u0131, onlar\u0131n ham\u0131s\u0131n\u0131n Rusiya Federasiyas\u0131n\u0131n \u0259razisin\u0259 giri\u015fi m\u0259hdudla\u015fd\u0131r\u0131lmal\u0131d\u0131r, onlar Rusiyadan ald\u0131qlar\u0131 adlardan m\u0259hrum edilm\u0259lidirl\u0259r.<\/p>\n<p>Bundan ba\u015fqa, Rusiya medias\u0131nda v\u0259 sosial \u015f\u0259b\u0259k\u0259l\u0259rind\u0259 Az\u0259rbaycana y\u00f6n\u0259lik ittihamlar, h\u0259d\u0259-qorxu, nifr\u0259t p\u00fcsk\u00fcrm\u0259l\u0259ri son 33 ild\u0259 he\u00e7 vaxt olmad\u0131\u011f\u0131 s\u0259viyy\u0259y\u0259 \u00e7at\u0131b. Ayr\u0131-ayr\u0131 ictimai-siyasi xadiml\u0259r, jurnalistl\u0259r, patriot f\u0259allar sanki Az\u0259rbaycan Rusiyaya h\u0259rbi m\u00fcdaxil\u0259 edibmi\u015f kimi \u00e7\u0131l\u011f\u0131nl\u0131q i\u00e7ind\u0259dirl\u0259r v\u0259 s\u00f6z\u00fcn birba\u015fa m\u0259nas\u0131nda \u201cqan-qan\u201d deyirl\u0259r.<\/p>\n<p><strong>O s\u0131rada Rusiya \u0130nsan H\u00fcquqlar\u0131 \u015euras\u0131n\u0131n \u00fczv\u00fc Kirill Kabanov Az\u0259rbaycanla viza rejiminin t\u0259tbiqin\u0259 \u00e7a\u011f\u0131r\u0131b. Onun fikrinc\u0259, Rusiya Az\u0259rbaycana qar\u015f\u0131 daha q\u0259tiyy\u0259tli add\u0131mlar atmal\u0131d\u0131r.<\/strong><\/p>\n<p>Rusiya prezidentinin m\u0259tbuat katibi Dmitri Peskov is\u0259 iddia edib ki, Moskva il\u0259 Bak\u0131 aras\u0131nda m\u00fcnasib\u0259tl\u0259r m\u00f6hk\u0259m t\u0259m\u0259l\u0259 malikdir, lakin haz\u0131rda \u00e7\u0259tin d\u00f6vr\u00fcn\u00fc ya\u015fay\u0131r. \u201cH\u0259qiq\u0259t\u0259n d\u0259 m\u00f6hk\u0259m t\u0259m\u0259l var, iki \u00f6lk\u0259nin maraqlar\u0131n\u0131n \u00fcst-\u00fcst\u0259 d\u00fc\u015fm\u0259si var, qar\u015f\u0131l\u0131ql\u0131 h\u00f6rm\u0259t\u0259 \u0259saslanan qar\u015f\u0131l\u0131ql\u0131 faydal\u0131 \u0259m\u0259kda\u015fl\u0131q var. Amma b\u0259z\u0259n el\u0259 olur ki, iki \u00f6lk\u0259 aras\u0131nda m\u00fcnasib\u0259tl\u0259rd\u0259 \u00e7\u0259tin d\u00f6vrl\u0259r olur. \u0130ndi d\u0259 bel\u0259 d\u00f6vrl\u0259rd\u0259n biridir\u201d, &#8211; Peskov bildirib.<\/p>\n<p>\u201c\u00dcmid edirik ki, bu m\u00fcdd\u0259t ke\u00e7\u0259c\u0259k\u201d dey\u0259n Peskov ard\u0131nca deyib ki, Az\u0259rbaycanda ruslara h\u00f6rm\u0259t edilm\u0259si \u00e7ox vacibdir. O, Rusiyada da \u00e7ox b\u00f6y\u00fck Az\u0259rbaycan diasporunun ya\u015fad\u0131\u011f\u0131n\u0131 xat\u0131rlad\u0131b: \u201cAz\u0259rbaycan diasporunun dem\u0259k olar ki, b\u00fct\u00fcn n\u00fcmay\u0259nd\u0259l\u0259ri qanuna tabe olan v\u0259t\u0259nda\u015flar\u0131m\u0131zd\u0131r v\u0259 burada layiqli h\u00f6rm\u0259t\u0259 malikdirl\u0259r. Qanunlar\u0131 pozan v\u0259t\u0259nda\u015flar qanunla m\u0259suliyy\u0259t\u0259 c\u0259lb olunurlar\u201d.<\/p>\n<p><strong>B\u0259s Peskovun bu mesaj\u0131n\u0131 nec\u0259 oxuyaq?<\/strong><\/p>\n<p><strong><img src=\"https:\/\/525.az\/img\/pics\/large\/2022-10\/240913_ob7xwgm80i.jpg\" alt=\"Hikm\u0259t Babao\u011flu: \u201c\u0130lham \u018fliyevin hakimiyy\u0259t\u0259 g\u0259lm\u0259si yeni bir eran\u0131n  ba\u015flan\u011f\u0131c\u0131 oldu\u201d\" \/><\/strong><\/p>\n<p><strong>Hikm\u0259t Babao\u011flu<\/strong><\/p>\n<p>Mill\u0259t v\u0259kili Hikm\u0259t Babao\u011flu m\u00f6vzu il\u0259 ba\u011fl\u0131 \u201cYeni M\u00fcsavat\u201da dan\u0131\u015f\u0131b. Mill\u0259t v\u0259kili qeyd edib ki, son d\u00f6vrl\u0259rd\u0259 Rusiyada Az\u0259rbaycana qar\u015f\u0131 t\u0259\u015fkil olunan anti-Az\u0259rbaycan kampaniyalar\u0131 \u0259slind\u0259 neobol\u015fevizm kimi qiym\u0259tl\u0259ndirilm\u0259lidir: \u201cAmma bol\u015fevizmin sonunun nec\u0259 oldu\u011fu v\u0259 n\u0259 il\u0259 sona \u00e7atd\u0131\u011f\u0131 Rusiyada da, d\u00fcnyada da h\u0259r k\u0259s\u0259 m\u0259lumdur. Vaxtil\u0259 Rusiyada elm adamlar\u0131 h\u0259d\u0259f\u0259 al\u0131n\u0131b v\u0259 bunun tarixi \u0259n\u0259n\u0259si var. Knyaz Trubetskoydan tutmu\u015f Nikolay Qumilyova, Anna Axmatovadan tutmu\u015f Lev Qumilyova q\u0259d\u0259r elm v\u0259 \u0259d\u0259biyyat xadiml\u0259ri t\u0259qibl\u0259r\u0259 m\u0259ruz qal\u0131blar. Bunun n\u0259tic\u0259si is\u0259 bu g\u00fcn yaln\u0131zla\u015fan, m\u00fcharib\u0259y\u0259 c\u0259lb olunan v\u0259 beyn\u0259lxalq siyas\u0259td\u0259 yerini v\u0259 rolunu itir\u0259n Rusiya olub.<\/p>\n<p>Ona g\u00f6r\u0259 d\u0259 ist\u0259nil\u0259n \u00f6lk\u0259nin aliml\u0259rinin, x\u00fcsusil\u0259 d\u0259 tarix\u00e7i aliml\u0259rin h\u0259d\u0259f\u0259 al\u0131nmas\u0131 Rusiya \u00fc\u00e7\u00fcn yax\u015f\u0131 he\u00e7 n\u0259 v\u0259d etmir. \u00c7\u00fcnki n\u0259tic\u0259 etibaril\u0259 alim alimdir v\u0259 o, akademik \u00fcsullarla tarixi \u00f6yr\u0259nir. He\u00e7 k\u0259s inkar ed\u0259 bilm\u0259z ki, 1828-ci ild\u0259 Az\u0259rbaycan Rusiya t\u0259r\u0259find\u0259n i\u015f\u011fal edil\u0259r\u0259k par\u00e7alan\u0131b. He\u00e7 k\u0259s inkar ed\u0259 bilm\u0259z ki, 1805-ci ild\u0259 Qaraba\u011f ruslar t\u0259r\u0259find\u0259n i\u015f\u011fal edilib, 1813-c\u00fc ild\u0259 Az\u0259rbaycan\u0131n bir hiss\u0259si yenid\u0259n ruslar t\u0259r\u0259find\u0259n i\u015f\u011fal olunub. V\u0259 n\u0259hay\u0259t, he\u00e7 k\u0259s inkar ed\u0259 bilm\u0259z ki, 1920-ci il aprelin 28-d\u0259 11-ci q\u0131rm\u0131z\u0131 ordu Bak\u0131n\u0131 i\u015f\u011fal etm\u0259kl\u0259 Az\u0259rbaycan Xalq C\u00fcmhuriyy\u0259tin\u0259 son qoyub. Ona g\u00f6r\u0259 d\u0259 bu tarixi faktlar\u0131 gizl\u0259tm\u0259k m\u00fcmk\u00fcn deyil v\u0259 c\u0259hd g\u00f6st\u0259rm\u0259k d\u0259 faydas\u0131zd\u0131r.<\/p>\n<p><strong>Dyukovun s\u00f6zl\u0259rin\u0259 g\u0259linc\u0259, o \u00f6z\u00fc rus i\u015f\u011fal\u0131n\u0131n n\u0259tic\u0259sind\u0259 rusla\u015fm\u0131\u015f tatard\u0131r, t\u00fcrkd\u00fcr. Ona g\u00f6r\u0259 d\u0259 \u00f6z\u00fcn\u00fcn assimilyasiya edilm\u0259si il\u0259 ba\u011fl\u0131 a\u015fa\u011f\u0131l\u0131q kompleksind\u0259n qurtulmaq \u00fc\u00e7\u00fcn ba\u015fqalar\u0131na h\u00fccum edir. Bunu psixoanalizin banisi Freyd d\u0259 qeyd ed\u0259r\u0259k bildirir ki, assimilyasiya olunmu\u015f etnik qruplar zamanla assimilyasiya ed\u0259n dominant etnosa heyranl\u0131q duyma\u011fa ba\u015flay\u0131r v\u0259 onu daha \u00e7ox m\u00fcdafi\u0259 edir.<\/strong><\/p>\n<p>Baskakovun maraql\u0131 bir kitab\u0131 var &#8211; \u201cT\u00fcrk \u0259silli rus soyadlar\u0131\u201d. B\u00f6y\u00fck Baskakov \u00f6nc\u0259 \u00f6z soyad\u0131n\u0131 izah ed\u0259r\u0259k yaz\u0131r ki, \u201cM\u0259n tataram, amma rusla\u015fm\u0131\u015f tataram. M\u0259nim soyad\u0131m\u0131n m\u0259nas\u0131 t\u00fcrk dilind\u0259 &#8220;bas&#8221; &#8211; &#8220;kalk&#8221; &#8211;\u00a0 y\u0259ni bas\u0131b qald\u0131rmaq, m\u00f6h\u00fcr dem\u0259kdir. Y\u0259ni m\u00f6h\u00fcr\u00fc bas\u0131rsan v\u0259 qald\u0131r\u0131rsan\u201d. Maraql\u0131d\u0131r ki, Baskakov\u00a0 Dyukov soyad\u0131n\u0131 da tatar familiyas\u0131 kimi izah edir v\u0259 deyir ki, bu da t\u00fcrk m\u0259n\u015f\u0259lidir &#8211; \u201cduyuq d\u00fc\u015f\u0259n, sez\u0259n, h\u0259r \u015feyi \u0259vv\u0259lc\u0259d\u0259n hiss ed\u0259n\u201d dem\u0259kdir. Ona g\u00f6r\u0259 d\u0259 Dyukov tarix\u00e7i kimi getsin, \u0259vv\u0259lc\u0259 \u00f6z k\u00f6k\u00fcn\u00fc ara\u015fd\u0131rs\u0131n, Baskakovu oxusun, \u00f6yr\u0259nsin, g\u00f6rs\u00fcn kimdir v\u0259 n\u0259 \u00fc\u00e7\u00fcn Az\u0259rbaycana qar\u015f\u0131 bu q\u0259d\u0259r aqressivdir? Onun Az\u0259rbaycana qar\u015f\u0131 aqressivliyinin alt\u0131nda \u0259zilmi\u015flik v\u0259 assimilyasiya olunmu\u015fluq kompleksi dayan\u0131r&#8221;.<\/p>\n<p>Hikm\u0259t Babao\u011flu son zamanlar Rusiya-Az\u0259rbaycan m\u00fcnasib\u0259tl\u0259rind\u0259ki g\u0259rginliyin s\u0259b\u0259bl\u0259rini d\u0259 \u015f\u0259rh edib: \u201cM\u0259s\u0259l\u0259 ondad\u0131r ki, siyas\u0259t\u00e7il\u0259r daha \u00e7ox soyuqqanl\u0131 davranmal\u0131d\u0131rlar v\u0259 Rusiyan\u0131n neobol\u015fevik siyas\u0259tin\u0259 son qoyma\u011f\u0131 bacarmal\u0131d\u0131rlar. Biz d\u0259 \u00fcmid edirik ki, Rusiya prezidentinin k\u00f6m\u0259k\u00e7isi Peskovun ifad\u0259 etdiyi fikirl\u0259r do\u011frudur &#8211; y\u0259ni d\u00f6vl\u0259tl\u0259raras\u0131 m\u00fcnasib\u0259tl\u0259r h\u0259mi\u015f\u0259 d\u00fcz v\u0259 hamar olmur, burada eni\u015fl\u0259r v\u0259 yoxu\u015flar olur. Haz\u0131rk\u0131 d\u00f6n\u0259md\u0259 Rusiya-Az\u0259rbaycan m\u00fcnasib\u0259tl\u0259ri xeyli g\u0259rgindir v\u0259 bu g\u0259rginliyin s\u0259b\u0259bl\u0259rini d\u0259 Rusiya siyasi dair\u0259l\u0259ri yax\u015f\u0131 bilirl\u0259r.<\/p>\n<p>D\u00fc\u015f\u00fcn\u00fcr\u0259m ki, Rusiyada h\u0259l\u0259 d\u0259 Rusiya-Az\u0259rbaycan m\u00fcnasib\u0259tl\u0259rini d\u00fczg\u00fcn qiym\u0259tl\u0259ndirm\u0259yi bacaran v\u0259 bu m\u00fcnasib\u0259tl\u0259rin n\u0259 q\u0259d\u0259r vacib oldu\u011funu anlayan siyas\u0259t\u00e7il\u0259r var. V\u0259 \u0259min olmaq ist\u0259yir\u0259m ki, bu g\u0259rginliyin aradan qald\u0131r\u0131lmas\u0131 \u00fc\u00e7\u00fcn Rusiya t\u0259r\u0259fi laz\u0131mi add\u0131mlar\u0131 atacaq. Biz d\u0259 bu add\u0131mlar\u0131 g\u00f6zl\u0259yirik. \u00c7\u00fcnki Az\u0259rbaycan \u00f6z t\u0259r\u0259fin\u0259 d\u00fc\u015f\u0259n add\u0131mlar\u0131 at\u0131r v\u0259 atma\u011fa da haz\u0131rd\u0131r&#8221;.<\/p>\n<p><strong>Xalid\u0259 G\u018fRAY,<\/strong><br \/>\n<strong>\u201cYeni M\u00fcsavat\u201d<\/strong><\/p>\n","protected":false},"excerpt":{"rendered":"<p>Hikm\u0259t Babao\u011flu: \u201cDyukov getsin \u0259vv\u0259lc\u0259 \u00f6z k\u00f6k\u00fcn\u00fc ara\u015fd\u0131rs\u0131n, \u00f6yr\u0259nsin, g\u00f6rs\u00fcn kimdir v\u0259 n\u0259 \u00fc\u00e7\u00fcn Az\u0259rbaycana qar\u015f\u0131 bu q\u0259d\u0259r aqressivdir?\u201d Son vaxtlar Rusiya hakimiyy\u0259tind\u0259, medias\u0131nda v\u0259 siyasi \u00e7evr\u0259l\u0259rind\u0259 Az\u0259rbaycana qar\u015f\u0131 \u015f\u0259r, b\u00f6htan, qaralama kampaniyas\u0131 geni\u015f v\u00fcs\u0259t al\u0131b. \u0130ndi d\u0259 rus aliml\u0259ri Az\u0259rbaycan\u0131n elm adamlar\u0131n\u0131 h\u0259d\u0259f al\u0131blar v\u0259 onlara qar\u015f\u0131 a\u00e7\u0131q h\u00fccumlara ba\u015flay\u0131blar. \u201cBak\u0131-X\u0259b\u0259r\u201d m\u0259lumat verir ki, m\u0259s\u0259l\u0259n, rusiyal\u0131 tarix\u00e7i, Rusiya Elml\u0259r Akademiyas\u0131n\u0131n Tarixi \u0130nstitutunun \u0259m\u0259kda\u015f\u0131 Aleksandr Dyukov onlardan biridir. Dyukov bildirib ki, Az\u0259rbaycan\u0131n tarix d\u0259rslikl\u0259rind\u0259 Rusiya i\u015f\u011fal\u00e7\u0131 v\u0259 m\u00fcst\u0259ml\u0259k\u0259\u00e7i kimi t\u0259qdim edilir. Dyukovun s\u00f6zl\u0259rin\u0259 g\u00f6r\u0259, s\u00f6z\u00fcged\u0259n d\u0259rslikl\u0259r iki az\u0259rbaycanl\u0131 tarix\u00e7i t\u0259r\u0259find\u0259n&hellip;<\/p>\n","protected":false},"author":2,"featured_media":817157,"comment_status":"closed","ping_status":"closed","sticky":false,"template":"","format":"standard","meta":{"om_disable_all_campaigns":false,"_monsterinsights_skip_tracking":false,"_monsterinsights_sitenote_active":false,"_monsterinsights_sitenote_note":"","_monsterinsights_sitenote_category":0},"categories":[4],"tags":[],"aioseo_notices":[],"gutentor_comment":0,"rttpg_featured_image_url":{"full":["https:\/\/arantv.az\/wp-content\/uploads\/2025\/07\/13e670828cc84b719f00d6818393b6ca.jpg",734,419,false],"landscape":["https:\/\/arantv.az\/wp-content\/uploads\/2025\/07\/13e670828cc84b719f00d6818393b6ca.jpg",734,419,false],"portraits":["https:\/\/arantv.az\/wp-content\/uploads\/2025\/07\/13e670828cc84b719f00d6818393b6ca.jpg",734,419,false],"thumbnail":["https:\/\/arantv.az\/wp-content\/uploads\/2025\/07\/13e670828cc84b719f00d6818393b6ca-500x280.jpg",500,280,true],"medium":["https:\/\/arantv.az\/wp-content\/uploads\/2025\/07\/13e670828cc84b719f00d6818393b6ca-639x365.jpg",639,365,true],"large":["https:\/\/arantv.az\/wp-content\/uploads\/2025\/07\/13e670828cc84b719f00d6818393b6ca.jpg",640,365,false],"1536x1536":["https:\/\/arantv.az\/wp-content\/uploads\/2025\/07\/13e670828cc84b719f00d6818393b6ca.jpg",734,419,false],"2048x2048":["https:\/\/arantv.az\/wp-content\/uploads\/2025\/07\/13e670828cc84b719f00d6818393b6ca.jpg",734,419,false],"post-thumbnail":["https:\/\/arantv.az\/wp-content\/uploads\/2025\/07\/13e670828cc84b719f00d6818393b6ca-240x172.jpg",240,172,true],"advps-thumb-one":["https:\/\/arantv.az\/wp-content\/uploads\/2025\/07\/13e670828cc84b719f00d6818393b6ca.jpg",734,419,false]},"rttpg_author":{"display_name":"V\u00fcsal Rafiqo\u011flu","author_link":"https:\/\/arantv.az\/?author=2"},"rttpg_comment":0,"rttpg_category":"<a href=\"https:\/\/arantv.az\/?cat=4\" rel=\"category\">Siyas\u0259t<\/a>","rttpg_excerpt":"Hikm\u0259t Babao\u011flu: \u201cDyukov getsin \u0259vv\u0259lc\u0259 \u00f6z k\u00f6k\u00fcn\u00fc ara\u015fd\u0131rs\u0131n, \u00f6yr\u0259nsin, g\u00f6rs\u00fcn kimdir v\u0259 n\u0259 \u00fc\u00e7\u00fcn Az\u0259rbaycana qar\u015f\u0131 bu q\u0259d\u0259r aqressivdir?\u201d Son vaxtlar Rusiya hakimiyy\u0259tind\u0259, medias\u0131nda v\u0259 siyasi \u00e7evr\u0259l\u0259rind\u0259 Az\u0259rbaycana qar\u015f\u0131 \u015f\u0259r, b\u00f6htan, qaralama kampaniyas\u0131 geni\u015f v\u00fcs\u0259t al\u0131b. \u0130ndi d\u0259 rus aliml\u0259ri Az\u0259rbaycan\u0131n elm adamlar\u0131n\u0131 h\u0259d\u0259f al\u0131blar v\u0259 onlara qar\u015f\u0131 a\u00e7\u0131q h\u00fccumlara ba\u015flay\u0131blar. \u201cBak\u0131-X\u0259b\u0259r\u201d m\u0259lumat verir ki,&hellip;","_links":{"self":[{"href":"https:\/\/arantv.az\/index.php?rest_route=\/wp\/v2\/posts\/817156"}],"collection":[{"href":"https:\/\/arantv.az\/index.php?rest_route=\/wp\/v2\/posts"}],"about":[{"href":"https:\/\/arantv.az\/index.php?rest_route=\/wp\/v2\/types\/post"}],"author":[{"embeddable":true,"href":"https:\/\/arantv.az\/index.php?rest_route=\/wp\/v2\/users\/2"}],"replies":[{"embeddable":true,"href":"https:\/\/arantv.az\/index.php?rest_route=%2Fwp%2Fv2%2Fcomments&post=817156"}],"version-history":[{"count":1,"href":"https:\/\/arantv.az\/index.php?rest_route=\/wp\/v2\/posts\/817156\/revisions"}],"predecessor-version":[{"id":817158,"href":"https:\/\/arantv.az\/index.php?rest_route=\/wp\/v2\/posts\/817156\/revisions\/817158"}],"wp:featuredmedia":[{"embeddable":true,"href":"https:\/\/arantv.az\/index.php?rest_route=\/wp\/v2\/media\/817157"}],"wp:attachment":[{"href":"https:\/\/arantv.az\/index.php?rest_route=%2Fwp%2Fv2%2Fmedia&parent=817156"}],"wp:term":[{"taxonomy":"category","embeddable":true,"href":"https:\/\/arantv.az\/index.php?rest_route=%2Fwp%2Fv2%2Fcategories&post=817156"},{"taxonomy":"post_tag","embeddable":true,"href":"https:\/\/arantv.az\/index.php?rest_route=%2Fwp%2Fv2%2Ftags&post=817156"}],"curies":[{"name":"wp","href":"https:\/\/api.w.org\/{rel}","templated":true}]}}