{"id":817184,"date":"2025-07-23T12:04:53","date_gmt":"2025-07-23T08:04:53","guid":{"rendered":"https:\/\/arantv.az\/?p=817184"},"modified":"2025-07-23T12:04:53","modified_gmt":"2025-07-23T08:04:53","slug":"ilham-%c9%99liyev-misirli-h%c9%99mkarini-t%c9%99brik-etdi-2","status":"publish","type":"post","link":"https:\/\/arantv.az\/?p=817184","title":{"rendered":"\u0130lham \u018fliyev misirli h\u0259mkar\u0131n\u0131 t\u0259brik etdi"},"content":{"rendered":"<p><strong>Az\u0259rbaycan Prezidenti \u0130lham \u018fliyev misirli h\u0259mkar\u0131 \u018fbd\u00fclf\u0259ttah \u0259s-Sisiy\u0259 t\u0259brik m\u0259ktubu g\u00f6nd\u0259rib.<\/strong><\/p>\n<p><strong>Musavat.com<\/strong>-un m\u0259lumat\u0131na g\u00f6r\u0259, m\u0259ktubda deyilir:<\/p>\n<p>&#8220;H\u00f6rm\u0259tli c\u0259nab Prezident,<\/p>\n<p>Misir \u018fr\u0259b Respublikas\u0131n\u0131n milli bayram\u0131 \u2013 \u0130nqilab G\u00fcn\u00fc m\u00fcnasib\u0259til\u0259 Siz\u0259 v\u0259 Sizin siman\u0131zda b\u00fct\u00fcn xalq\u0131n\u0131za \u00f6z ad\u0131mdan v\u0259 Az\u0259rbaycan xalq\u0131 ad\u0131ndan \u0259n s\u0259mimi t\u0259brikl\u0259rimi v\u0259 xo\u015f arzular\u0131m\u0131 \u00e7atd\u0131r\u0131ram.<\/p>\n<p>Az\u0259rbaycan il\u0259 Misir aras\u0131nda \u0259laq\u0259l\u0259rin inki\u015faf dinamikas\u0131 m\u0259mnunluq do\u011furur. H\u0259yata ke\u00e7iril\u0259n y\u00fcks\u0259ks\u0259viyy\u0259li qar\u015f\u0131l\u0131ql\u0131 s\u0259f\u0259rl\u0259r v\u0259 m\u00fcnt\u0259z\u0259m t\u0259maslar \u0259m\u0259kda\u015fl\u0131\u011f\u0131m\u0131z\u0131n yeni m\u0259zmunla z\u0259nginl\u0259\u015fm\u0259sind\u0259 \u0259h\u0259miyy\u0259tli rol oynay\u0131r.<\/p>\n<p>Bu g\u00fcn m\u00fcxt\u0259lif sah\u0259l\u0259rd\u0259 m\u00fcnasib\u0259tl\u0259rimizin d\u0259rinl\u0259\u015fdirilm\u0259si \u00fc\u00e7\u00fcn b\u00f6y\u00fck potensial m\u00f6vcuddur. \u0130nan\u0131ram ki, xalqlar\u0131m\u0131z\u0131n rifah\u0131 namin\u0259 bu imkanlardan yararlanaraq \u0259n\u0259n\u0259vi dostluq \u0259laq\u0259l\u0259rimizin, s\u0259m\u0259r\u0259li i\u015fbirliyimizin daha da geni\u015fl\u0259nm\u0259si yolunda bundan sonra da birg\u0259 s\u0259yl\u0259r g\u00f6st\u0259r\u0259c\u0259yik.<\/p>\n<p>Bel\u0259 bir \u0259lam\u0259tdar g\u00fcnd\u0259 Siz\u0259 m\u00f6hk\u0259m cansa\u011fl\u0131\u011f\u0131, xo\u015fb\u0259xtlik, i\u015fl\u0259rinizd\u0259 u\u011furlar, dost Misir xalq\u0131na daim \u0259min-amanl\u0131q v\u0259 firavanl\u0131q dil\u0259yir\u0259m&#8221;.<\/p>\n","protected":false},"excerpt":{"rendered":"<p>Az\u0259rbaycan Prezidenti \u0130lham \u018fliyev misirli h\u0259mkar\u0131 \u018fbd\u00fclf\u0259ttah \u0259s-Sisiy\u0259 t\u0259brik m\u0259ktubu g\u00f6nd\u0259rib. Musavat.com-un m\u0259lumat\u0131na g\u00f6r\u0259, m\u0259ktubda deyilir: &#8220;H\u00f6rm\u0259tli c\u0259nab Prezident, Misir \u018fr\u0259b Respublikas\u0131n\u0131n milli bayram\u0131 \u2013 \u0130nqilab G\u00fcn\u00fc m\u00fcnasib\u0259til\u0259 Siz\u0259 v\u0259 Sizin siman\u0131zda b\u00fct\u00fcn xalq\u0131n\u0131za \u00f6z ad\u0131mdan v\u0259 Az\u0259rbaycan xalq\u0131 ad\u0131ndan \u0259n s\u0259mimi t\u0259brikl\u0259rimi v\u0259 xo\u015f arzular\u0131m\u0131 \u00e7atd\u0131r\u0131ram. Az\u0259rbaycan il\u0259 Misir aras\u0131nda \u0259laq\u0259l\u0259rin inki\u015faf dinamikas\u0131 m\u0259mnunluq do\u011furur. H\u0259yata ke\u00e7iril\u0259n y\u00fcks\u0259ks\u0259viyy\u0259li qar\u015f\u0131l\u0131ql\u0131 s\u0259f\u0259rl\u0259r v\u0259 m\u00fcnt\u0259z\u0259m t\u0259maslar \u0259m\u0259kda\u015fl\u0131\u011f\u0131m\u0131z\u0131n yeni m\u0259zmunla z\u0259nginl\u0259\u015fm\u0259sind\u0259 \u0259h\u0259miyy\u0259tli rol oynay\u0131r. Bu g\u00fcn m\u00fcxt\u0259lif sah\u0259l\u0259rd\u0259 m\u00fcnasib\u0259tl\u0259rimizin d\u0259rinl\u0259\u015fdirilm\u0259si \u00fc\u00e7\u00fcn b\u00f6y\u00fck potensial m\u00f6vcuddur. \u0130nan\u0131ram ki, xalqlar\u0131m\u0131z\u0131n rifah\u0131 namin\u0259 bu imkanlardan yararlanaraq \u0259n\u0259n\u0259vi&hellip;<\/p>\n","protected":false},"author":2,"featured_media":817185,"comment_status":"closed","ping_status":"closed","sticky":false,"template":"","format":"standard","meta":{"om_disable_all_campaigns":false,"_monsterinsights_skip_tracking":false,"_monsterinsights_sitenote_active":false,"_monsterinsights_sitenote_note":"","_monsterinsights_sitenote_category":0},"categories":[4],"tags":[],"aioseo_notices":[],"gutentor_comment":0,"rttpg_featured_image_url":{"full":["https:\/\/arantv.az\/wp-content\/uploads\/2025\/07\/7c0cd855d65551533da747f0594ba80b.jpg",850,500,false],"landscape":["https:\/\/arantv.az\/wp-content\/uploads\/2025\/07\/7c0cd855d65551533da747f0594ba80b.jpg",850,500,false],"portraits":["https:\/\/arantv.az\/wp-content\/uploads\/2025\/07\/7c0cd855d65551533da747f0594ba80b.jpg",850,500,false],"thumbnail":["https:\/\/arantv.az\/wp-content\/uploads\/2025\/07\/7c0cd855d65551533da747f0594ba80b-500x280.jpg",500,280,true],"medium":["https:\/\/arantv.az\/wp-content\/uploads\/2025\/07\/7c0cd855d65551533da747f0594ba80b-621x365.jpg",621,365,true],"large":["https:\/\/arantv.az\/wp-content\/uploads\/2025\/07\/7c0cd855d65551533da747f0594ba80b-840x494.jpg",640,376,true],"1536x1536":["https:\/\/arantv.az\/wp-content\/uploads\/2025\/07\/7c0cd855d65551533da747f0594ba80b.jpg",850,500,false],"2048x2048":["https:\/\/arantv.az\/wp-content\/uploads\/2025\/07\/7c0cd855d65551533da747f0594ba80b.jpg",850,500,false],"post-thumbnail":["https:\/\/arantv.az\/wp-content\/uploads\/2025\/07\/7c0cd855d65551533da747f0594ba80b-240x172.jpg",240,172,true],"advps-thumb-one":["https:\/\/arantv.az\/wp-content\/uploads\/2025\/07\/7c0cd855d65551533da747f0594ba80b.jpg",850,500,false]},"rttpg_author":{"display_name":"V\u00fcsal Rafiqo\u011flu","author_link":"https:\/\/arantv.az\/?author=2"},"rttpg_comment":0,"rttpg_category":"<a href=\"https:\/\/arantv.az\/?cat=4\" rel=\"category\">Siyas\u0259t<\/a>","rttpg_excerpt":"Az\u0259rbaycan Prezidenti \u0130lham \u018fliyev misirli h\u0259mkar\u0131 \u018fbd\u00fclf\u0259ttah \u0259s-Sisiy\u0259 t\u0259brik m\u0259ktubu g\u00f6nd\u0259rib. Musavat.com-un m\u0259lumat\u0131na g\u00f6r\u0259, m\u0259ktubda deyilir: &#8220;H\u00f6rm\u0259tli c\u0259nab Prezident, Misir \u018fr\u0259b Respublikas\u0131n\u0131n milli bayram\u0131 \u2013 \u0130nqilab G\u00fcn\u00fc m\u00fcnasib\u0259til\u0259 Siz\u0259 v\u0259 Sizin siman\u0131zda b\u00fct\u00fcn xalq\u0131n\u0131za \u00f6z ad\u0131mdan v\u0259 Az\u0259rbaycan xalq\u0131 ad\u0131ndan \u0259n s\u0259mimi t\u0259brikl\u0259rimi v\u0259 xo\u015f arzular\u0131m\u0131 \u00e7atd\u0131r\u0131ram. Az\u0259rbaycan il\u0259 Misir aras\u0131nda \u0259laq\u0259l\u0259rin inki\u015faf dinamikas\u0131 m\u0259mnunluq&hellip;","_links":{"self":[{"href":"https:\/\/arantv.az\/index.php?rest_route=\/wp\/v2\/posts\/817184"}],"collection":[{"href":"https:\/\/arantv.az\/index.php?rest_route=\/wp\/v2\/posts"}],"about":[{"href":"https:\/\/arantv.az\/index.php?rest_route=\/wp\/v2\/types\/post"}],"author":[{"embeddable":true,"href":"https:\/\/arantv.az\/index.php?rest_route=\/wp\/v2\/users\/2"}],"replies":[{"embeddable":true,"href":"https:\/\/arantv.az\/index.php?rest_route=%2Fwp%2Fv2%2Fcomments&post=817184"}],"version-history":[{"count":1,"href":"https:\/\/arantv.az\/index.php?rest_route=\/wp\/v2\/posts\/817184\/revisions"}],"predecessor-version":[{"id":817186,"href":"https:\/\/arantv.az\/index.php?rest_route=\/wp\/v2\/posts\/817184\/revisions\/817186"}],"wp:featuredmedia":[{"embeddable":true,"href":"https:\/\/arantv.az\/index.php?rest_route=\/wp\/v2\/media\/817185"}],"wp:attachment":[{"href":"https:\/\/arantv.az\/index.php?rest_route=%2Fwp%2Fv2%2Fmedia&parent=817184"}],"wp:term":[{"taxonomy":"category","embeddable":true,"href":"https:\/\/arantv.az\/index.php?rest_route=%2Fwp%2Fv2%2Fcategories&post=817184"},{"taxonomy":"post_tag","embeddable":true,"href":"https:\/\/arantv.az\/index.php?rest_route=%2Fwp%2Fv2%2Ftags&post=817184"}],"curies":[{"name":"wp","href":"https:\/\/api.w.org\/{rel}","templated":true}]}}