{"id":81723,"date":"2019-09-27T07:42:19","date_gmt":"2019-09-27T04:42:19","guid":{"rendered":"http:\/\/arantv.az\/?p=81723"},"modified":"2019-09-27T07:42:19","modified_gmt":"2019-09-27T04:42:19","slug":"ilham-%c9%99liyev-emmanuel-makrona-bassagligi-verib","status":"publish","type":"post","link":"https:\/\/arantv.az\/?p=81723","title":{"rendered":"\u0130lham \u018fliyev Emmanuel Makrona ba\u015fsa\u011fl\u0131\u011f\u0131 verib"},"content":{"rendered":"<p>Az\u0259rbaycan Respublikas\u0131n\u0131n Prezidenti \u0130lham \u018fliyev Fransa Respublikas\u0131n\u0131n Prezidenti Emmanuel Makrona m\u0259ktub \u00fcnvanlay\u0131b.<\/p>\n<p>H\u00f6rm\u0259tli c\u0259nab\u00a0Prezident,<\/p>\n<p>Fransa Respublikas\u0131n\u0131n ke\u00e7mi\u015f\u00a0Prezidenti, g\u00f6rk\u0259mli d\u00f6vl\u0259t xadimi Jak \u015eirak\u0131n v\u0259fat\u0131 x\u0259b\u0259ri m\u0259ni olduqca k\u0259d\u0259rl\u0259ndirdi.<\/p>\n<p>Az\u0259rbaycan il\u0259 Fransa aras\u0131nda ikit\u0259r\u0259fli m\u00fcnasib\u0259tl\u0259rin inki\u015faf\u0131nda v\u0259 m\u00f6hk\u0259ml\u0259ndirilm\u0259sind\u0259 Jak \u015eirak\u0131n b\u00f6y\u00fck xidm\u0259tl\u0259ri olmu\u015fdur.<\/p>\n<p>Prezident\u00a0Heyd\u0259r \u018fliyevi\u00a0Prezident\u00a0Jak \u015eirak il\u0259 m\u00f6hk\u0259m dostluq m\u00fcnasib\u0259tl\u0259ri ba\u011flay\u0131rd\u0131. Onlar\u0131n g\u00f6r\u00fc\u015fl\u0259ri, apar\u0131lm\u0131\u015f m\u00fczakir\u0259l\u0259r \u00f6lk\u0259l\u0259rimiz aras\u0131nda ikit\u0259r\u0259fli m\u00fcnasib\u0259tl\u0259rin inki\u015faf x\u0259ttini m\u00fc\u0259yy\u0259n etmi\u015fdir.\u00a0Prezidentl\u0259rin birg\u0259 s\u0259yl\u0259ri say\u0259sind\u0259 Az\u0259rbaycan il\u0259 Fransa aras\u0131nda dostluq v\u0259 \u0259m\u0259kda\u015fl\u0131q m\u00fcnasib\u0259tl\u0259ri b\u00f6y\u00fck inki\u015faf yolu ke\u00e7mi\u015fdir.<\/p>\n<p>Prezident\u00a0Jak \u015eirakla \u00e7oxsayl\u0131 g\u00f6r\u00fc\u015fl\u0259rimi \u0259n xo\u015f t\u0259\u0259ss\u00fcratlarla xat\u0131rlay\u0131ram. Bu g\u00f6r\u00fc\u015fl\u0259r Az\u0259rbaycan-Fransa \u0259laq\u0259l\u0259rinin h\u0259rt\u0259r\u0259fli inki\u015faf\u0131na m\u00fch\u00fcm t\u0259kan vermi\u015fdir.<\/p>\n<p>Az\u0259rbaycan-Fransa m\u00fcnasib\u0259tl\u0259rinin inki\u015faf\u0131nda x\u00fcsusi xidm\u0259tl\u0259rin\u0259 g\u00f6r\u0259 Jak \u015eirak \u00f6lk\u0259mizin \u0259n y\u00fcks\u0259k ordeni olan \u201cHeyd\u0259r \u018fliyev\u201d ordeni il\u0259 t\u0259ltif olunmu\u015f v\u0259 bu orden m\u0259nim t\u0259r\u0259fimd\u0259n Jak \u015eiraka t\u0259qdim edilmi\u015fdi.<\/p>\n<p>Bu a\u011f\u0131r itkinin k\u0259d\u0259rini b\u00f6l\u00fc\u015f\u00fcr, \u015f\u0259xs\u0259n \u00f6z ad\u0131mdan v\u0259 Az\u0259rbaycan xalq\u0131 ad\u0131ndan Siz\u0259, b\u00fct\u00fcn Fransa xalq\u0131na, m\u0259rhumun ail\u0259sin\u0259 d\u0259rin h\u00fcznl\u0259 ba\u015fsa\u011fl\u0131\u011f\u0131 verir\u0259m.<\/p>\n","protected":false},"excerpt":{"rendered":"<p>Az\u0259rbaycan Respublikas\u0131n\u0131n Prezidenti \u0130lham \u018fliyev Fransa Respublikas\u0131n\u0131n Prezidenti Emmanuel Makrona m\u0259ktub \u00fcnvanlay\u0131b. H\u00f6rm\u0259tli c\u0259nab\u00a0Prezident, Fransa Respublikas\u0131n\u0131n ke\u00e7mi\u015f\u00a0Prezidenti, g\u00f6rk\u0259mli d\u00f6vl\u0259t xadimi Jak \u015eirak\u0131n v\u0259fat\u0131 x\u0259b\u0259ri m\u0259ni olduqca k\u0259d\u0259rl\u0259ndirdi. Az\u0259rbaycan il\u0259 Fransa aras\u0131nda ikit\u0259r\u0259fli m\u00fcnasib\u0259tl\u0259rin inki\u015faf\u0131nda v\u0259 m\u00f6hk\u0259ml\u0259ndirilm\u0259sind\u0259 Jak \u015eirak\u0131n b\u00f6y\u00fck xidm\u0259tl\u0259ri olmu\u015fdur. Prezident\u00a0Heyd\u0259r \u018fliyevi\u00a0Prezident\u00a0Jak \u015eirak il\u0259 m\u00f6hk\u0259m dostluq m\u00fcnasib\u0259tl\u0259ri ba\u011flay\u0131rd\u0131. Onlar\u0131n g\u00f6r\u00fc\u015fl\u0259ri, apar\u0131lm\u0131\u015f m\u00fczakir\u0259l\u0259r \u00f6lk\u0259l\u0259rimiz aras\u0131nda ikit\u0259r\u0259fli m\u00fcnasib\u0259tl\u0259rin inki\u015faf x\u0259ttini m\u00fc\u0259yy\u0259n etmi\u015fdir.\u00a0Prezidentl\u0259rin birg\u0259 s\u0259yl\u0259ri say\u0259sind\u0259 Az\u0259rbaycan il\u0259 Fransa aras\u0131nda dostluq v\u0259 \u0259m\u0259kda\u015fl\u0131q m\u00fcnasib\u0259tl\u0259ri b\u00f6y\u00fck inki\u015faf yolu ke\u00e7mi\u015fdir. Prezident\u00a0Jak \u015eirakla \u00e7oxsayl\u0131 g\u00f6r\u00fc\u015fl\u0259rimi \u0259n xo\u015f t\u0259\u0259ss\u00fcratlarla xat\u0131rlay\u0131ram. Bu g\u00f6r\u00fc\u015fl\u0259r Az\u0259rbaycan-Fransa \u0259laq\u0259l\u0259rinin h\u0259rt\u0259r\u0259fli inki\u015faf\u0131na&hellip;<\/p>\n","protected":false},"author":2,"featured_media":81724,"comment_status":"closed","ping_status":"closed","sticky":false,"template":"","format":"standard","meta":{"om_disable_all_campaigns":false,"_monsterinsights_skip_tracking":false,"_monsterinsights_sitenote_active":false,"_monsterinsights_sitenote_note":"","_monsterinsights_sitenote_category":0},"categories":[4],"tags":[],"aioseo_notices":[],"gutentor_comment":0,"rttpg_featured_image_url":{"full":["https:\/\/arantv.az\/wp-content\/uploads\/2019\/09\/1546525925_7744741.jpg",975,540,false],"landscape":["https:\/\/arantv.az\/wp-content\/uploads\/2019\/09\/1546525925_7744741.jpg",975,540,false],"portraits":["https:\/\/arantv.az\/wp-content\/uploads\/2019\/09\/1546525925_7744741.jpg",975,540,false],"thumbnail":["https:\/\/arantv.az\/wp-content\/uploads\/2019\/09\/1546525925_7744741-150x150.jpg",150,150,true],"medium":["https:\/\/arantv.az\/wp-content\/uploads\/2019\/09\/1546525925_7744741-300x166.jpg",300,166,true],"large":["https:\/\/arantv.az\/wp-content\/uploads\/2019\/09\/1546525925_7744741.jpg",640,354,false],"1536x1536":["https:\/\/arantv.az\/wp-content\/uploads\/2019\/09\/1546525925_7744741.jpg",975,540,false],"2048x2048":["https:\/\/arantv.az\/wp-content\/uploads\/2019\/09\/1546525925_7744741.jpg",975,540,false],"post-thumbnail":["https:\/\/arantv.az\/wp-content\/uploads\/2019\/09\/1546525925_7744741-240x172.jpg",240,172,true],"advps-thumb-one":["https:\/\/arantv.az\/wp-content\/uploads\/2019\/09\/1546525925_7744741.jpg",975,540,false]},"rttpg_author":{"display_name":"V\u00fcsal Rafiqo\u011flu","author_link":"https:\/\/arantv.az\/?author=2"},"rttpg_comment":0,"rttpg_category":"<a href=\"https:\/\/arantv.az\/?cat=4\" rel=\"category\">Siyas\u0259t<\/a>","rttpg_excerpt":"Az\u0259rbaycan Respublikas\u0131n\u0131n Prezidenti \u0130lham \u018fliyev Fransa Respublikas\u0131n\u0131n Prezidenti Emmanuel Makrona m\u0259ktub \u00fcnvanlay\u0131b. H\u00f6rm\u0259tli c\u0259nab\u00a0Prezident, Fransa Respublikas\u0131n\u0131n ke\u00e7mi\u015f\u00a0Prezidenti, g\u00f6rk\u0259mli d\u00f6vl\u0259t xadimi Jak \u015eirak\u0131n v\u0259fat\u0131 x\u0259b\u0259ri m\u0259ni olduqca k\u0259d\u0259rl\u0259ndirdi. Az\u0259rbaycan il\u0259 Fransa aras\u0131nda ikit\u0259r\u0259fli m\u00fcnasib\u0259tl\u0259rin inki\u015faf\u0131nda v\u0259 m\u00f6hk\u0259ml\u0259ndirilm\u0259sind\u0259 Jak \u015eirak\u0131n b\u00f6y\u00fck xidm\u0259tl\u0259ri olmu\u015fdur. Prezident\u00a0Heyd\u0259r \u018fliyevi\u00a0Prezident\u00a0Jak \u015eirak il\u0259 m\u00f6hk\u0259m dostluq m\u00fcnasib\u0259tl\u0259ri ba\u011flay\u0131rd\u0131. Onlar\u0131n g\u00f6r\u00fc\u015fl\u0259ri, apar\u0131lm\u0131\u015f m\u00fczakir\u0259l\u0259r \u00f6lk\u0259l\u0259rimiz aras\u0131nda&hellip;","_links":{"self":[{"href":"https:\/\/arantv.az\/index.php?rest_route=\/wp\/v2\/posts\/81723"}],"collection":[{"href":"https:\/\/arantv.az\/index.php?rest_route=\/wp\/v2\/posts"}],"about":[{"href":"https:\/\/arantv.az\/index.php?rest_route=\/wp\/v2\/types\/post"}],"author":[{"embeddable":true,"href":"https:\/\/arantv.az\/index.php?rest_route=\/wp\/v2\/users\/2"}],"replies":[{"embeddable":true,"href":"https:\/\/arantv.az\/index.php?rest_route=%2Fwp%2Fv2%2Fcomments&post=81723"}],"version-history":[{"count":0,"href":"https:\/\/arantv.az\/index.php?rest_route=\/wp\/v2\/posts\/81723\/revisions"}],"wp:featuredmedia":[{"embeddable":true,"href":"https:\/\/arantv.az\/index.php?rest_route=\/wp\/v2\/media\/81724"}],"wp:attachment":[{"href":"https:\/\/arantv.az\/index.php?rest_route=%2Fwp%2Fv2%2Fmedia&parent=81723"}],"wp:term":[{"taxonomy":"category","embeddable":true,"href":"https:\/\/arantv.az\/index.php?rest_route=%2Fwp%2Fv2%2Fcategories&post=81723"},{"taxonomy":"post_tag","embeddable":true,"href":"https:\/\/arantv.az\/index.php?rest_route=%2Fwp%2Fv2%2Ftags&post=81723"}],"curies":[{"name":"wp","href":"https:\/\/api.w.org\/{rel}","templated":true}]}}