{"id":81727,"date":"2019-09-27T07:46:34","date_gmt":"2019-09-27T04:46:34","guid":{"rendered":"http:\/\/arantv.az\/?p=81727"},"modified":"2019-09-27T07:46:34","modified_gmt":"2019-09-27T04:46:34","slug":"olk%c9%99-bascisi-qurbanqulu-berdim%c9%99h%c9%99mm%c9%99dovu-t%c9%99brik-edib","status":"publish","type":"post","link":"https:\/\/arantv.az\/?p=81727","title":{"rendered":"\u00d6lk\u0259 ba\u015f\u00e7\u0131s\u0131 Qurbanqulu Berdim\u0259h\u0259mm\u0259dovu t\u0259brik edib"},"content":{"rendered":"<p><strong>Az\u0259rbaycan Prezidenti t\u00fcrkm\u0259nistanl\u0131 h\u0259mkar\u0131n\u0131\u00a0milli bayram m\u00fcnasib\u0259til\u0259 t\u0259brik edib<\/strong><\/p>\n<p>Prezident \u0130lham \u018fliyev T\u00fcrkm\u0259nistan\u0131n milli bayram\u0131 \u2013 M\u00fcst\u0259qillik G\u00fcn\u00fc m\u00fcnasib\u0259til\u0259 Prezident Qurbanqulu Berdim\u0259h\u0259mm\u0259dova t\u0259brik m\u0259ktubu g\u00f6nd\u0259rib.<\/p>\n<p><strong>ARANTV.AZ\u00a0<\/strong> x\u0259b\u0259r verir ki, d\u00f6vl\u0259timizin ba\u015f\u00e7\u0131s\u0131 m\u0259ktubda Az\u0259rbaycan-T\u00fcrkm\u0259nistan \u0259laq\u0259l\u0259rinin qar\u015f\u0131l\u0131ql\u0131 h\u00f6rm\u0259t, etimad v\u0259 d\u0259st\u0259k prinsipl\u0259ri il\u0259 s\u0259ciyy\u0259l\u0259ndiyini qeyd edib. Prezident inand\u0131\u011f\u0131n\u0131 bildirib ki, d\u00f6vl\u0259tl\u0259raras\u0131 m\u00fcnasib\u0259tl\u0259rimiz v\u0259 \u0259m\u0259kda\u015fl\u0131\u011f\u0131m\u0131z xalqlar\u0131m\u0131z\u0131n irad\u0259sin\u0259 uy\u011fun olaraq bundan sonra da dinamik \u015f\u0259kild\u0259 inki\u015faf ed\u0259c\u0259k v\u0259 geni\u015fl\u0259n\u0259c\u0259k.<\/p>\n<p>Az\u0259rbaycan Prezidenti t\u00fcrkm\u0259nistanl\u0131 h\u0259mkar\u0131na m\u00f6hk\u0259m cansa\u011fl\u0131\u011f\u0131, i\u015fl\u0259rind\u0259 u\u011furlar, qarda\u015f T\u00fcrkm\u0259nistan xalq\u0131na daim \u0259min-amanl\u0131q v\u0259 firavanl\u0131q arzulay\u0131b.<\/p>\n","protected":false},"excerpt":{"rendered":"<p>Az\u0259rbaycan Prezidenti t\u00fcrkm\u0259nistanl\u0131 h\u0259mkar\u0131n\u0131\u00a0milli bayram m\u00fcnasib\u0259til\u0259 t\u0259brik edib Prezident \u0130lham \u018fliyev T\u00fcrkm\u0259nistan\u0131n milli bayram\u0131 \u2013 M\u00fcst\u0259qillik G\u00fcn\u00fc m\u00fcnasib\u0259til\u0259 Prezident Qurbanqulu Berdim\u0259h\u0259mm\u0259dova t\u0259brik m\u0259ktubu g\u00f6nd\u0259rib. ARANTV.AZ\u00a0 x\u0259b\u0259r verir ki, d\u00f6vl\u0259timizin ba\u015f\u00e7\u0131s\u0131 m\u0259ktubda Az\u0259rbaycan-T\u00fcrkm\u0259nistan \u0259laq\u0259l\u0259rinin qar\u015f\u0131l\u0131ql\u0131 h\u00f6rm\u0259t, etimad v\u0259 d\u0259st\u0259k prinsipl\u0259ri il\u0259 s\u0259ciyy\u0259l\u0259ndiyini qeyd edib. Prezident inand\u0131\u011f\u0131n\u0131 bildirib ki, d\u00f6vl\u0259tl\u0259raras\u0131 m\u00fcnasib\u0259tl\u0259rimiz v\u0259 \u0259m\u0259kda\u015fl\u0131\u011f\u0131m\u0131z xalqlar\u0131m\u0131z\u0131n irad\u0259sin\u0259 uy\u011fun olaraq bundan sonra da dinamik \u015f\u0259kild\u0259 inki\u015faf ed\u0259c\u0259k v\u0259 geni\u015fl\u0259n\u0259c\u0259k. Az\u0259rbaycan Prezidenti t\u00fcrkm\u0259nistanl\u0131 h\u0259mkar\u0131na m\u00f6hk\u0259m cansa\u011fl\u0131\u011f\u0131, i\u015fl\u0259rind\u0259 u\u011furlar, qarda\u015f T\u00fcrkm\u0259nistan xalq\u0131na daim \u0259min-amanl\u0131q v\u0259 firavanl\u0131q arzulay\u0131b.<\/p>\n","protected":false},"author":2,"featured_media":79651,"comment_status":"closed","ping_status":"closed","sticky":false,"template":"","format":"standard","meta":{"om_disable_all_campaigns":false,"_monsterinsights_skip_tracking":false,"_monsterinsights_sitenote_active":false,"_monsterinsights_sitenote_note":"","_monsterinsights_sitenote_category":0},"categories":[4],"tags":[],"aioseo_notices":[],"gutentor_comment":0,"rttpg_featured_image_url":{"full":["https:\/\/arantv.az\/wp-content\/uploads\/2019\/09\/184250_vk4bnb4ez0.jpg",600,400,false],"landscape":["https:\/\/arantv.az\/wp-content\/uploads\/2019\/09\/184250_vk4bnb4ez0.jpg",600,400,false],"portraits":["https:\/\/arantv.az\/wp-content\/uploads\/2019\/09\/184250_vk4bnb4ez0.jpg",600,400,false],"thumbnail":["https:\/\/arantv.az\/wp-content\/uploads\/2019\/09\/184250_vk4bnb4ez0-150x150.jpg",150,150,true],"medium":["https:\/\/arantv.az\/wp-content\/uploads\/2019\/09\/184250_vk4bnb4ez0-300x200.jpg",300,200,true],"large":["https:\/\/arantv.az\/wp-content\/uploads\/2019\/09\/184250_vk4bnb4ez0.jpg",600,400,false],"1536x1536":["https:\/\/arantv.az\/wp-content\/uploads\/2019\/09\/184250_vk4bnb4ez0.jpg",600,400,false],"2048x2048":["https:\/\/arantv.az\/wp-content\/uploads\/2019\/09\/184250_vk4bnb4ez0.jpg",600,400,false],"post-thumbnail":["https:\/\/arantv.az\/wp-content\/uploads\/2019\/09\/184250_vk4bnb4ez0-240x172.jpg",240,172,true],"advps-thumb-one":["https:\/\/arantv.az\/wp-content\/uploads\/2019\/09\/184250_vk4bnb4ez0.jpg",600,400,false]},"rttpg_author":{"display_name":"V\u00fcsal Rafiqo\u011flu","author_link":"https:\/\/arantv.az\/?author=2"},"rttpg_comment":0,"rttpg_category":"<a href=\"https:\/\/arantv.az\/?cat=4\" rel=\"category\">Siyas\u0259t<\/a>","rttpg_excerpt":"Az\u0259rbaycan Prezidenti t\u00fcrkm\u0259nistanl\u0131 h\u0259mkar\u0131n\u0131\u00a0milli bayram m\u00fcnasib\u0259til\u0259 t\u0259brik edib Prezident \u0130lham \u018fliyev T\u00fcrkm\u0259nistan\u0131n milli bayram\u0131 \u2013 M\u00fcst\u0259qillik G\u00fcn\u00fc m\u00fcnasib\u0259til\u0259 Prezident Qurbanqulu Berdim\u0259h\u0259mm\u0259dova t\u0259brik m\u0259ktubu g\u00f6nd\u0259rib. ARANTV.AZ\u00a0 x\u0259b\u0259r verir ki, d\u00f6vl\u0259timizin ba\u015f\u00e7\u0131s\u0131 m\u0259ktubda Az\u0259rbaycan-T\u00fcrkm\u0259nistan \u0259laq\u0259l\u0259rinin qar\u015f\u0131l\u0131ql\u0131 h\u00f6rm\u0259t, etimad v\u0259 d\u0259st\u0259k prinsipl\u0259ri il\u0259 s\u0259ciyy\u0259l\u0259ndiyini qeyd edib. Prezident inand\u0131\u011f\u0131n\u0131 bildirib ki, d\u00f6vl\u0259tl\u0259raras\u0131 m\u00fcnasib\u0259tl\u0259rimiz v\u0259 \u0259m\u0259kda\u015fl\u0131\u011f\u0131m\u0131z xalqlar\u0131m\u0131z\u0131n irad\u0259sin\u0259 uy\u011fun olaraq&hellip;","_links":{"self":[{"href":"https:\/\/arantv.az\/index.php?rest_route=\/wp\/v2\/posts\/81727"}],"collection":[{"href":"https:\/\/arantv.az\/index.php?rest_route=\/wp\/v2\/posts"}],"about":[{"href":"https:\/\/arantv.az\/index.php?rest_route=\/wp\/v2\/types\/post"}],"author":[{"embeddable":true,"href":"https:\/\/arantv.az\/index.php?rest_route=\/wp\/v2\/users\/2"}],"replies":[{"embeddable":true,"href":"https:\/\/arantv.az\/index.php?rest_route=%2Fwp%2Fv2%2Fcomments&post=81727"}],"version-history":[{"count":0,"href":"https:\/\/arantv.az\/index.php?rest_route=\/wp\/v2\/posts\/81727\/revisions"}],"wp:featuredmedia":[{"embeddable":true,"href":"https:\/\/arantv.az\/index.php?rest_route=\/wp\/v2\/media\/79651"}],"wp:attachment":[{"href":"https:\/\/arantv.az\/index.php?rest_route=%2Fwp%2Fv2%2Fmedia&parent=81727"}],"wp:term":[{"taxonomy":"category","embeddable":true,"href":"https:\/\/arantv.az\/index.php?rest_route=%2Fwp%2Fv2%2Fcategories&post=81727"},{"taxonomy":"post_tag","embeddable":true,"href":"https:\/\/arantv.az\/index.php?rest_route=%2Fwp%2Fv2%2Ftags&post=81727"}],"curies":[{"name":"wp","href":"https:\/\/api.w.org\/{rel}","templated":true}]}}