{"id":81730,"date":"2019-09-27T07:48:40","date_gmt":"2019-09-27T04:48:40","guid":{"rendered":"http:\/\/arantv.az\/?p=81730"},"modified":"2019-09-27T07:48:40","modified_gmt":"2019-09-27T04:48:40","slug":"elmar-m%c9%99mm%c9%99dyarov-kuveytli-h%c9%99mkari-il%c9%99-gorusub","status":"publish","type":"post","link":"https:\/\/arantv.az\/?p=81730","title":{"rendered":"Elmar M\u0259mm\u0259dyarov k\u00fcveytli h\u0259mkar\u0131 il\u0259 g\u00f6r\u00fc\u015f\u00fcb"},"content":{"rendered":"<p>BMT-nin Ba\u015f Assambleyas\u0131n\u0131n 74-c\u00fc sessiyas\u0131 \u00e7\u0259r\u00e7iv\u0259sind\u0259 Xarici \u0130\u015fl\u0259r naziri Elmar M\u0259mm\u0259dyarov K\u00fcveyt D\u00f6vl\u0259tinin Ba\u015f nazirinin m\u00fcavini, Xarici \u0130\u015fl\u0259r naziri \u015eeyx Sabah Xalid Al Hamad Al Sabah il\u0259 g\u00f6r\u00fc\u015f\u00fcb.<\/p>\n<p>Xarici \u0130\u015fl\u0259r Nazirliyind\u0259n veril\u0259n m\u0259lumata g\u00f6r\u0259, nazirl\u0259r iki \u00f6lk\u0259 aras\u0131nda m\u00f6vcud olan \u0259m\u0259kda\u015fl\u0131q m\u00fcnasib\u0259tl\u0259ri v\u0259 ikit\u0259r\u0259fli \u0259laq\u0259l\u0259rin geni\u015fl\u0259ndirilm\u0259si perspektivl\u0259ri bar\u0259sind\u0259 fikir m\u00fcbadil\u0259si apar\u0131blar. X\u00fcsusil\u0259 turizm sah\u0259sind\u0259 son zamanlar artmaqda olan \u0259m\u0259kda\u015fl\u0131\u011f\u0131n Az\u0259rbaycan v\u0259 K\u00fcveyt aras\u0131nda m\u00fcnasib\u0259tl\u0259rin daha da inki\u015faf\u0131na t\u00f6hf\u0259 verdiyi qeyd olunub.<\/p>\n<p>T\u0259r\u0259fl\u0259r Qo\u015fulmama H\u0259r\u0259kat\u0131n\u0131n qar\u015f\u0131dan g\u0259l\u0259n Bak\u0131 Zirv\u0259 g\u00f6r\u00fc\u015f\u00fc v\u0259 Az\u0259rbaycan\u0131n H\u0259r\u0259kata s\u0259drliyi m\u0259s\u0259l\u0259sini m\u00fczakir\u0259 edibl\u0259r.<\/p>\n<p>G\u00f6r\u00fc\u015fd\u0259, h\u0259m\u00e7inin regional t\u0259hl\u00fck\u0259sizlik m\u0259s\u0259l\u0259l\u0259ri v\u0259 dig\u0259r qar\u015f\u0131l\u0131ql\u0131 maraq do\u011furan m\u0259s\u0259l\u0259l\u0259r bar\u0259sind\u0259 fikir m\u00fcbadil\u0259si apar\u0131l\u0131b.<\/p>\n","protected":false},"excerpt":{"rendered":"<p>BMT-nin Ba\u015f Assambleyas\u0131n\u0131n 74-c\u00fc sessiyas\u0131 \u00e7\u0259r\u00e7iv\u0259sind\u0259 Xarici \u0130\u015fl\u0259r naziri Elmar M\u0259mm\u0259dyarov K\u00fcveyt D\u00f6vl\u0259tinin Ba\u015f nazirinin m\u00fcavini, Xarici \u0130\u015fl\u0259r naziri \u015eeyx Sabah Xalid Al Hamad Al Sabah il\u0259 g\u00f6r\u00fc\u015f\u00fcb. Xarici \u0130\u015fl\u0259r Nazirliyind\u0259n veril\u0259n m\u0259lumata g\u00f6r\u0259, nazirl\u0259r iki \u00f6lk\u0259 aras\u0131nda m\u00f6vcud olan \u0259m\u0259kda\u015fl\u0131q m\u00fcnasib\u0259tl\u0259ri v\u0259 ikit\u0259r\u0259fli \u0259laq\u0259l\u0259rin geni\u015fl\u0259ndirilm\u0259si perspektivl\u0259ri bar\u0259sind\u0259 fikir m\u00fcbadil\u0259si apar\u0131blar. X\u00fcsusil\u0259 turizm sah\u0259sind\u0259 son zamanlar artmaqda olan \u0259m\u0259kda\u015fl\u0131\u011f\u0131n Az\u0259rbaycan v\u0259 K\u00fcveyt aras\u0131nda m\u00fcnasib\u0259tl\u0259rin daha da inki\u015faf\u0131na t\u00f6hf\u0259 verdiyi qeyd olunub. T\u0259r\u0259fl\u0259r Qo\u015fulmama H\u0259r\u0259kat\u0131n\u0131n qar\u015f\u0131dan g\u0259l\u0259n Bak\u0131 Zirv\u0259 g\u00f6r\u00fc\u015f\u00fc v\u0259 Az\u0259rbaycan\u0131n H\u0259r\u0259kata s\u0259drliyi m\u0259s\u0259l\u0259sini m\u00fczakir\u0259 edibl\u0259r. G\u00f6r\u00fc\u015fd\u0259, h\u0259m\u00e7inin regional t\u0259hl\u00fck\u0259sizlik&hellip;<\/p>\n","protected":false},"author":2,"featured_media":81731,"comment_status":"closed","ping_status":"closed","sticky":false,"template":"","format":"standard","meta":{"om_disable_all_campaigns":false,"_monsterinsights_skip_tracking":false,"_monsterinsights_sitenote_active":false,"_monsterinsights_sitenote_note":"","_monsterinsights_sitenote_category":0},"categories":[19],"tags":[],"aioseo_notices":[],"gutentor_comment":0,"rttpg_featured_image_url":{"full":["https:\/\/arantv.az\/wp-content\/uploads\/2019\/09\/5a87b117698aad3bdc2252e7f13ef92c_116890_52.jpg",975,540,false],"landscape":["https:\/\/arantv.az\/wp-content\/uploads\/2019\/09\/5a87b117698aad3bdc2252e7f13ef92c_116890_52.jpg",975,540,false],"portraits":["https:\/\/arantv.az\/wp-content\/uploads\/2019\/09\/5a87b117698aad3bdc2252e7f13ef92c_116890_52.jpg",975,540,false],"thumbnail":["https:\/\/arantv.az\/wp-content\/uploads\/2019\/09\/5a87b117698aad3bdc2252e7f13ef92c_116890_52-150x150.jpg",150,150,true],"medium":["https:\/\/arantv.az\/wp-content\/uploads\/2019\/09\/5a87b117698aad3bdc2252e7f13ef92c_116890_52-300x166.jpg",300,166,true],"large":["https:\/\/arantv.az\/wp-content\/uploads\/2019\/09\/5a87b117698aad3bdc2252e7f13ef92c_116890_52.jpg",640,354,false],"1536x1536":["https:\/\/arantv.az\/wp-content\/uploads\/2019\/09\/5a87b117698aad3bdc2252e7f13ef92c_116890_52.jpg",975,540,false],"2048x2048":["https:\/\/arantv.az\/wp-content\/uploads\/2019\/09\/5a87b117698aad3bdc2252e7f13ef92c_116890_52.jpg",975,540,false],"post-thumbnail":["https:\/\/arantv.az\/wp-content\/uploads\/2019\/09\/5a87b117698aad3bdc2252e7f13ef92c_116890_52-240x172.jpg",240,172,true],"advps-thumb-one":["https:\/\/arantv.az\/wp-content\/uploads\/2019\/09\/5a87b117698aad3bdc2252e7f13ef92c_116890_52.jpg",975,540,false]},"rttpg_author":{"display_name":"V\u00fcsal Rafiqo\u011flu","author_link":"https:\/\/arantv.az\/?author=2"},"rttpg_comment":0,"rttpg_category":"<a href=\"https:\/\/arantv.az\/?cat=19\" rel=\"category\">G\u00fcnd\u0259m<\/a>","rttpg_excerpt":"BMT-nin Ba\u015f Assambleyas\u0131n\u0131n 74-c\u00fc sessiyas\u0131 \u00e7\u0259r\u00e7iv\u0259sind\u0259 Xarici \u0130\u015fl\u0259r naziri Elmar M\u0259mm\u0259dyarov K\u00fcveyt D\u00f6vl\u0259tinin Ba\u015f nazirinin m\u00fcavini, Xarici \u0130\u015fl\u0259r naziri \u015eeyx Sabah Xalid Al Hamad Al Sabah il\u0259 g\u00f6r\u00fc\u015f\u00fcb. Xarici \u0130\u015fl\u0259r Nazirliyind\u0259n veril\u0259n m\u0259lumata g\u00f6r\u0259, nazirl\u0259r iki \u00f6lk\u0259 aras\u0131nda m\u00f6vcud olan \u0259m\u0259kda\u015fl\u0131q m\u00fcnasib\u0259tl\u0259ri v\u0259 ikit\u0259r\u0259fli \u0259laq\u0259l\u0259rin geni\u015fl\u0259ndirilm\u0259si perspektivl\u0259ri bar\u0259sind\u0259 fikir m\u00fcbadil\u0259si apar\u0131blar. X\u00fcsusil\u0259 turizm sah\u0259sind\u0259 son&hellip;","_links":{"self":[{"href":"https:\/\/arantv.az\/index.php?rest_route=\/wp\/v2\/posts\/81730"}],"collection":[{"href":"https:\/\/arantv.az\/index.php?rest_route=\/wp\/v2\/posts"}],"about":[{"href":"https:\/\/arantv.az\/index.php?rest_route=\/wp\/v2\/types\/post"}],"author":[{"embeddable":true,"href":"https:\/\/arantv.az\/index.php?rest_route=\/wp\/v2\/users\/2"}],"replies":[{"embeddable":true,"href":"https:\/\/arantv.az\/index.php?rest_route=%2Fwp%2Fv2%2Fcomments&post=81730"}],"version-history":[{"count":0,"href":"https:\/\/arantv.az\/index.php?rest_route=\/wp\/v2\/posts\/81730\/revisions"}],"wp:featuredmedia":[{"embeddable":true,"href":"https:\/\/arantv.az\/index.php?rest_route=\/wp\/v2\/media\/81731"}],"wp:attachment":[{"href":"https:\/\/arantv.az\/index.php?rest_route=%2Fwp%2Fv2%2Fmedia&parent=81730"}],"wp:term":[{"taxonomy":"category","embeddable":true,"href":"https:\/\/arantv.az\/index.php?rest_route=%2Fwp%2Fv2%2Fcategories&post=81730"},{"taxonomy":"post_tag","embeddable":true,"href":"https:\/\/arantv.az\/index.php?rest_route=%2Fwp%2Fv2%2Ftags&post=81730"}],"curies":[{"name":"wp","href":"https:\/\/api.w.org\/{rel}","templated":true}]}}