{"id":817324,"date":"2025-07-24T11:53:47","date_gmt":"2025-07-24T07:53:47","guid":{"rendered":"https:\/\/arantv.az\/?p=817324"},"modified":"2025-07-24T11:53:47","modified_gmt":"2025-07-24T07:53:47","slug":"m%c9%99tbuat-surasi-prezident-ilham-%c9%99liyev%c9%99-t%c9%99s%c9%99kkur-m%c9%99ktubu-unvanlayib","status":"publish","type":"post","link":"https:\/\/arantv.az\/?p=817324","title":{"rendered":"M\u0259tbuat \u015euras\u0131 Prezident \u0130lham \u018fliyev\u0259 t\u0259\u015f\u0259kk\u00fcr m\u0259ktubu \u00fcnvanlay\u0131b"},"content":{"rendered":"<p><strong>Az\u0259rbaycan M\u0259tbuat \u015euras\u0131 Prezident \u0130lham \u018fliyev\u0259 t\u0259\u015f\u0259kk\u00fcr m\u0259ktubu g\u00f6nd\u0259rib.<\/strong><\/p>\n<p><strong>ARANTV.AZ <\/strong>\u00a0x\u0259b\u0259r verir ki, \u015eura s\u0259dri R\u0259\u015fad M\u0259cidin ad\u0131ndan \u00fcnvanlanm\u0131\u015f m\u0259ktubda bildirilib:<\/p>\n<p>\u201cM\u00f6ht\u0259r\u0259m c\u0259nab Prezident!<\/p>\n<p>\u201cAz\u0259rbaycan milli m\u0259tbuat\u0131n\u0131n 150 illik yubileyinin ke\u00e7irilm\u0259si haqq\u0131nda\u201d 25 aprel 2025-ci il tarixli S\u0259r\u0259ncam\u0131n\u0131z milli m\u0259tbuat\u0131m\u0131z\u0131n ke\u00e7diyi \u015f\u0259r\u0259fli yolun m\u00fcf\u0259ss\u0259l t\u0259sviridir. Bu m\u00fch\u00fcm d\u00f6vl\u0259t s\u0259n\u0259di, eyni zamanda, m\u0259tbuat\u0131m\u0131z\u0131n \u015fanl\u0131 \u0259n\u0259n\u0259l\u0259rin\u0259, Az\u0259rbaycanda ictimai fikrin formala\u015fmas\u0131na, d\u00f6vl\u0259t\u00e7ilik ideyalar\u0131 namin\u0259 s\u0259f\u0259rb\u0259rlik missiyas\u0131na b\u00f6y\u00fck d\u0259y\u0259rdir.<\/p>\n<p>Siz h\u0259r zaman mediam\u0131z\u0131n m\u00fcasir v\u0259 m\u00fcst\u0259qil Az\u0259rbaycan\u0131n inki\u015faf\u0131ndak\u0131, \u00f6lk\u0259mizd\u0259 h\u00fcquqi d\u00f6vl\u0259t v\u0259 v\u0259t\u0259nda\u015f c\u0259miyy\u0259ti quruculu\u011fundak\u0131 rolunu y\u00fcks\u0259k qiym\u0259tl\u0259ndirmisiniz. G\u0259l\u0259c\u0259k \u00fc\u00e7\u00fcn yol x\u0259rit\u0259si mahiyy\u0259ti da\u015f\u0131yan yubiley S\u0259r\u0259ncam\u0131z\u0131nda 44 g\u00fcnl\u00fck V\u0259t\u0259n m\u00fcharib\u0259si zaman\u0131 jurnalistl\u0259rimizin \u0259m\u0259yin\u0259 x\u00fcsusi yana\u015fma\u011f\u0131n\u0131z is\u0259 150 ilin sevincin\u0259 q\u00fcrur v\u0259 f\u0259xar\u0259t hissi qazand\u0131r\u0131r.<\/p>\n<p>Siz xalq\u0131m\u0131z\u0131n \u00dcmummilli lideri Heyd\u0259r \u018fliyevin \u0259sas\u0131n\u0131 qoydu\u011fu mediaya d\u00f6vl\u0259t d\u0259st\u0259yi \u0259n\u0259n\u0259sini ya\u015fad\u0131rs\u0131n\u0131z. Bu d\u0259st-x\u0259tt \u00f6z\u00fcn\u00fc d\u00f6nm\u0259z xarakterli fundamental islahatlarda g\u00f6st\u0259rir. Q\u0259tiyy\u0259tl\u0259 dey\u0259 bil\u0259rik ki, media sah\u0259sind\u0259ki inki\u015faf m\u0259hz islahaty\u00f6n\u00fcml\u00fc siyas\u0259tinizd\u0259n qaynaqlan\u0131r.<\/p>\n<p>III \u015eu\u015fa Qlobal Media Forumunun i\u015ftirak\u00e7\u0131lar\u0131 il\u0259 g\u00f6r\u00fc\u015f\u00fcn\u00fcz zaman\u0131 Az\u0259rbaycan medias\u0131na y\u00fcks\u0259k d\u0259y\u0259rinizi ifad\u0259 etm\u0259kl\u0259, g\u0259rgin \u0259m\u0259k v\u0259 axtar\u0131\u015flar n\u0259tic\u0259sind\u0259 \u0259ld\u0259 olunan inki\u015faf\u0131 qiym\u0259tl\u0259ndirdiniz. Media n\u00fcmay\u0259nd\u0259l\u0259rin\u0259 milli m\u0259tbuat\u0131m\u0131z\u0131n 150 illik yubileyi il\u0259 ba\u011fl\u0131 \u00fcnvanlad\u0131\u011f\u0131n\u0131z 22 iyul 2025-ci il tarixli m\u00fcraci\u0259td\u0259 is\u0259 inki\u015faf\u0131n davaml\u0131l\u0131\u011f\u0131na t\u0259minat verdiniz, mediam\u0131z\u0131n bundan sonra da c\u0259miyy\u0259timizin obyektiv v\u0259 pe\u015f\u0259kar \u015f\u0259kild\u0259 m\u0259lumatland\u0131r\u0131lmas\u0131nda, m\u00fcasir c\u0259miyy\u0259t quruculu\u011funda, milli h\u0259mr\u0259yliyin m\u00f6hk\u0259ml\u0259ndirilm\u0259sind\u0259 \u00fcz\u0259rin\u0259 d\u00fc\u015f\u0259n v\u0259zif\u0259l\u0259ri layiqinc\u0259 yerin\u0259 yetir\u0259c\u0259yin\u0259 \u0259minliyinizi bildirdiniz. H\u0259m bu \u0259minliyiniz, h\u0259m d\u0259 d\u00fcnyan\u0131n yeni media d\u00fcz\u0259nind\u0259ki m\u00f6vcud tendensiyalar \u015f\u0259raitind\u0259 m\u00fc\u0259yy\u0259nl\u0259\u015fdirdiyiniz v\u0259zif\u0259l\u0259r m\u0259suliyy\u0259timizi art\u0131r\u0131r.<\/p>\n<p>M\u0259suliyy\u0259timiz etimad\u0131n\u0131zdan qaynaqlan\u0131r. Jurnalistl\u0259rimiz Qaraba\u011f\u0131 azadl\u0131\u011f\u0131na qovu\u015fdurmu\u015f, torpaqlar\u0131m\u0131z\u0131n i\u015f\u011fal\u0131na son qoymu\u015f m\u00fcz\u0259ff\u0259r Ali Ba\u015f Komandan\u0131n \u0259sg\u0259ri kimi f\u0259aliyy\u0259t g\u00f6st\u0259rm\u0259kd\u0259n, xalq\u0131m\u0131za rifah v\u0259 \u0259minamanl\u0131q, regionumuza sabitlik g\u0259tir\u0259n siyasi kursunuza sadiq olmaqdan, n\u0259hay\u0259t etimad\u0131n\u0131z\u0131 do\u011frultmaqdan m\u0259mnundurlar. H\u0259r bir q\u0259l\u0259m sahibi \u00fc\u00e7\u00fcn bu m\u0259mnunluq yarad\u0131c\u0131l\u0131q \u015f\u00f6vq\u00fc, ruh y\u00fcks\u0259kliyi v\u0259 \u0259zml\u0259 \u00e7al\u0131\u015fmaq \u00fc\u00e7\u00fcn son d\u0259r\u0259c\u0259 b\u00f6y\u00fck m\u0259n\u0259vi stimuldur.<\/p>\n<p>Sevindirici hald\u0131r ki, Az\u0259rbaycan d\u00f6vl\u0259tinin media siyas\u0259ti \u00f6z\u00fcnd\u0259 t\u0259kc\u0259 konseptual mahiyy\u0259t da\u015f\u0131yan f\u0259aliyy\u0259t x\u0259ttini deyil, eyni zamanda, jurnalistl\u0259r\u0259 h\u0259ssas m\u00fcnasib\u0259ti d\u0259 birl\u0259\u015fdirir. H\u0259ssasl\u0131\u011f\u0131n is\u0259 media n\u00fcmay\u0259nd\u0259l\u0259rinin \u0259m\u0259yinin qiym\u0259tl\u0259ndirilm\u0259si, onlar\u0131n d\u00f6vl\u0259t t\u0259ltifl\u0259rin\u0259 &#8211; f\u0259xri adlara, orden v\u0259 medallara layiq g\u00f6r\u00fclm\u0259l\u0259ri \u0259n\u0259n\u0259si var. \u018fvv\u0259lki yubileyl\u0259rd\u0259 oldu\u011fu kimi, milli m\u0259tbuat\u0131m\u0131z\u0131n 150 illik yubileyind\u0259 d\u0259 2005-ci ild\u0259 \u0259sas\u0131n\u0131 qoydu\u011funuz bu \u0259n\u0259n\u0259 \u00f6z\u00fcn\u00fc parlaq \u015f\u0259kild\u0259 g\u00f6st\u0259rdi. \u201cMedia n\u00fcmay\u0259nd\u0259rl\u0259rinin t\u0259ltif edilm\u0259si haqq\u0131nda\u201d 21 iyul 2025-ci il tarixli S\u0259r\u0259ncam\u0131n\u0131zla 200-d\u0259n \u00e7ox h\u0259mkar\u0131m\u0131za inan\u0131lmaz xo\u015fb\u0259xtlik hissi b\u0259x\u015f etdiniz.<\/p>\n<p>M\u00f6ht\u0259r\u0259m c\u0259nab Prezident<strong>,\u00a0<\/strong>b\u00fct\u00fcn bunlara, \u00fcmum\u0259n, mediaya, jurnalistl\u0259r\u0259 daim h\u0259ssas m\u00fcnasib\u0259tiniz\u0259, pe\u015f\u0259miz\u0259 y\u00fcks\u0259k d\u0259y\u0259riniz\u0259 v\u0259 q\u0259dirbil\u0259nliyiniz\u0259 g\u00f6r\u0259 Siz\u0259 r\u0259hb\u0259rlik etdiyim Az\u0259rbaycan M\u0259tbuat \u015euras\u0131 \u0130dar\u0259 Hey\u0259tinin \u00fczvl\u0259ri, b\u00fct\u00f6vl\u00fckd\u0259 \u00f6lk\u0259mizin jurnalist ictimaiyy\u0259ti ad\u0131ndan d\u0259rin t\u0259\u015f\u0259kk\u00fcr\u00fcm\u00fcz\u00fc v\u0259 minn\u0259tdarl\u0131\u011f\u0131m\u0131z\u0131 bildirir, V\u0259t\u0259nimiz Az\u0259rbaycan namin\u0259 yorulmaz f\u0259aliyy\u0259tinizd\u0259 yeni-yeni m\u00fcv\u0259ff\u0259qiyy\u0259tl\u0259r arzulay\u0131r\u0131q\u201d.<\/p>\n","protected":false},"excerpt":{"rendered":"<p>Az\u0259rbaycan M\u0259tbuat \u015euras\u0131 Prezident \u0130lham \u018fliyev\u0259 t\u0259\u015f\u0259kk\u00fcr m\u0259ktubu g\u00f6nd\u0259rib. ARANTV.AZ \u00a0x\u0259b\u0259r verir ki, \u015eura s\u0259dri R\u0259\u015fad M\u0259cidin ad\u0131ndan \u00fcnvanlanm\u0131\u015f m\u0259ktubda bildirilib: \u201cM\u00f6ht\u0259r\u0259m c\u0259nab Prezident! \u201cAz\u0259rbaycan milli m\u0259tbuat\u0131n\u0131n 150 illik yubileyinin ke\u00e7irilm\u0259si haqq\u0131nda\u201d 25 aprel 2025-ci il tarixli S\u0259r\u0259ncam\u0131n\u0131z milli m\u0259tbuat\u0131m\u0131z\u0131n ke\u00e7diyi \u015f\u0259r\u0259fli yolun m\u00fcf\u0259ss\u0259l t\u0259sviridir. Bu m\u00fch\u00fcm d\u00f6vl\u0259t s\u0259n\u0259di, eyni zamanda, m\u0259tbuat\u0131m\u0131z\u0131n \u015fanl\u0131 \u0259n\u0259n\u0259l\u0259rin\u0259, Az\u0259rbaycanda ictimai fikrin formala\u015fmas\u0131na, d\u00f6vl\u0259t\u00e7ilik ideyalar\u0131 namin\u0259 s\u0259f\u0259rb\u0259rlik missiyas\u0131na b\u00f6y\u00fck d\u0259y\u0259rdir. Siz h\u0259r zaman mediam\u0131z\u0131n m\u00fcasir v\u0259 m\u00fcst\u0259qil Az\u0259rbaycan\u0131n inki\u015faf\u0131ndak\u0131, \u00f6lk\u0259mizd\u0259 h\u00fcquqi d\u00f6vl\u0259t v\u0259 v\u0259t\u0259nda\u015f c\u0259miyy\u0259ti quruculu\u011fundak\u0131 rolunu y\u00fcks\u0259k qiym\u0259tl\u0259ndirmisiniz. G\u0259l\u0259c\u0259k \u00fc\u00e7\u00fcn yol x\u0259rit\u0259si mahiyy\u0259ti da\u015f\u0131yan&hellip;<\/p>\n","protected":false},"author":2,"featured_media":817325,"comment_status":"closed","ping_status":"closed","sticky":false,"template":"","format":"standard","meta":{"om_disable_all_campaigns":false,"_monsterinsights_skip_tracking":false,"_monsterinsights_sitenote_active":false,"_monsterinsights_sitenote_note":"","_monsterinsights_sitenote_category":0},"categories":[19],"tags":[],"aioseo_notices":[],"gutentor_comment":0,"rttpg_featured_image_url":{"full":["https:\/\/arantv.az\/wp-content\/uploads\/2025\/07\/80d6c0715bd48790104c0d5d559d73f0.jpg",800,500,false],"landscape":["https:\/\/arantv.az\/wp-content\/uploads\/2025\/07\/80d6c0715bd48790104c0d5d559d73f0.jpg",800,500,false],"portraits":["https:\/\/arantv.az\/wp-content\/uploads\/2025\/07\/80d6c0715bd48790104c0d5d559d73f0.jpg",800,500,false],"thumbnail":["https:\/\/arantv.az\/wp-content\/uploads\/2025\/07\/80d6c0715bd48790104c0d5d559d73f0-500x280.jpg",500,280,true],"medium":["https:\/\/arantv.az\/wp-content\/uploads\/2025\/07\/80d6c0715bd48790104c0d5d559d73f0-584x365.jpg",584,365,true],"large":["https:\/\/arantv.az\/wp-content\/uploads\/2025\/07\/80d6c0715bd48790104c0d5d559d73f0.jpg",640,400,false],"1536x1536":["https:\/\/arantv.az\/wp-content\/uploads\/2025\/07\/80d6c0715bd48790104c0d5d559d73f0.jpg",800,500,false],"2048x2048":["https:\/\/arantv.az\/wp-content\/uploads\/2025\/07\/80d6c0715bd48790104c0d5d559d73f0.jpg",800,500,false],"post-thumbnail":["https:\/\/arantv.az\/wp-content\/uploads\/2025\/07\/80d6c0715bd48790104c0d5d559d73f0-240x172.jpg",240,172,true],"advps-thumb-one":["https:\/\/arantv.az\/wp-content\/uploads\/2025\/07\/80d6c0715bd48790104c0d5d559d73f0.jpg",800,500,false]},"rttpg_author":{"display_name":"V\u00fcsal Rafiqo\u011flu","author_link":"https:\/\/arantv.az\/?author=2"},"rttpg_comment":0,"rttpg_category":"<a href=\"https:\/\/arantv.az\/?cat=19\" rel=\"category\">G\u00fcnd\u0259m<\/a>","rttpg_excerpt":"Az\u0259rbaycan M\u0259tbuat \u015euras\u0131 Prezident \u0130lham \u018fliyev\u0259 t\u0259\u015f\u0259kk\u00fcr m\u0259ktubu g\u00f6nd\u0259rib. ARANTV.AZ \u00a0x\u0259b\u0259r verir ki, \u015eura s\u0259dri R\u0259\u015fad M\u0259cidin ad\u0131ndan \u00fcnvanlanm\u0131\u015f m\u0259ktubda bildirilib: \u201cM\u00f6ht\u0259r\u0259m c\u0259nab Prezident! \u201cAz\u0259rbaycan milli m\u0259tbuat\u0131n\u0131n 150 illik yubileyinin ke\u00e7irilm\u0259si haqq\u0131nda\u201d 25 aprel 2025-ci il tarixli S\u0259r\u0259ncam\u0131n\u0131z milli m\u0259tbuat\u0131m\u0131z\u0131n ke\u00e7diyi \u015f\u0259r\u0259fli yolun m\u00fcf\u0259ss\u0259l t\u0259sviridir. Bu m\u00fch\u00fcm d\u00f6vl\u0259t s\u0259n\u0259di, eyni zamanda, m\u0259tbuat\u0131m\u0131z\u0131n \u015fanl\u0131 \u0259n\u0259n\u0259l\u0259rin\u0259, Az\u0259rbaycanda&hellip;","_links":{"self":[{"href":"https:\/\/arantv.az\/index.php?rest_route=\/wp\/v2\/posts\/817324"}],"collection":[{"href":"https:\/\/arantv.az\/index.php?rest_route=\/wp\/v2\/posts"}],"about":[{"href":"https:\/\/arantv.az\/index.php?rest_route=\/wp\/v2\/types\/post"}],"author":[{"embeddable":true,"href":"https:\/\/arantv.az\/index.php?rest_route=\/wp\/v2\/users\/2"}],"replies":[{"embeddable":true,"href":"https:\/\/arantv.az\/index.php?rest_route=%2Fwp%2Fv2%2Fcomments&post=817324"}],"version-history":[{"count":1,"href":"https:\/\/arantv.az\/index.php?rest_route=\/wp\/v2\/posts\/817324\/revisions"}],"predecessor-version":[{"id":817326,"href":"https:\/\/arantv.az\/index.php?rest_route=\/wp\/v2\/posts\/817324\/revisions\/817326"}],"wp:featuredmedia":[{"embeddable":true,"href":"https:\/\/arantv.az\/index.php?rest_route=\/wp\/v2\/media\/817325"}],"wp:attachment":[{"href":"https:\/\/arantv.az\/index.php?rest_route=%2Fwp%2Fv2%2Fmedia&parent=817324"}],"wp:term":[{"taxonomy":"category","embeddable":true,"href":"https:\/\/arantv.az\/index.php?rest_route=%2Fwp%2Fv2%2Fcategories&post=817324"},{"taxonomy":"post_tag","embeddable":true,"href":"https:\/\/arantv.az\/index.php?rest_route=%2Fwp%2Fv2%2Ftags&post=817324"}],"curies":[{"name":"wp","href":"https:\/\/api.w.org\/{rel}","templated":true}]}}