{"id":817327,"date":"2025-07-24T11:55:11","date_gmt":"2025-07-24T07:55:11","guid":{"rendered":"https:\/\/arantv.az\/?p=817327"},"modified":"2025-07-24T11:55:11","modified_gmt":"2025-07-24T07:55:11","slug":"bu-rayonlarda-qaz-olmayacaq-4","status":"publish","type":"post","link":"https:\/\/arantv.az\/?p=817327","title":{"rendered":"Bu rayonlarda qaz olmayacaq"},"content":{"rendered":"<p><strong>\u015e\u0259ki v\u0259 Zaqatala rayonunun bir ne\u00e7\u0259 k\u0259ndind\u0259 qaz t\u0259chizat\u0131 dayand\u0131r\u0131lacaq.<\/strong><\/p>\n<p>&#8220;Az\u0259riqaz&#8221; \u0130stehsalat Birliyind\u0259n\u00a0<strong>Musavat.com<\/strong>-a veril\u0259n m\u0259lumata g\u00f6r\u0259, \u015e\u0259ki rayonu K\u00f6hn\u0259 \u00c7\u0259l\u0259bixan q\u0259s\u0259b\u0259si, Da\u015f\u00fcz, Qudula, \u015eorsu v\u0259 Cumak\u0259nd k\u0259ndl\u0259rini t\u0259bii qazla t\u0259min ed\u0259n orta t\u0259zyiqli da\u015f\u0131y\u0131c\u0131 qaz k\u0259m\u0259rl\u0259rind\u0259 kipliy\u0259 s\u0131naq m\u0259qs\u0259dil\u0259 bu g\u00fcn saat 09:30-dan i\u015fl\u0259r yekunla\u015fanad\u0259k bu \u0259razil\u0259rd\u0259 1474 \u0259hali abonentinin v\u0259 6 qeyri-\u0259hali abonentinin qaz t\u0259chizat\u0131 dayand\u0131r\u0131lacaq.<\/p>\n<p>\u015e\u0259ki \u015f\u0259h\u0259ri, M.\u018f.R\u0259sulzad\u0259 prospektind\u0259 is\u0259 yeni \u00e7\u0259kilmi\u015f PE 315 mm-lik qaz x\u0259ttind\u0259n yer\u00fcst\u00fc qaz x\u0259ttin\u0259 qo\u015fulma i\u015fl\u0259ri apar\u0131lacaq. Bu s\u0259b\u0259bd\u0259n 25 iyul saat 09:30-dan i\u015fl\u0259r ba\u015fa \u00e7atana q\u0259d\u0259r S.M.\u018ff\u0259ndiyev, M.Cabbarov, Nuh\u0259vi v\u0259 A.\u018ff\u0259ndiyev k\u00fc\u00e7\u0259l\u0259rind\u0259 463 \u0259hali abonentinin qaz t\u0259chizat\u0131 dayand\u0131r\u0131lacaq.<\/p>\n<p>Zaqatala rayonu \u00c7\u00f6k\u0259koba k\u0259ndind\u0259 Hac\u0131m\u0259mm\u0259dova R\u0259van\u0259 \u018fhm\u0259d q\u0131z\u0131na m\u0259xsus f\u0259rdi ya\u015fay\u0131\u015f evinin qar\u015f\u0131s\u0131ndan ke\u00e7\u0259n m\u00f6vcud D-57 mm-lik orta t\u0259zyiqli qaz x\u0259ttinin yerinin d\u0259yi\u015fdirilm\u0259si m\u0259qs\u0259dil\u0259 bu g\u00fcn saat 09:30-dan i\u015fl\u0259r yekunla\u015fanad\u0259k 380 \u0259hali abonentinin qaz t\u0259chizat\u0131 dayand\u0131r\u0131lacaq.<\/p>\n<p>Qeyd olunur ki, i\u015fl\u0259r ba\u015fa \u00e7atd\u0131qdan sonra qaz t\u0259chizat\u0131 b\u0259rpa olunacaq.<\/p>\n<p>Bu g\u00fcn saat 10:00-dan etibar\u0259n Sumqay\u0131t \u015f\u0259h\u0259ri, 2-ci mikrorayon \u0259razisind\u0259 apar\u0131lan t\u0259mir i\u015fl\u0259ri il\u0259 \u0259laq\u0259dar qaz t\u0259chizat\u0131nda m\u00fcv\u0259qq\u0259ti fasil\u0259 yaranacaq. Qaz\u0131n verili\u015fi g\u00fcn \u0259rzind\u0259 b\u0259rpa olunacaq.<\/p>\n","protected":false},"excerpt":{"rendered":"<p>\u015e\u0259ki v\u0259 Zaqatala rayonunun bir ne\u00e7\u0259 k\u0259ndind\u0259 qaz t\u0259chizat\u0131 dayand\u0131r\u0131lacaq. &#8220;Az\u0259riqaz&#8221; \u0130stehsalat Birliyind\u0259n\u00a0Musavat.com-a veril\u0259n m\u0259lumata g\u00f6r\u0259, \u015e\u0259ki rayonu K\u00f6hn\u0259 \u00c7\u0259l\u0259bixan q\u0259s\u0259b\u0259si, Da\u015f\u00fcz, Qudula, \u015eorsu v\u0259 Cumak\u0259nd k\u0259ndl\u0259rini t\u0259bii qazla t\u0259min ed\u0259n orta t\u0259zyiqli da\u015f\u0131y\u0131c\u0131 qaz k\u0259m\u0259rl\u0259rind\u0259 kipliy\u0259 s\u0131naq m\u0259qs\u0259dil\u0259 bu g\u00fcn saat 09:30-dan i\u015fl\u0259r yekunla\u015fanad\u0259k bu \u0259razil\u0259rd\u0259 1474 \u0259hali abonentinin v\u0259 6 qeyri-\u0259hali abonentinin qaz t\u0259chizat\u0131 dayand\u0131r\u0131lacaq. \u015e\u0259ki \u015f\u0259h\u0259ri, M.\u018f.R\u0259sulzad\u0259 prospektind\u0259 is\u0259 yeni \u00e7\u0259kilmi\u015f PE 315 mm-lik qaz x\u0259ttind\u0259n yer\u00fcst\u00fc qaz x\u0259ttin\u0259 qo\u015fulma i\u015fl\u0259ri apar\u0131lacaq. Bu s\u0259b\u0259bd\u0259n 25 iyul saat 09:30-dan i\u015fl\u0259r ba\u015fa \u00e7atana q\u0259d\u0259r S.M.\u018ff\u0259ndiyev, M.Cabbarov, Nuh\u0259vi v\u0259 A.\u018ff\u0259ndiyev&hellip;<\/p>\n","protected":false},"author":2,"featured_media":817328,"comment_status":"closed","ping_status":"closed","sticky":false,"template":"","format":"standard","meta":{"om_disable_all_campaigns":false,"_monsterinsights_skip_tracking":false,"_monsterinsights_sitenote_active":false,"_monsterinsights_sitenote_note":"","_monsterinsights_sitenote_category":0},"categories":[1],"tags":[],"aioseo_notices":[],"gutentor_comment":0,"rttpg_featured_image_url":{"full":["https:\/\/arantv.az\/wp-content\/uploads\/2025\/07\/53f50e91b42f5f952a7cb75ec43d49f0.jpg",850,500,false],"landscape":["https:\/\/arantv.az\/wp-content\/uploads\/2025\/07\/53f50e91b42f5f952a7cb75ec43d49f0.jpg",850,500,false],"portraits":["https:\/\/arantv.az\/wp-content\/uploads\/2025\/07\/53f50e91b42f5f952a7cb75ec43d49f0.jpg",850,500,false],"thumbnail":["https:\/\/arantv.az\/wp-content\/uploads\/2025\/07\/53f50e91b42f5f952a7cb75ec43d49f0-500x280.jpg",500,280,true],"medium":["https:\/\/arantv.az\/wp-content\/uploads\/2025\/07\/53f50e91b42f5f952a7cb75ec43d49f0-621x365.jpg",621,365,true],"large":["https:\/\/arantv.az\/wp-content\/uploads\/2025\/07\/53f50e91b42f5f952a7cb75ec43d49f0-840x494.jpg",640,376,true],"1536x1536":["https:\/\/arantv.az\/wp-content\/uploads\/2025\/07\/53f50e91b42f5f952a7cb75ec43d49f0.jpg",850,500,false],"2048x2048":["https:\/\/arantv.az\/wp-content\/uploads\/2025\/07\/53f50e91b42f5f952a7cb75ec43d49f0.jpg",850,500,false],"post-thumbnail":["https:\/\/arantv.az\/wp-content\/uploads\/2025\/07\/53f50e91b42f5f952a7cb75ec43d49f0-240x172.jpg",240,172,true],"advps-thumb-one":["https:\/\/arantv.az\/wp-content\/uploads\/2025\/07\/53f50e91b42f5f952a7cb75ec43d49f0.jpg",850,500,false]},"rttpg_author":{"display_name":"V\u00fcsal Rafiqo\u011flu","author_link":"https:\/\/arantv.az\/?author=2"},"rttpg_comment":0,"rttpg_category":"<a href=\"https:\/\/arantv.az\/?cat=1\" rel=\"category\">C\u0259miyy\u0259t<\/a>","rttpg_excerpt":"\u015e\u0259ki v\u0259 Zaqatala rayonunun bir ne\u00e7\u0259 k\u0259ndind\u0259 qaz t\u0259chizat\u0131 dayand\u0131r\u0131lacaq. &#8220;Az\u0259riqaz&#8221; \u0130stehsalat Birliyind\u0259n\u00a0Musavat.com-a veril\u0259n m\u0259lumata g\u00f6r\u0259, \u015e\u0259ki rayonu K\u00f6hn\u0259 \u00c7\u0259l\u0259bixan q\u0259s\u0259b\u0259si, Da\u015f\u00fcz, Qudula, \u015eorsu v\u0259 Cumak\u0259nd k\u0259ndl\u0259rini t\u0259bii qazla t\u0259min ed\u0259n orta t\u0259zyiqli da\u015f\u0131y\u0131c\u0131 qaz k\u0259m\u0259rl\u0259rind\u0259 kipliy\u0259 s\u0131naq m\u0259qs\u0259dil\u0259 bu g\u00fcn saat 09:30-dan i\u015fl\u0259r yekunla\u015fanad\u0259k bu \u0259razil\u0259rd\u0259 1474 \u0259hali abonentinin v\u0259 6 qeyri-\u0259hali abonentinin qaz&hellip;","_links":{"self":[{"href":"https:\/\/arantv.az\/index.php?rest_route=\/wp\/v2\/posts\/817327"}],"collection":[{"href":"https:\/\/arantv.az\/index.php?rest_route=\/wp\/v2\/posts"}],"about":[{"href":"https:\/\/arantv.az\/index.php?rest_route=\/wp\/v2\/types\/post"}],"author":[{"embeddable":true,"href":"https:\/\/arantv.az\/index.php?rest_route=\/wp\/v2\/users\/2"}],"replies":[{"embeddable":true,"href":"https:\/\/arantv.az\/index.php?rest_route=%2Fwp%2Fv2%2Fcomments&post=817327"}],"version-history":[{"count":2,"href":"https:\/\/arantv.az\/index.php?rest_route=\/wp\/v2\/posts\/817327\/revisions"}],"predecessor-version":[{"id":817330,"href":"https:\/\/arantv.az\/index.php?rest_route=\/wp\/v2\/posts\/817327\/revisions\/817330"}],"wp:featuredmedia":[{"embeddable":true,"href":"https:\/\/arantv.az\/index.php?rest_route=\/wp\/v2\/media\/817328"}],"wp:attachment":[{"href":"https:\/\/arantv.az\/index.php?rest_route=%2Fwp%2Fv2%2Fmedia&parent=817327"}],"wp:term":[{"taxonomy":"category","embeddable":true,"href":"https:\/\/arantv.az\/index.php?rest_route=%2Fwp%2Fv2%2Fcategories&post=817327"},{"taxonomy":"post_tag","embeddable":true,"href":"https:\/\/arantv.az\/index.php?rest_route=%2Fwp%2Fv2%2Ftags&post=817327"}],"curies":[{"name":"wp","href":"https:\/\/api.w.org\/{rel}","templated":true}]}}