{"id":81734,"date":"2019-09-27T07:51:49","date_gmt":"2019-09-27T04:51:49","guid":{"rendered":"http:\/\/arantv.az\/?p=81734"},"modified":"2019-09-27T07:51:49","modified_gmt":"2019-09-27T04:51:49","slug":"neft-v%c9%99-qaz-sah%c9%99sind%c9%99n-asililigin-azaldilmasi-%c9%99sas-prioritetl%c9%99rimizd%c9%99ndir","status":"publish","type":"post","link":"https:\/\/arantv.az\/?p=81734","title":{"rendered":"Neft v\u0259 qaz sah\u0259sind\u0259n as\u0131l\u0131l\u0131\u011f\u0131n azald\u0131lmas\u0131 \u0259sas prioritetl\u0259rimizd\u0259ndir"},"content":{"rendered":"<p>Bu s\u00f6zl\u0259ri Prezident \u0130lham \u018fliyev sentyabr\u0131n 26-da \u00f6lk\u0259mizd\u0259 s\u0259f\u0259rd\u0259 olan Beyn\u0259lxalq Maliyy\u0259 Korporasiyas\u0131n\u0131n iqtisadiyyat v\u0259 \u00f6z\u0259l sektorun inki\u015faf\u0131 \u00fczr\u0259 vitse-prezidenti Hans Piter Lankesin r\u0259hb\u0259rlik etdiyi n\u00fcmay\u0259nd\u0259 hey\u0259ti il\u0259 g\u00f6r\u00fc\u015fd\u0259 deyib.<\/p>\n<p>\u201cBizim \u0259m\u0259kda\u015fl\u0131\u011f\u0131m\u0131z\u0131n \u00e7ox yax\u015f\u0131 v\u0259 u\u011furlu tarix\u00e7\u0259si var. \u0130qtisadiyyat\u0131m\u0131z\u0131n \u015fax\u0259l\u0259ndirilm\u0259si v\u0259 dayan\u0131ql\u0131 iqtisadi inki\u015faf \u00fc\u00e7\u00fcn z\u0259minin yarad\u0131lmas\u0131 planlar\u0131n\u0131 n\u0259z\u0259r\u0259 alaraq g\u0259l\u0259c\u0259k inki\u015faf \u00fc\u00e7\u00fcn d\u0259 yax\u015f\u0131 perspektivl\u0259r m\u00f6vcuddur. Neft v\u0259 qaz sah\u0259sind\u0259n as\u0131l\u0131l\u0131\u011f\u0131n azald\u0131lmas\u0131 \u0259sas prioritetl\u0259rimizd\u0259ndir. \u018flb\u0259tt\u0259, bunu bir g\u00fcn\u00fcn i\u00e7ind\u0259 etm\u0259k m\u00fcmk\u00fcn deyil, ancaq \u015fax\u0259l\u0259ndirm\u0259 v\u0259 iqtisadiyyat\u0131n m\u00fcasirl\u0259\u015fdirilm\u0259si biz\u0259 bu as\u0131l\u0131l\u0131\u011f\u0131n b\u00f6y\u00fck d\u0259r\u0259c\u0259d\u0259 aradan qald\u0131r\u0131lmas\u0131na imkan ver\u0259c\u0259k. \u018flb\u0259tt\u0259, bildiyiniz kimi, biz biznes m\u00fchitinin yax\u015f\u0131la\u015fd\u0131r\u0131lmas\u0131na m\u00fch\u00fcm \u00f6n\u0259m veririk\u201d, &#8211; dey\u0259 d\u00f6vl\u0259timizin ba\u015f\u00e7\u0131s\u0131 qeyd edib.<\/p>\n","protected":false},"excerpt":{"rendered":"<p>Bu s\u00f6zl\u0259ri Prezident \u0130lham \u018fliyev sentyabr\u0131n 26-da \u00f6lk\u0259mizd\u0259 s\u0259f\u0259rd\u0259 olan Beyn\u0259lxalq Maliyy\u0259 Korporasiyas\u0131n\u0131n iqtisadiyyat v\u0259 \u00f6z\u0259l sektorun inki\u015faf\u0131 \u00fczr\u0259 vitse-prezidenti Hans Piter Lankesin r\u0259hb\u0259rlik etdiyi n\u00fcmay\u0259nd\u0259 hey\u0259ti il\u0259 g\u00f6r\u00fc\u015fd\u0259 deyib. \u201cBizim \u0259m\u0259kda\u015fl\u0131\u011f\u0131m\u0131z\u0131n \u00e7ox yax\u015f\u0131 v\u0259 u\u011furlu tarix\u00e7\u0259si var. \u0130qtisadiyyat\u0131m\u0131z\u0131n \u015fax\u0259l\u0259ndirilm\u0259si v\u0259 dayan\u0131ql\u0131 iqtisadi inki\u015faf \u00fc\u00e7\u00fcn z\u0259minin yarad\u0131lmas\u0131 planlar\u0131n\u0131 n\u0259z\u0259r\u0259 alaraq g\u0259l\u0259c\u0259k inki\u015faf \u00fc\u00e7\u00fcn d\u0259 yax\u015f\u0131 perspektivl\u0259r m\u00f6vcuddur. Neft v\u0259 qaz sah\u0259sind\u0259n as\u0131l\u0131l\u0131\u011f\u0131n azald\u0131lmas\u0131 \u0259sas prioritetl\u0259rimizd\u0259ndir. \u018flb\u0259tt\u0259, bunu bir g\u00fcn\u00fcn i\u00e7ind\u0259 etm\u0259k m\u00fcmk\u00fcn deyil, ancaq \u015fax\u0259l\u0259ndirm\u0259 v\u0259 iqtisadiyyat\u0131n m\u00fcasirl\u0259\u015fdirilm\u0259si biz\u0259 bu as\u0131l\u0131l\u0131\u011f\u0131n b\u00f6y\u00fck d\u0259r\u0259c\u0259d\u0259 aradan qald\u0131r\u0131lmas\u0131na imkan ver\u0259c\u0259k. \u018flb\u0259tt\u0259, bildiyiniz kimi,&hellip;<\/p>\n","protected":false},"author":2,"featured_media":81735,"comment_status":"closed","ping_status":"closed","sticky":false,"template":"","format":"standard","meta":{"om_disable_all_campaigns":false,"_monsterinsights_skip_tracking":false,"_monsterinsights_sitenote_active":false,"_monsterinsights_sitenote_note":"","_monsterinsights_sitenote_category":0},"categories":[8],"tags":[],"aioseo_notices":[],"gutentor_comment":0,"rttpg_featured_image_url":{"full":["https:\/\/arantv.az\/wp-content\/uploads\/2019\/09\/1547202716_4321504.jpg",975,540,false],"landscape":["https:\/\/arantv.az\/wp-content\/uploads\/2019\/09\/1547202716_4321504.jpg",975,540,false],"portraits":["https:\/\/arantv.az\/wp-content\/uploads\/2019\/09\/1547202716_4321504.jpg",975,540,false],"thumbnail":["https:\/\/arantv.az\/wp-content\/uploads\/2019\/09\/1547202716_4321504-150x150.jpg",150,150,true],"medium":["https:\/\/arantv.az\/wp-content\/uploads\/2019\/09\/1547202716_4321504-300x166.jpg",300,166,true],"large":["https:\/\/arantv.az\/wp-content\/uploads\/2019\/09\/1547202716_4321504.jpg",640,354,false],"1536x1536":["https:\/\/arantv.az\/wp-content\/uploads\/2019\/09\/1547202716_4321504.jpg",975,540,false],"2048x2048":["https:\/\/arantv.az\/wp-content\/uploads\/2019\/09\/1547202716_4321504.jpg",975,540,false],"post-thumbnail":["https:\/\/arantv.az\/wp-content\/uploads\/2019\/09\/1547202716_4321504-240x172.jpg",240,172,true],"advps-thumb-one":["https:\/\/arantv.az\/wp-content\/uploads\/2019\/09\/1547202716_4321504.jpg",975,540,false]},"rttpg_author":{"display_name":"V\u00fcsal Rafiqo\u011flu","author_link":"https:\/\/arantv.az\/?author=2"},"rttpg_comment":0,"rttpg_category":"<a href=\"https:\/\/arantv.az\/?cat=8\" rel=\"category\">\u018fsas s\u0259hif\u0259<\/a>","rttpg_excerpt":"Bu s\u00f6zl\u0259ri Prezident \u0130lham \u018fliyev sentyabr\u0131n 26-da \u00f6lk\u0259mizd\u0259 s\u0259f\u0259rd\u0259 olan Beyn\u0259lxalq Maliyy\u0259 Korporasiyas\u0131n\u0131n iqtisadiyyat v\u0259 \u00f6z\u0259l sektorun inki\u015faf\u0131 \u00fczr\u0259 vitse-prezidenti Hans Piter Lankesin r\u0259hb\u0259rlik etdiyi n\u00fcmay\u0259nd\u0259 hey\u0259ti il\u0259 g\u00f6r\u00fc\u015fd\u0259 deyib. \u201cBizim \u0259m\u0259kda\u015fl\u0131\u011f\u0131m\u0131z\u0131n \u00e7ox yax\u015f\u0131 v\u0259 u\u011furlu tarix\u00e7\u0259si var. \u0130qtisadiyyat\u0131m\u0131z\u0131n \u015fax\u0259l\u0259ndirilm\u0259si v\u0259 dayan\u0131ql\u0131 iqtisadi inki\u015faf \u00fc\u00e7\u00fcn z\u0259minin yarad\u0131lmas\u0131 planlar\u0131n\u0131 n\u0259z\u0259r\u0259 alaraq g\u0259l\u0259c\u0259k inki\u015faf \u00fc\u00e7\u00fcn d\u0259 yax\u015f\u0131&hellip;","_links":{"self":[{"href":"https:\/\/arantv.az\/index.php?rest_route=\/wp\/v2\/posts\/81734"}],"collection":[{"href":"https:\/\/arantv.az\/index.php?rest_route=\/wp\/v2\/posts"}],"about":[{"href":"https:\/\/arantv.az\/index.php?rest_route=\/wp\/v2\/types\/post"}],"author":[{"embeddable":true,"href":"https:\/\/arantv.az\/index.php?rest_route=\/wp\/v2\/users\/2"}],"replies":[{"embeddable":true,"href":"https:\/\/arantv.az\/index.php?rest_route=%2Fwp%2Fv2%2Fcomments&post=81734"}],"version-history":[{"count":0,"href":"https:\/\/arantv.az\/index.php?rest_route=\/wp\/v2\/posts\/81734\/revisions"}],"wp:featuredmedia":[{"embeddable":true,"href":"https:\/\/arantv.az\/index.php?rest_route=\/wp\/v2\/media\/81735"}],"wp:attachment":[{"href":"https:\/\/arantv.az\/index.php?rest_route=%2Fwp%2Fv2%2Fmedia&parent=81734"}],"wp:term":[{"taxonomy":"category","embeddable":true,"href":"https:\/\/arantv.az\/index.php?rest_route=%2Fwp%2Fv2%2Fcategories&post=81734"},{"taxonomy":"post_tag","embeddable":true,"href":"https:\/\/arantv.az\/index.php?rest_route=%2Fwp%2Fv2%2Ftags&post=81734"}],"curies":[{"name":"wp","href":"https:\/\/api.w.org\/{rel}","templated":true}]}}