{"id":817348,"date":"2025-07-24T12:04:57","date_gmt":"2025-07-24T08:04:57","guid":{"rendered":"https:\/\/arantv.az\/?p=817348"},"modified":"2025-07-24T12:04:57","modified_gmt":"2025-07-24T08:04:57","slug":"sulh-sazisinin-paraflanmasina-hazirliq-m%c9%99kan-tiflis","status":"publish","type":"post","link":"https:\/\/arantv.az\/?p=817348","title":{"rendered":"S\u00fclh sazi\u015finin paraflanmas\u0131na haz\u0131rl\u0131q &#8211; m\u0259kan Tiflis&#8230;"},"content":{"rendered":"<h3><strong>Siyasi ekspert: \u201cTiflisd\u0259 paraflanma ba\u015f tutarsa, bununla \u00fc\u00e7 region \u00f6lk\u0259si aras\u0131nda siyasi \u0259laq\u0259l\u0259rin t\u0259m\u0259li qoyulacaq\u201d<\/strong><\/h3>\n<p><strong>Son g\u00fcnl\u0259r s\u00fclh m\u00fcqavil\u0259sinin paraflanmas\u0131ndan \u00e7ox dan\u0131\u015f\u0131l\u0131r. Erm\u0259nistan Az\u0259rbaycanla s\u00fclh s\u0259n\u0259dini paraflamaqla ba\u011fl\u0131 bir ne\u00e7\u0259 d\u0259f\u0259 m\u00f6vqe bildirib. El\u0259 son m\u0259tbuat konfrans\u0131nda Erm\u0259nistan\u0131n ba\u015f naziri Nikol Pa\u015finyan bildirib ki, Az\u0259rbaycanla s\u00fclh sazi\u015fi imzalanmam\u0131\u015fdan \u00f6nc\u0259 paraflana bil\u0259r, bu m\u0259s\u0259l\u0259 Bak\u0131 v\u0259 \u0130r\u0259van\u0131n m\u00fczakir\u0259 masas\u0131ndad\u0131r. Prezident Xank\u0259ndid\u0259ki media forumunda m\u0259s\u0259l\u0259 il\u0259 ba\u011fl\u0131 deyib: \u201cM\u0259tn paraflana bil\u0259r v\u0259 Az\u0259rbaycan t\u0259r\u0259fi art\u0131q \u018fbu-Dabid\u0259 bu t\u0259klifl\u0259 \u00e7\u0131x\u0131\u015f edib. Lakin bildiyiniz kimi, paraflanma he\u00e7 d\u0259 imzalanma dem\u0259k deyil. Y\u0259ni biri var ki, t\u0259r\u0259fl\u0259r aras\u0131nda \u015fifahi raz\u0131l\u0131q \u0259ld\u0259 olunur, biri d\u0259 var ki, t\u0259r\u0259fl\u0259r s\u0259n\u0259din h\u0259r s\u0259hif\u0259sinin sonunda \u00f6z imzalar\u0131n\u0131 qoyaraq onu paraflay\u0131r. M\u0259nc\u0259, biz s\u00fclh m\u00fcqavil\u0259sinin imzalanmas\u0131na \u00e7ox yax\u0131n\u0131q. Hesab edir\u0259m ki, bu proses gerid\u00f6nm\u0259z xarakter al\u0131b\u201d.<\/strong><\/p>\n<p>Yada salaq ki, m\u0259tn \u00fcz\u0259rind\u0259 raz\u0131l\u0131q \u0259ld\u0259 edildikd\u0259n sonra t\u0259r\u0259fl\u0259rin r\u0259smi n\u00fcmay\u0259nd\u0259l\u0259ri, ad\u0259t\u0259n xarici i\u015fl\u0259r nazirl\u0259ri v\u0259 ya dan\u0131\u015f\u0131qlar \u00fczr\u0259 s\u0259lahiyy\u0259tli \u015f\u0259xsl\u0259r s\u0259n\u0259di paraflay\u0131r. Paraflanma s\u0259n\u0259din h\u0259r s\u0259hif\u0259sinin v\u0259 ya son s\u0259hif\u0259sinin ba\u015f h\u0259rfl\u0259rl\u0259 imzalanmas\u0131d\u0131r, bu proses sazi\u015fin m\u0259tni \u00fcz\u0259rind\u0259 raz\u0131l\u0131\u011f\u0131n \u0259ld\u0259 edildiyini, lakin s\u0259n\u0259din h\u0259l\u0259 r\u0259smi \u015f\u0259kild\u0259 q\u00fcvv\u0259y\u0259 minm\u0259diyini g\u00f6st\u0259rir. Bu m\u0259rh\u0259l\u0259 siyasi raz\u0131la\u015fman\u0131n simvolik t\u0259sdiqidir v\u0259 \u0259ks\u0259r hallarda imzalanma m\u0259rh\u0259l\u0259sin\u0259 haz\u0131rl\u0131q say\u0131l\u0131r.<\/p>\n<p>Diplomatik m\u0259nb\u0259l\u0259rd\u0259n s\u0131zan bilgiy\u0259 g\u00f6r\u0259 h\u0259m Bak\u0131, h\u0259m \u0130r\u0259van s\u00fclh sazi\u015finin paraflanmas\u0131 \u00fcz\u0259rind\u0259 t\u0259maslar\u0131 art\u0131r\u0131blar. Erm\u0259nistanla Az\u0259rbaycan aras\u0131nda s\u00fclh m\u00fcqavil\u0259sinin paraflanmas\u0131 is\u0259 Qafqaz regionundan k\u0259nara \u00e7\u0131xmaya v\u0259 t\u0259r\u0259fl\u0259r Tiflisd\u0259 bir araya g\u0259l\u0259r\u0259k s\u00fclh sazi\u015fini paraflaya bil\u0259r. T\u0259r\u0259fl\u0259r dedikd\u0259 is\u0259 s\u00f6hb\u0259t xarici i\u015fl\u0259r nazirl\u0259rind\u0259n gedir. Az\u0259rbaycan\u0131n xarici i\u015fl\u0259r naziri Ceyhun Bayramovun G\u00fcrc\u00fcstana r\u0259smi s\u0259f\u0259ri \u00e7\u0259r\u00e7iv\u0259sind\u0259 bu \u00f6lk\u0259nin xarici i\u015fl\u0259r naziri Maka Bot\u00e7ori\u015fvili il\u0259 g\u00f6r\u00fc\u015f\u00fcnd\u0259 bu m\u0259s\u0259l\u0259nin d\u0259 raz\u0131la\u015fd\u0131r\u0131ld\u0131\u011f\u0131 ehtimal\u0131 ir\u0259li s\u00fcr\u00fcl\u00fcr. Qeyd ed\u0259k ki, nazir Ceyhun Bayramov qar\u015f\u0131 t\u0259r\u0259fi Az\u0259rbaycanla Erm\u0259nistan aras\u0131nda normalla\u015fma prosesi bar\u0259d\u0259 \u0259trafl\u0131 m\u0259lumatland\u0131r\u0131b. G\u00fcrc\u00fcstan\u0131n normalla\u015fma prosesin\u0259 verdiyi t\u00f6hf\u0259, 2022-ci ild\u0259n etibar\u0259n bir s\u0131ra g\u00f6r\u00fc\u015fl\u0259r\u0259 ev sahibliyi etm\u0259si m\u0259mnuniyy\u0259tl\u0259 xat\u0131rlan\u0131b. S\u00fclh prosesind\u0259 \u0259h\u0259miyy\u0259tli ir\u0259lil\u0259yi\u015f\u0259 baxmayaraq, Erm\u0259nistan Konstitusiyas\u0131nda Az\u0259rbaycan\u0131n \u0259razi b\u00fct\u00f6vl\u00fcy\u00fcn\u0259 qar\u015f\u0131 davam ed\u0259n \u0259razi iddialar\u0131n\u0131n yekun s\u00fclh sazi\u015finin imzalanmas\u0131 \u00fc\u00e7\u00fcn mane\u0259 olaraq qald\u0131\u011f\u0131 diqq\u0259t\u0259 \u00e7atd\u0131r\u0131l\u0131b. Ekspertl\u0259r\u0259 g\u00f6r\u0259, s\u00fclh sazi\u015finin pay\u0131zda v\u0259 Tiflisd\u0259 paraflanmas\u0131 Moskva, Br\u00fcssel v\u0259 Va\u015finqton aras\u0131nda h\u0259m balans qorunmu\u015f olacaq, h\u0259m d\u0259 bu g\u0259l\u0259c\u0259kd\u0259 s\u00fclh m\u00fcqavil\u0259sinin Tiflisd\u0259 imzalanmas\u0131na yol a\u00e7acaq, h\u0259tta \u201cQafqaz evi\u201d ideyas\u0131na \u0259lav\u0259 r\u0259ng qat\u0131lacaq v\u0259 \u00fc\u00e7 C\u0259nubi Qafqaz \u00f6lk\u0259sinin yeni \u0259m\u0259kda\u015fl\u0131q modelinin \u0259sas\u0131 qoyacaq.<\/p>\n<p>Az\u0259rbaycan Prezidenti G\u00fcrc\u00fcstana s\u0259f\u0259ri zaman\u0131 Tiflisin ev sahibliyi il\u0259 s\u00fclh\u00fcn \u0259ld\u0259 olunmas\u0131na pozitiv yana\u015fmas\u0131n\u0131 b\u0259yan etmi\u015fdi. Son zamanlar Bak\u0131-Tiflis \u0259laq\u0259l\u0259rinin y\u00fcks\u0259k s\u0259viyy\u0259d\u0259 olmas\u0131 da \u0259lav\u0259 imkanlar yarad\u0131r. Eyni zamanda G\u00fcrc\u00fcstan v\u0259 Erm\u0259nistan aras\u0131nda da m\u00fcnasib\u0259tl\u0259r normald\u0131r v\u0259 Tiflis neytral zona olaraq s\u00fclh m\u00fcqavil\u0259sinin imzalanmas\u0131 \u00fc\u00e7\u00fcn m\u0259kan ola bil\u0259r. B\u00fct\u00fcn bunlarla ba\u011fl\u0131 ekspertl\u0259rin fikirl\u0259ri nec\u0259dir? S\u00fclh m\u00fcqavil\u0259sinin paraflanmas\u0131 n\u0259 zaman m\u00fcmk\u00fcnd\u00fcr v\u0259 Tiflis imza \u00fcnvan\u0131 ola bil\u0259rmi?<\/p>\n<p><img src=\"https:\/\/stm.az\/frq-content\/storage\/news\/1620407115.9a4cb-sahib_mammadov.jpg\" alt=\"Sahib M\u0259mm\u0259dov:&quot; Erm\u0259nistana r\u0259hb\u0259rlik ed\u0259n v\u0259 m\u00fcharib\u0259 cinay\u0259ti t\u00f6r\u0259d\u0259n  h\u0259rbi\u00e7il\u0259rin m\u0259suliyy\u0259tin\u0259 dair&quot; - X\u0259b\u0259r\" \/><\/p>\n<p><strong>Sahib M\u0259mm\u0259dov<\/strong><\/p>\n<p><strong>Sosial T\u0259dqiqatlar M\u0259rk\u0259zinin icra\u00e7\u0131 direktoru, h\u00fcquq\u015f\u00fcnas Sahib M\u0259mm\u0259dov \u201cYeni M\u00fcsavat\u201da a\u00e7\u0131qlamas\u0131nda \u00f6nc\u0259 bildirdi ki, m\u00fcqavil\u0259 m\u0259tninin haz\u0131rlanmas\u0131 v\u0259 b\u0259ndl\u0259rin raz\u0131la\u015fd\u0131rlmas\u0131 prosesi uzun m\u00fcdd\u0259tdir davam edir. Ekspertin q\u0259na\u0259tinc\u0259, h\u0259r iki \u00f6lk\u0259 r\u0259smil\u0259rinin a\u00e7\u0131qlamalar\u0131 v\u0259 b\u0259yanatlar\u0131 da onu g\u00f6st\u0259rir ki, art\u0131q bu i\u015fl\u0259r ba\u015fa \u00e7at\u0131b:<\/strong>\u00a0\u201cAz\u0259rbaycan Prezidenti il\u0259 Erm\u0259nistan\u0131n ba\u015f nazirinin Abu-Dabi g\u00f6r\u00fc\u015f\u00fcnd\u0259n sonra ehtimal var ki, m\u0259tn \u015fifahi \u015f\u0259kild\u0259 raz\u0131la\u015fd\u0131r\u0131l\u0131b. \u018fslind\u0259 ikit\u0259r\u0259fli v\u0259 \u00e7oxt\u0259r\u0259fli beyn\u0259lxalq m\u00fcqavil\u0259l\u0259rin haz\u0131rlanmas\u0131 zaman\u0131 z\u0259ruri olan prosesl\u0259rin bir \u00e7oxu arxada qal\u0131b. \u018fsas m\u0259s\u0259l\u0259 m\u0259tnin \u015fifahi raz\u0131la\u015fd\u0131r\u0131lmas\u0131d\u0131r. Bundan sonra paraflama v\u0259 ya AD REFERENDUM (se\u00e7m\u0259 bizimdir-red.) imzalana bil\u0259r v\u0259 ya t\u0259r\u0259fl\u0259r m\u00fcqavil\u0259ni imzalayaraq, ratifikasiya \u00fc\u00e7\u00fcn qanunverici orqana t\u0259qdim ed\u0259 bil\u0259rl\u0259r\u201d.<\/p>\n<p>Bu yerd\u0259 izahat \u00fc\u00e7\u00fcn xat\u0131rladaq ki, \u201cAd referendum\u201d lat\u0131nca bir termindir v\u0259 m\u0259nas\u0131 \u201creferendum \u00fc\u00e7\u00fcn\u201d, \u201ct\u0259sdiq edilm\u0259k \u00fc\u00e7\u00fcn\u201d v\u0259 ya \u201ct\u0259sdiql\u0259nm\u0259y\u0259 tabe olan\u201d dem\u0259kdir. Diplomatik dan\u0131\u015f\u0131qlarda v\u0259 ya m\u00fcqavil\u0259l\u0259rd\u0259, n\u00fcmay\u0259nd\u0259l\u0259r m\u00fc\u0259yy\u0259n \u015f\u0259rtl\u0259ri t\u0259sdiql\u0259m\u0259k \u00fc\u00e7\u00fcn yuxar\u0131 orqanlar\u0131na m\u00fcraci\u0259t etm\u0259li olduqda, m\u00fcqavil\u0259 \u201cad referendum\u201d imzalan\u0131r. Bu, o dem\u0259kdir ki, m\u00fcqavil\u0259 h\u0259l\u0259 tam q\u00fcvv\u0259y\u0259 minm\u0259yib v\u0259 m\u00fcvafiq orqanlar\u0131n t\u0259sdiqini g\u00f6zl\u0259yir. Ba\u015fqa s\u00f6zl\u0259, bir \u015fey \u201cad referendum\u201d edildikd\u0259, bu, h\u0259l\u0259 tam q\u0259bul edilm\u0259mi\u015f v\u0259 ya yekunla\u015fmam\u0131\u015f, m\u00fc\u0259yy\u0259n bir t\u0259sdiq\u0259 ehtiyac\u0131 olan bir v\u0259ziyy\u0259tdir&#8230;<\/p>\n<p><strong>S.M\u0259mm\u0259dov \u0259lav\u0259 etdi ki, \u0259g\u0259r y\u00fcks\u0259k s\u0259viyy\u0259d\u0259 \u015fifahi raz\u0131la\u015fma varsa, h\u0259r iki variant m\u0259qbuldur:<\/strong>\u00a0\u201cO ki qald\u0131 paraflama v\u0259 imzalama hans\u0131 \u00f6lk\u0259d\u0259 olsa, daha yax\u015f\u0131d\u0131r sual\u0131na, m\u0259n fikirl\u0259\u015fir\u0259m ki, bu neytral \u00f6lk\u0259 olmal\u0131d\u0131r v\u0259 h\u0259min d\u00f6vl\u0259tin rolu yaln\u0131z platforma olmaqla m\u0259hdudla\u015fmal\u0131d\u0131r. Y\u0259ni paraflama v\u0259 imzalama prosesind\u0259 \u00fc\u00e7\u00fcnc\u00fc \u00f6lk\u0259nin i\u015ftirak\u0131 v\u0259 ya vasit\u0259\u00e7iliyin\u0259 ehtiyac yoxdur. Bu bax\u0131mdan Abu-Dabi, Tiflis, Astana v\u0259 ya dig\u0259r neytral \u00fcnvanlar m\u00fcqavil\u0259ni imzalamaq \u00fc\u00e7\u00fcn platforma ola bil\u0259r. S\u00fclh m\u00fcqavil\u0259sinin imzalanmas\u0131 \u00fc\u00e7\u00fcn bizim t\u0259r\u0259fin iki prinsipial t\u0259klifi v\u0259 ya \u015f\u0259rtini m\u00fcqavil\u0259 imzalanana q\u0259d\u0259r yerin\u0259 yetiril\u0259 bilmirs\u0259, o zaman m\u00fcqavil\u0259 qeyd-\u015f\u0259rtl\u0259 d\u0259 ba\u011flana bil\u0259r. M\u0259s\u0259l\u0259n, h\u0259min \u015f\u0259rtl\u0259r m\u00fcqavil\u0259 q\u00fcvv\u0259y\u0259 mindikd\u0259n iki il \u0259rzind\u0259 yerin\u0259 yetiril\u0259c\u0259kdir kimi bir qeyd-\u015f\u0259rt v\u0259 ya ba\u015fqa uy\u011fun \u015f\u0259kild\u0259 olmaqla. B\u00fct\u00fcn hallarda h\u0259m Az\u0259rbaycan, h\u0259m Erm\u0259nistan haz\u0131rk\u0131 \u0259lveri\u015fli m\u0259qamdan istifad\u0259 edib, s\u0259n\u0259di imzalasa v\u0259 ratifikasiya ets\u0259 yax\u015f\u0131 olar. M\u0259nc\u0259, biz t\u0259r\u0259fd\u0259n problem yoxdur\u201d.<\/p>\n<p><img src=\"https:\/\/cdn.globalinfo.az\/2024\/01\/mehemmed-esedullazadeee.jpg\" alt=\"Tramp m\u00fcharib\u0259 ba\u015flad\u0131r: &quot;d\u00f6y\u00fc\u015f&quot;d\u0259 Bak\u0131 da i\u015ftirak edir - Globalinfo.az\" \/><\/p>\n<p><strong>M\u0259h\u0259mm\u0259d \u018fs\u0259dullzad\u0259<\/strong><\/p>\n<p><strong>Siyasi \u015f\u0259rh\u00e7i M\u0259h\u0259mm\u0259d \u018fs\u0259dullzad\u0259 is\u0259 xat\u0131rlatd\u0131 ki, Erm\u0259nistanla Az\u0259rbaycan aras\u0131nda s\u00fclh m\u0259tnin raz\u0131la\u015fd\u0131r\u0131lmas\u0131 \u018fbu-Dabid\u0259 r\u0259sm\u0259n t\u0259sdiq edildi:<\/strong>\u00a0\u201c\u018fbu-Dabi g\u00f6r\u00fc\u015f\u00fc ikit\u0259r\u0259fli dan\u0131\u015f\u0131qlar\u0131n kulminasiyas\u0131 idi. H\u0259min g\u00f6r\u00fc\u015fd\u0259 t\u0259r\u0259fl\u0259r bununla s\u00fclh m\u00fcqavil\u0259sin\u0259 imza atacaq s\u0259viyy\u0259d\u0259 siyasi irad\u0259 ortaya qoydular. Nikol Pa\u015finyan \u00e7al\u0131\u015f\u0131r ki, se\u00e7kil\u0259r\u0259 kimi s\u00fclh m\u00fcqavil\u0259si ba\u011flans\u0131n. Amma s\u00fclh m\u00fcqavil\u0259si Az\u0259rbaycan\u0131n iki \u015f\u0259rtin\u0259 \u0259m\u0259l etdikd\u0259n sonra ba\u011flanacaq\u201d. Bununla bel\u0259, M.\u018fs\u0259dullazad\u0259 hesab edir ki, Erm\u0259nistan konstitusiya d\u0259yi\u015fikliyin\u0259 se\u00e7kil\u0259rd\u0259n sonra getm\u0259yi planla\u015fd\u0131r\u0131r: \u201cOna g\u00f6r\u0259 d\u0259 s\u00fclh m\u00fcqavil\u0259si yaln\u0131z g\u0259l\u0259n ilin ax\u0131r\u0131 ba\u011flana bil\u0259r. S\u00fclh m\u0259tnin paraflanmas\u0131 is\u0259 bu ilin ax\u0131r\u0131na kimi realla\u015fa bil\u0259r. \u00c7\u00fcnki, Nikol Pa\u015finyan da ist\u0259yir ki, se\u00e7kil\u0259r\u0259 kimi s\u00fclh prosesind\u0259 ir\u0259lil\u0259yi\u015f \u0259ld\u0259 etsin, daxild\u0259 publikaya \u201ds\u00fclh istiqam\u0259tind\u0259 ir\u0259lil\u0259yi\u015fl\u0259r var&#8221;, kimi s\u00f6zl\u0259r desin&#8221;. Bununla yana\u015f\u0131, ekspertin s\u00f6zl\u0259rin\u0259 g\u00f6r\u0259, haz\u0131rda Az\u0259rbaycanla Erm\u0259nistan aras\u0131nda m\u00fcnasib\u0259tl\u0259r m\u00fcharib\u0259 m\u00fcst\u0259visind\u0259 deyil: \u201c\u015e\u0259rti s\u0259rh\u0259dl\u0259r boyunca da at\u0259\u015fk\u0259s t\u0259min olunub. T\u0259bii ki, ilin ax\u0131r\u0131na kimi Tiflisd\u0259 s\u00fclh m\u0259tnin paraflanmas\u0131 iki \u00f6lk\u0259 aras\u0131nda ciddi ir\u0259lil\u0259yi\u015f olacaq. Y\u0259ni bu paraflanma Tiflisd\u0259 d\u0259 ba\u015f tuta bil\u0259r. D\u00fczd\u00fcr, AB\u015e v\u0259 Avropan\u0131n G\u00fcrc\u00fcstan h\u00f6kum\u0259tin\u0259 m\u00fcnasib\u0259ti yax\u015f\u0131 deyil. Buna baxmayaraq, Tiflisd\u0259 paraflanma ba\u015f tutarsa, \u00fc\u00e7 region \u00f6lk\u0259si aras\u0131nda siyasi \u0259laq\u0259l\u0259rin t\u0259m\u0259li qoyulacaq. Bu, g\u0259l\u0259c\u0259kd\u0259 yeni ittifaqa \u00e7evril\u0259 bil\u0259r. Az\u0259rbaycan\u0131n da plan\u0131 m\u0259hz bundan ibar\u0259tdir\u201d.<\/p>\n<p><strong>E.PA\u015eASOY,<\/strong><br \/>\n<strong>\u201cYeni M\u00fcsavat\u201d<\/strong><\/p>\n","protected":false},"excerpt":{"rendered":"<p>Siyasi ekspert: \u201cTiflisd\u0259 paraflanma ba\u015f tutarsa, bununla \u00fc\u00e7 region \u00f6lk\u0259si aras\u0131nda siyasi \u0259laq\u0259l\u0259rin t\u0259m\u0259li qoyulacaq\u201d Son g\u00fcnl\u0259r s\u00fclh m\u00fcqavil\u0259sinin paraflanmas\u0131ndan \u00e7ox dan\u0131\u015f\u0131l\u0131r. Erm\u0259nistan Az\u0259rbaycanla s\u00fclh s\u0259n\u0259dini paraflamaqla ba\u011fl\u0131 bir ne\u00e7\u0259 d\u0259f\u0259 m\u00f6vqe bildirib. El\u0259 son m\u0259tbuat konfrans\u0131nda Erm\u0259nistan\u0131n ba\u015f naziri Nikol Pa\u015finyan bildirib ki, Az\u0259rbaycanla s\u00fclh sazi\u015fi imzalanmam\u0131\u015fdan \u00f6nc\u0259 paraflana bil\u0259r, bu m\u0259s\u0259l\u0259 Bak\u0131 v\u0259 \u0130r\u0259van\u0131n m\u00fczakir\u0259 masas\u0131ndad\u0131r. Prezident Xank\u0259ndid\u0259ki media forumunda m\u0259s\u0259l\u0259 il\u0259 ba\u011fl\u0131 deyib: \u201cM\u0259tn paraflana bil\u0259r v\u0259 Az\u0259rbaycan t\u0259r\u0259fi art\u0131q \u018fbu-Dabid\u0259 bu t\u0259klifl\u0259 \u00e7\u0131x\u0131\u015f edib. Lakin bildiyiniz kimi, paraflanma he\u00e7 d\u0259 imzalanma dem\u0259k deyil. Y\u0259ni biri var&hellip;<\/p>\n","protected":false},"author":2,"featured_media":817349,"comment_status":"closed","ping_status":"closed","sticky":false,"template":"","format":"standard","meta":{"om_disable_all_campaigns":false,"_monsterinsights_skip_tracking":false,"_monsterinsights_sitenote_active":false,"_monsterinsights_sitenote_note":"","_monsterinsights_sitenote_category":0},"categories":[4],"tags":[],"aioseo_notices":[],"gutentor_comment":0,"rttpg_featured_image_url":{"full":["https:\/\/arantv.az\/wp-content\/uploads\/2025\/07\/73f54af020f854c3e3c4efa6d078ac91.jpg",870,500,false],"landscape":["https:\/\/arantv.az\/wp-content\/uploads\/2025\/07\/73f54af020f854c3e3c4efa6d078ac91.jpg",870,500,false],"portraits":["https:\/\/arantv.az\/wp-content\/uploads\/2025\/07\/73f54af020f854c3e3c4efa6d078ac91.jpg",870,500,false],"thumbnail":["https:\/\/arantv.az\/wp-content\/uploads\/2025\/07\/73f54af020f854c3e3c4efa6d078ac91-500x280.jpg",500,280,true],"medium":["https:\/\/arantv.az\/wp-content\/uploads\/2025\/07\/73f54af020f854c3e3c4efa6d078ac91-635x365.jpg",635,365,true],"large":["https:\/\/arantv.az\/wp-content\/uploads\/2025\/07\/73f54af020f854c3e3c4efa6d078ac91-840x483.jpg",640,368,true],"1536x1536":["https:\/\/arantv.az\/wp-content\/uploads\/2025\/07\/73f54af020f854c3e3c4efa6d078ac91.jpg",870,500,false],"2048x2048":["https:\/\/arantv.az\/wp-content\/uploads\/2025\/07\/73f54af020f854c3e3c4efa6d078ac91.jpg",870,500,false],"post-thumbnail":["https:\/\/arantv.az\/wp-content\/uploads\/2025\/07\/73f54af020f854c3e3c4efa6d078ac91-240x172.jpg",240,172,true],"advps-thumb-one":["https:\/\/arantv.az\/wp-content\/uploads\/2025\/07\/73f54af020f854c3e3c4efa6d078ac91.jpg",870,500,false]},"rttpg_author":{"display_name":"V\u00fcsal Rafiqo\u011flu","author_link":"https:\/\/arantv.az\/?author=2"},"rttpg_comment":0,"rttpg_category":"<a href=\"https:\/\/arantv.az\/?cat=4\" rel=\"category\">Siyas\u0259t<\/a>","rttpg_excerpt":"Siyasi ekspert: \u201cTiflisd\u0259 paraflanma ba\u015f tutarsa, bununla \u00fc\u00e7 region \u00f6lk\u0259si aras\u0131nda siyasi \u0259laq\u0259l\u0259rin t\u0259m\u0259li qoyulacaq\u201d Son g\u00fcnl\u0259r s\u00fclh m\u00fcqavil\u0259sinin paraflanmas\u0131ndan \u00e7ox dan\u0131\u015f\u0131l\u0131r. Erm\u0259nistan Az\u0259rbaycanla s\u00fclh s\u0259n\u0259dini paraflamaqla ba\u011fl\u0131 bir ne\u00e7\u0259 d\u0259f\u0259 m\u00f6vqe bildirib. El\u0259 son m\u0259tbuat konfrans\u0131nda Erm\u0259nistan\u0131n ba\u015f naziri Nikol Pa\u015finyan bildirib ki, Az\u0259rbaycanla s\u00fclh sazi\u015fi imzalanmam\u0131\u015fdan \u00f6nc\u0259 paraflana bil\u0259r, bu m\u0259s\u0259l\u0259 Bak\u0131 v\u0259&hellip;","_links":{"self":[{"href":"https:\/\/arantv.az\/index.php?rest_route=\/wp\/v2\/posts\/817348"}],"collection":[{"href":"https:\/\/arantv.az\/index.php?rest_route=\/wp\/v2\/posts"}],"about":[{"href":"https:\/\/arantv.az\/index.php?rest_route=\/wp\/v2\/types\/post"}],"author":[{"embeddable":true,"href":"https:\/\/arantv.az\/index.php?rest_route=\/wp\/v2\/users\/2"}],"replies":[{"embeddable":true,"href":"https:\/\/arantv.az\/index.php?rest_route=%2Fwp%2Fv2%2Fcomments&post=817348"}],"version-history":[{"count":1,"href":"https:\/\/arantv.az\/index.php?rest_route=\/wp\/v2\/posts\/817348\/revisions"}],"predecessor-version":[{"id":817350,"href":"https:\/\/arantv.az\/index.php?rest_route=\/wp\/v2\/posts\/817348\/revisions\/817350"}],"wp:featuredmedia":[{"embeddable":true,"href":"https:\/\/arantv.az\/index.php?rest_route=\/wp\/v2\/media\/817349"}],"wp:attachment":[{"href":"https:\/\/arantv.az\/index.php?rest_route=%2Fwp%2Fv2%2Fmedia&parent=817348"}],"wp:term":[{"taxonomy":"category","embeddable":true,"href":"https:\/\/arantv.az\/index.php?rest_route=%2Fwp%2Fv2%2Fcategories&post=817348"},{"taxonomy":"post_tag","embeddable":true,"href":"https:\/\/arantv.az\/index.php?rest_route=%2Fwp%2Fv2%2Ftags&post=817348"}],"curies":[{"name":"wp","href":"https:\/\/api.w.org\/{rel}","templated":true}]}}