{"id":817412,"date":"2025-07-24T14:39:04","date_gmt":"2025-07-24T10:39:04","guid":{"rendered":"https:\/\/arantv.az\/?p=817412"},"modified":"2025-07-24T14:39:04","modified_gmt":"2025-07-24T10:39:04","slug":"xank%c9%99ndid%c9%99-deyil%c9%99n-sozl%c9%99r-vasinqtonda-paylasilir-az%c9%99rbaycan-geosiyas%c9%99tin-on-c%c9%99bh%c9%99sind%c9%99dir","status":"publish","type":"post","link":"https:\/\/arantv.az\/?p=817412","title":{"rendered":"Xank\u0259ndid\u0259 deyil\u0259n s\u00f6zl\u0259r Va\u015finqtonda payla\u015f\u0131l\u0131r \u2013 Az\u0259rbaycan geosiyas\u0259tin \u00f6n c\u0259bh\u0259sind\u0259dir"},"content":{"rendered":"<p><strong><em>19 iyul beyn\u0259lxalq m\u00fcnasib\u0259tl\u0259r sisteminin g\u00fcnd\u0259liyin\u0259 art\u0131q daxil olmu\u015f \u00f6n\u0259mli bir tarixdir. M\u0259hz bu tarixd\u0259 Xank\u0259ndid\u0259 \u201cR\u0259q\u0259msal ke\u00e7idl\u0259r: S\u00fcni intellekt d\u00f6vr\u00fcnd\u0259 informasiya v\u0259 media dayan\u0131ql\u0131l\u0131\u011f\u0131n\u0131n g\u00fccl\u0259ndirilm\u0259si\u201d m\u00f6vzusunda III \u015eu\u015fa Qlobal Media Forumu ke\u00e7irilmi\u015fdir. Forumun ke\u00e7irilm\u0259 tarixi bizd\u0259n s\u00fcr\u0259tl\u0259 uzaqla\u015f\u0131r, lakin t\u0259dbirin beyn\u0259lxalq s\u0259das\u0131 h\u0259l\u0259 d\u0259 d\u00fcnyan\u0131n m\u00fch\u00fcm siyasi d\u0259hlizl\u0259rind\u0259 e\u015fidilm\u0259kd\u0259dir. Az\u0259rbaycan Respublikas\u0131n\u0131n Prezidenti \u0130lham \u018fliyev t\u0259r\u0259find\u0259n t\u0259dbir zaman\u0131 s\u0259sl\u0259ndirilmi\u015f fikirl\u0259r beyn\u0259lxalq beyin m\u0259rk\u0259zl\u0259rind\u0259 t\u0259hlil olunur, m\u00fcxt\u0259lif m\u00fclahiz\u0259l\u0259r v\u0259 hipotezl\u0259r ir\u0259li s\u00fcr\u00fcl\u00fcr. Sanki d\u00f6vl\u0259t ba\u015f\u00e7\u0131s\u0131 beyn\u0259lxalq ictimaiyy\u0259t \u00fc\u00e7\u00fcn bir tapmaca s\u00f6yl\u0259mi\u015f v\u0259 indi b\u00fct\u00fcn d\u00fcnya onun cavab\u0131n\u0131n axtar\u0131\u015f\u0131ndad\u0131r. \u018fslind\u0259, beyn\u0259lxalq ictimaiyy\u0259tinin t\u0259f\u0259kk\u00fcr\u00fcnd\u0259 yeni geosiyasi reall\u0131qdan qaynaqlanan yeni siyasi stereotipl\u0259r d\u0259 m\u0259hz bu metodlarla formala\u015fd\u0131r\u0131l\u0131r.<\/em><\/strong><\/p>\n<p>B\u0259li, m\u00fcxt\u0259lif m\u00fclahiz\u0259l\u0259r ir\u0259li s\u00fcr\u00fcl\u0259 bil\u0259r, lakin bir amil geosiyasi aksiom kimi q\u0259bul olunmal\u0131d\u0131r ki, Az\u0259rbaycan art\u0131q qlobal siyas\u0259tin i\u00e7ind\u0259dir. Prezident \u0130lham \u018fliyevin Xank\u0259ndid\u0259 Forum zaman\u0131 s\u0259sl\u0259ndirdiyi fikirl\u0259rinin AB\u015e Prezidenti Donald Tramp t\u0259r\u0259find\u0259n r\u0259smi \u201cTruth Social\u201d hesab\u0131nda payla\u015fmas\u0131 fakt\u0131 da qeyd etdiyimiz t\u0259sbitin sad\u0259c\u0259 n\u00f6vb\u0259ti t\u0259zah\u00fcr\u00fcd\u00fcr. S\u00f6z\u00fcged\u0259n fakt art\u0131q \u00f6zl\u00fcy\u00fcnd\u0259 c\u0259nab Prezidentin, xalq\u0131m\u0131z\u0131n v\u0259 d\u00f6vl\u0259timizin n\u00f6vb\u0259ti beyn\u0259lxalq u\u011furudur. He\u00e7 \u015f\u00fcbh\u0259siz ki, b\u0259hs etdiyimiz bu hadis\u0259 m\u00fctl\u0259q olaraq d\u00f6vl\u0259timizin beyn\u0259lxalq \u00e7\u0259kisini d\u0259 art\u0131racaqd\u0131r. AB\u015e Prezidentinin s\u00f6z\u00fcged\u0259n jesti eyni zamanda m\u00fc\u0259llifi Az\u0259rbaycan xalq\u0131 olan yeni reall\u0131\u011f\u0131n\u0131n da bir n\u00f6v etiraf\u0131d\u0131r.<\/p>\n<p><img src=\"https:\/\/ikisahil.az\/upload\/\/2025\/07\/24\/\/-5de8a360175335261014256994010674375.jpg\" alt=\"\" \/><\/p>\n<p>Beyn\u0259lxalq ictimaiyy\u0259tin, o c\u00fcml\u0259d\u0259n AB\u015e Prezidentinin t\u0259dbir il\u0259 \u0259laq\u0259dar dem\u0259k olar ki, d\u0259rhal verilmi\u015f reaksiyalar\u0131 biz\u0259 bir \u00e7ox m\u0259s\u0259l\u0259l\u0259rd\u0259n x\u0259b\u0259r verir: region diqq\u0259t m\u0259rk\u0259zind\u0259dir, region u\u011frunda geosiyasi m\u00fcbariz\u0259 davam edir, Az\u0259rbaycan\u0131n beyn\u0259lxalq statusu durmadan art\u0131r, region il\u0259 ba\u011fl\u0131 olan layih\u0259l\u0259rd\u0259 \u201cAz\u0259rbaycan\u201d faktorunu art\u0131q n\u0259z\u0259rd\u0259n qa\u00e7\u0131r\u0131la bilm\u0259z, \u00f6lk\u0259mizin artan g\u00fcc\u00fc kiml\u0259rd\u0259s\u0259 q\u0131c\u0131q yarad\u0131r, beyn\u0259lxalq ictimaiyy\u0259t regionda formala\u015fm\u0131\u015f yeni reall\u0131\u011f\u0131 q\u0259bul etm\u0259k m\u0259cburiyy\u0259tind\u0259dir v\u0259, n\u0259hay\u0259t, ba\u015f ver\u0259nl\u0259r ona i\u015far\u0259 edir ki, biz formala\u015fan yeni reall\u0131\u011f\u0131n\u0131n art\u0131q n\u00f6vb\u0259ti m\u0259rh\u0259l\u0259sinin astanas\u0131nday\u0131q.<\/p>\n<p>M\u00f6vcud kontekstin inki\u015faf\u0131nda m\u00fctl\u0259q olaraq Prezident \u0130lham \u018fliyevin beyn\u0259lxalq al\u0259md\u0259 artan \u015f\u0259xsi n\u00fcfuzundan da b\u0259hs edilm\u0259lidir. Prezidentin \u201cQalib xalq\u0131n qalib lideri\u201d statusu bir \u00e7ox d\u00f6vl\u0259t ba\u015f\u00e7\u0131lar \u00fc\u00e7\u00fcn \u0259l\u00e7atmaz arzudur. \u018flb\u0259tt\u0259 ki, Prezidentin s\u00f6z\u00fcged\u0259n statusu yeni reall\u0131\u011f\u0131n \u00f6n\u0259mli v\u0259 ayr\u0131lmaz komponentl\u0259rind\u0259n biridir.<\/p>\n<p><img src=\"https:\/\/ikisahil.az\/upload\/\/2025\/07\/24\/\/-0f3d014e175335265640675521910152866.jpg\" alt=\"\" \/><\/p>\n<p>B\u00fct\u00fcn bunlar\u0131n, o c\u00fcml\u0259d\u0259n beyn\u0259lxalq ictimaiyy\u0259t t\u0259r\u0259find\u0259n t\u0259dbir il\u0259 \u0259laq\u0259dar verilmi\u015f m\u00fcsb\u0259t v\u0259 \u00e7evik reaksiyalar\u0131n f\u0259rqind\u0259 olan siyasi yaramazlar\u0131m\u0131z is\u0259 d\u00fczg\u00fcn n\u0259tic\u0259 \u00e7\u0131xarmaq \u0259v\u0259zin\u0259, t\u0259la\u015f i\u00e7ind\u0259 \u00f6zl\u0259rin\u0259 yeni \u201c\u0259cn\u0259binskiy\u201d kuratorlar\u0131n\u0131n axtar\u0131\u015f\u0131na \u00e7\u0131x\u0131blar. \u00d6zl\u0259rind\u0259 d\u0259yi\u015fm\u0259k \u00fc\u00e7\u00fcn g\u00fcc tapmayan bo\u015fbo\u011faz demaqoqlar h\u0259r zaman oldu\u011fu kimi t\u0259xribat v\u0259 intriqalara \u00fcst\u00fcnl\u00fck verirl\u0259r. \u018fn ac\u0131nacaql\u0131s\u0131 is\u0259 budur ki, onlar etdikl\u0259ri t\u0259xribatlardan z\u00f6vq al\u0131rlar. Bu is\u0259 art\u0131q psixoloji anomaliyad\u0131r. Burada adekvatl\u0131q v\u0259 xo\u015f niyy\u0259td\u0259n s\u00f6hb\u0259t ged\u0259 bilm\u0259z.<\/p>\n<p>M\u00f6vcud v\u0259ziyy\u0259td\u0259 \u015f\u0259rq v\u0259 q\u0259rbd\u0259n, \u015fimal v\u0259 c\u0259nubdan \u00fcmidl\u0259ri \u00fcz\u00fclm\u00fc\u015f bu bizim siyasi yaramazlar\u0131m\u0131z sanki binada b\u00f6y\u00fck alov yaratmaq \u00fcmidi il\u0259 evin bir k\u00fcnc\u00fcnd\u0259 s\u0131x\u0131lm\u0131\u015f v\u0259 kibrit qutusu il\u0259 oynayan m\u0259suliyy\u0259tsiz xuliqanlara b\u0259nz\u0259yirl\u0259r. Radikal t\u0259f\u0259kk\u00fcr v\u0259 m\u0259suliyy\u0259t hissi bir-birini t\u0259kzib ed\u0259n anlay\u0131\u015flard\u0131r.<\/p>\n<p>M\u0259hz buna g\u00f6r\u0259 d\u0259 Prezident \u0130lham \u018fliyevin siyasi ritorikas\u0131nda \u201cm\u0259suliyy\u0259t\u201d m\u0259fhumunu h\u0259r zaman e\u015fitm\u0259k m\u00fcmk\u00fcnd\u00fcr. Prezidentin s\u00f6z\u00fcged\u0259n Forumdak\u0131 \u00e7\u0131x\u0131\u015f\u0131 da istisna t\u0259\u015fkil etmir: \u201cM\u0259s\u0259l\u0259 ondad\u0131r ki, bizd\u0259n \u0259vv\u0259l ya\u015fam\u0131\u015f n\u0259sill\u0259r v\u0259 bizd\u0259n sonra ya\u015fayacaq n\u0259sill\u0259r qar\u015f\u0131s\u0131nda m\u0259suliyy\u0259t hiss etm\u0259liyik.\u201d G\u0259l\u0259c\u0259k n\u0259sill\u0259rinin xo\u015fb\u0259xtliyi namin\u0259 m\u0259suliyy\u0259t\u0259 \u00e7a\u011f\u0131r\u0131\u015f yaln\u0131z b\u00f6y\u00fck v\u0259 s\u00fclhsev\u0259r siyas\u0259tinin \u0259lam\u0259ti ola bil\u0259r.<\/p>\n<p><img src=\"https:\/\/ikisahil.az\/upload\/\/2025\/07\/24\/\/-5607fe88175335272296868163310786293.jpg\" alt=\"\" \/><\/p>\n<p>\u018flb\u0259tt\u0259 ki, qlobal siyas\u0259t\u0259 q\u0259d\u0259ml\u0259rini atan v\u0259 d\u00fcnyan\u0131n siyasi x\u0259rit\u0259sind\u0259 statusunu d\u0259yi\u015fdirmi\u015f d\u00f6vl\u0259t \u00f6z siyasi co\u011frafiyas\u0131 il\u0259 ba\u011fl\u0131 konseptual bax\u0131\u015flar\u0131na malik olmal\u0131d\u0131r. Bu m\u0259nada Prezident \u0130lham \u018fliyevin n\u00f6vb\u0259ti fikri kifay\u0259t q\u0259d\u0259r \u0259lam\u0259tdar m\u0259naya malikdir: \u201c\u00c7\u00fcnki siz co\u011frafiyan\u0131 d\u0259yi\u015f\u0259 bilm\u0259zsiniz. Amma co\u011frafiya he\u00e7 d\u0259 h\u0259r zaman o dem\u0259k deyil ki, co\u011frafi m\u00f6vqeyiniz siz\u0259 t\u0259r\u0259qqi g\u0259tir\u0259c\u0259kdir. Siz co\u011frafiyan\u0131zdan yax\u015f\u0131 m\u0259qs\u0259dl\u0259r \u00fc\u00e7\u00fcn istifad\u0259 etm\u0259lisiniz.\u201d Prezidentin Az\u0259rbaycan\u0131 qlobal xab\u0131n ayr\u0131lmaz par\u00e7as\u0131na \u00e7evrilm\u0259k istiqam\u0131tind\u0259ki t\u0259\u015f\u0259bb\u00fcsl\u0259ri d\u0259 m\u0259hz bu konseptual yana\u015fman\u0131n davam\u0131d\u0131r.<\/p>\n<p>Odur ki, qeyd olunan amill\u0259r, habel\u0259 d\u00fcnyada c\u0259r\u0259yan ed\u0259n aqressiv tendensiyalar qlobal siyas\u0259t kontekstind\u0259 c\u0259miyy\u0259tin siyasi-ictimai t\u0259f\u0259kk\u00fcr\u00fcnd\u0259 \u201c\u0259yal\u0259t\u201d paradiqmas\u0131ndan imtina olunmas\u0131n\u0131 z\u0259ruri edir. Bu m\u0259s\u0259l\u0259d\u0259 is\u0259 siyasi maarifl\u0259ndirm\u0259nin rolu dan\u0131lmazd\u0131r.<\/p>\n<p><em><strong>Asif Adil,<br \/>\npolitoloq<\/strong><\/em><\/p>\n","protected":false},"excerpt":{"rendered":"<p>19 iyul beyn\u0259lxalq m\u00fcnasib\u0259tl\u0259r sisteminin g\u00fcnd\u0259liyin\u0259 art\u0131q daxil olmu\u015f \u00f6n\u0259mli bir tarixdir. M\u0259hz bu tarixd\u0259 Xank\u0259ndid\u0259 \u201cR\u0259q\u0259msal ke\u00e7idl\u0259r: S\u00fcni intellekt d\u00f6vr\u00fcnd\u0259 informasiya v\u0259 media dayan\u0131ql\u0131l\u0131\u011f\u0131n\u0131n g\u00fccl\u0259ndirilm\u0259si\u201d m\u00f6vzusunda III \u015eu\u015fa Qlobal Media Forumu ke\u00e7irilmi\u015fdir. Forumun ke\u00e7irilm\u0259 tarixi bizd\u0259n s\u00fcr\u0259tl\u0259 uzaqla\u015f\u0131r, lakin t\u0259dbirin beyn\u0259lxalq s\u0259das\u0131 h\u0259l\u0259 d\u0259 d\u00fcnyan\u0131n m\u00fch\u00fcm siyasi d\u0259hlizl\u0259rind\u0259 e\u015fidilm\u0259kd\u0259dir. Az\u0259rbaycan Respublikas\u0131n\u0131n Prezidenti \u0130lham \u018fliyev t\u0259r\u0259find\u0259n t\u0259dbir zaman\u0131 s\u0259sl\u0259ndirilmi\u015f fikirl\u0259r beyn\u0259lxalq beyin m\u0259rk\u0259zl\u0259rind\u0259 t\u0259hlil olunur, m\u00fcxt\u0259lif m\u00fclahiz\u0259l\u0259r v\u0259 hipotezl\u0259r ir\u0259li s\u00fcr\u00fcl\u00fcr. Sanki d\u00f6vl\u0259t ba\u015f\u00e7\u0131s\u0131 beyn\u0259lxalq ictimaiyy\u0259t \u00fc\u00e7\u00fcn bir tapmaca s\u00f6yl\u0259mi\u015f v\u0259 indi b\u00fct\u00fcn d\u00fcnya onun cavab\u0131n\u0131n axtar\u0131\u015f\u0131ndad\u0131r. \u018fslind\u0259, beyn\u0259lxalq ictimaiyy\u0259tinin&hellip;<\/p>\n","protected":false},"author":2,"featured_media":817413,"comment_status":"closed","ping_status":"closed","sticky":false,"template":"","format":"standard","meta":{"om_disable_all_campaigns":false,"_monsterinsights_skip_tracking":false,"_monsterinsights_sitenote_active":false,"_monsterinsights_sitenote_note":"","_monsterinsights_sitenote_category":0},"categories":[19],"tags":[],"aioseo_notices":[],"gutentor_comment":0,"rttpg_featured_image_url":{"full":["https:\/\/arantv.az\/wp-content\/uploads\/2025\/07\/0e1bacf0175298949923776611510322920-2.jpg",975,540,false],"landscape":["https:\/\/arantv.az\/wp-content\/uploads\/2025\/07\/0e1bacf0175298949923776611510322920-2.jpg",975,540,false],"portraits":["https:\/\/arantv.az\/wp-content\/uploads\/2025\/07\/0e1bacf0175298949923776611510322920-2.jpg",975,540,false],"thumbnail":["https:\/\/arantv.az\/wp-content\/uploads\/2025\/07\/0e1bacf0175298949923776611510322920-2-500x280.jpg",500,280,true],"medium":["https:\/\/arantv.az\/wp-content\/uploads\/2025\/07\/0e1bacf0175298949923776611510322920-2-660x365.jpg",660,365,true],"large":["https:\/\/arantv.az\/wp-content\/uploads\/2025\/07\/0e1bacf0175298949923776611510322920-2-840x465.jpg",640,354,true],"1536x1536":["https:\/\/arantv.az\/wp-content\/uploads\/2025\/07\/0e1bacf0175298949923776611510322920-2.jpg",975,540,false],"2048x2048":["https:\/\/arantv.az\/wp-content\/uploads\/2025\/07\/0e1bacf0175298949923776611510322920-2.jpg",975,540,false],"post-thumbnail":["https:\/\/arantv.az\/wp-content\/uploads\/2025\/07\/0e1bacf0175298949923776611510322920-2-240x172.jpg",240,172,true],"advps-thumb-one":["https:\/\/arantv.az\/wp-content\/uploads\/2025\/07\/0e1bacf0175298949923776611510322920-2.jpg",975,540,false]},"rttpg_author":{"display_name":"V\u00fcsal Rafiqo\u011flu","author_link":"https:\/\/arantv.az\/?author=2"},"rttpg_comment":0,"rttpg_category":"<a href=\"https:\/\/arantv.az\/?cat=19\" rel=\"category\">G\u00fcnd\u0259m<\/a>","rttpg_excerpt":"19 iyul beyn\u0259lxalq m\u00fcnasib\u0259tl\u0259r sisteminin g\u00fcnd\u0259liyin\u0259 art\u0131q daxil olmu\u015f \u00f6n\u0259mli bir tarixdir. M\u0259hz bu tarixd\u0259 Xank\u0259ndid\u0259 \u201cR\u0259q\u0259msal ke\u00e7idl\u0259r: S\u00fcni intellekt d\u00f6vr\u00fcnd\u0259 informasiya v\u0259 media dayan\u0131ql\u0131l\u0131\u011f\u0131n\u0131n g\u00fccl\u0259ndirilm\u0259si\u201d m\u00f6vzusunda III \u015eu\u015fa Qlobal Media Forumu ke\u00e7irilmi\u015fdir. Forumun ke\u00e7irilm\u0259 tarixi bizd\u0259n s\u00fcr\u0259tl\u0259 uzaqla\u015f\u0131r, lakin t\u0259dbirin beyn\u0259lxalq s\u0259das\u0131 h\u0259l\u0259 d\u0259 d\u00fcnyan\u0131n m\u00fch\u00fcm siyasi d\u0259hlizl\u0259rind\u0259 e\u015fidilm\u0259kd\u0259dir. Az\u0259rbaycan Respublikas\u0131n\u0131n Prezidenti \u0130lham \u018fliyev&hellip;","_links":{"self":[{"href":"https:\/\/arantv.az\/index.php?rest_route=\/wp\/v2\/posts\/817412"}],"collection":[{"href":"https:\/\/arantv.az\/index.php?rest_route=\/wp\/v2\/posts"}],"about":[{"href":"https:\/\/arantv.az\/index.php?rest_route=\/wp\/v2\/types\/post"}],"author":[{"embeddable":true,"href":"https:\/\/arantv.az\/index.php?rest_route=\/wp\/v2\/users\/2"}],"replies":[{"embeddable":true,"href":"https:\/\/arantv.az\/index.php?rest_route=%2Fwp%2Fv2%2Fcomments&post=817412"}],"version-history":[{"count":1,"href":"https:\/\/arantv.az\/index.php?rest_route=\/wp\/v2\/posts\/817412\/revisions"}],"predecessor-version":[{"id":817414,"href":"https:\/\/arantv.az\/index.php?rest_route=\/wp\/v2\/posts\/817412\/revisions\/817414"}],"wp:featuredmedia":[{"embeddable":true,"href":"https:\/\/arantv.az\/index.php?rest_route=\/wp\/v2\/media\/817413"}],"wp:attachment":[{"href":"https:\/\/arantv.az\/index.php?rest_route=%2Fwp%2Fv2%2Fmedia&parent=817412"}],"wp:term":[{"taxonomy":"category","embeddable":true,"href":"https:\/\/arantv.az\/index.php?rest_route=%2Fwp%2Fv2%2Fcategories&post=817412"},{"taxonomy":"post_tag","embeddable":true,"href":"https:\/\/arantv.az\/index.php?rest_route=%2Fwp%2Fv2%2Ftags&post=817412"}],"curies":[{"name":"wp","href":"https:\/\/api.w.org\/{rel}","templated":true}]}}