{"id":81742,"date":"2019-09-27T08:32:39","date_gmt":"2019-09-27T05:32:39","guid":{"rendered":"http:\/\/arantv.az\/?p=81742"},"modified":"2019-09-27T08:32:39","modified_gmt":"2019-09-27T05:32:39","slug":"c%c9%99mil-yeni-sirk%c9%99td%c9%99-calisacaq","status":"publish","type":"post","link":"https:\/\/arantv.az\/?p=81742","title":{"rendered":"C\u0259mil yeni \u015firk\u0259td\u0259 \u00e7al\u0131\u015facaq"},"content":{"rendered":"<p>G\u0259nc az\u0259rbaycanl\u0131 m\u00fc\u011f\u0259nni C\u0259mil yeni \u015firk\u0259tl\u0259 \u0259m\u0259kda\u015fl\u0131\u011fa ba\u015flayacaq. M\u00fc\u011f\u0259nni <strong>ARANTV.AZ<\/strong>-a bildirib ki, art\u0131q Tarkan v\u0259 Ajda Pekkan kimi m\u00fc\u011f\u0259nnil\u0259rin komandalar\u0131 onun haqq\u0131nda bilirl\u0259r v\u0259 g\u0259l\u0259c\u0259kd\u0259 onlarla \u0259m\u0259kda\u015fl\u0131q ed\u0259c\u0259k. &#8220;M\u0259nim planlar\u0131m d\u0259rhal deyil, bir ne\u00e7\u0259 ilin \u0259rzind\u0259 realla\u015facaq. \u0130ndi T\u00fcrkiy\u0259 tama\u015fa\u00e7\u0131lar\u0131na Az\u0259rbaycan dilind\u0259 hit mahn\u0131lar\u0131mdan birini t\u0259qdim etm\u0259k niyy\u0259tind\u0259y\u0259m. Sad\u0259c\u0259 onlar\u0131n s\u00f6zl\u0259ri d\u0259yi\u015f\u0259c\u0259k. Mahn\u0131n\u0131n ad\u0131n\u0131 dem\u0259k ist\u0259mir\u0259m, qoy s\u00fcrpriz olsun. M\u0259n\u0259 el\u0259 g\u0259lir ki, yenid\u0259n do\u011fulmu\u015fam v\u0259 pill\u0259l\u0259rl\u0259 qalx\u0131ram. T\u00fcrk dilind\u0259 oxumal\u0131yam ki, tama\u015fa\u00e7\u0131lar\u0131n z\u00f6vq\u00fcn\u0259 cavab ver\u0259 bilim. Verili\u015fl\u0259r\u0259 \u00e7\u0131xanda \u00f6z mahn\u0131lar\u0131m\u0131z\u0131 da ifa ed\u0259c\u0259m&#8221;, &#8211; o \u0259lav\u0259 edib.<\/p>\n<p>&nbsp;<\/p>\n","protected":false},"excerpt":{"rendered":"<p>G\u0259nc az\u0259rbaycanl\u0131 m\u00fc\u011f\u0259nni C\u0259mil yeni \u015firk\u0259tl\u0259 \u0259m\u0259kda\u015fl\u0131\u011fa ba\u015flayacaq. M\u00fc\u011f\u0259nni ARANTV.AZ-a bildirib ki, art\u0131q Tarkan v\u0259 Ajda Pekkan kimi m\u00fc\u011f\u0259nnil\u0259rin komandalar\u0131 onun haqq\u0131nda bilirl\u0259r v\u0259 g\u0259l\u0259c\u0259kd\u0259 onlarla \u0259m\u0259kda\u015fl\u0131q ed\u0259c\u0259k. &#8220;M\u0259nim planlar\u0131m d\u0259rhal deyil, bir ne\u00e7\u0259 ilin \u0259rzind\u0259 realla\u015facaq. \u0130ndi T\u00fcrkiy\u0259 tama\u015fa\u00e7\u0131lar\u0131na Az\u0259rbaycan dilind\u0259 hit mahn\u0131lar\u0131mdan birini t\u0259qdim etm\u0259k niyy\u0259tind\u0259y\u0259m. Sad\u0259c\u0259 onlar\u0131n s\u00f6zl\u0259ri d\u0259yi\u015f\u0259c\u0259k. Mahn\u0131n\u0131n ad\u0131n\u0131 dem\u0259k ist\u0259mir\u0259m, qoy s\u00fcrpriz olsun. M\u0259n\u0259 el\u0259 g\u0259lir ki, yenid\u0259n do\u011fulmu\u015fam v\u0259 pill\u0259l\u0259rl\u0259 qalx\u0131ram. T\u00fcrk dilind\u0259 oxumal\u0131yam ki, tama\u015fa\u00e7\u0131lar\u0131n z\u00f6vq\u00fcn\u0259 cavab ver\u0259 bilim. Verili\u015fl\u0259r\u0259 \u00e7\u0131xanda \u00f6z mahn\u0131lar\u0131m\u0131z\u0131 da ifa ed\u0259c\u0259m&#8221;, &#8211; o \u0259lav\u0259 edib. &nbsp;<\/p>\n","protected":false},"author":2,"featured_media":81743,"comment_status":"closed","ping_status":"closed","sticky":false,"template":"","format":"standard","meta":{"om_disable_all_campaigns":false,"_monsterinsights_skip_tracking":false,"_monsterinsights_sitenote_active":false,"_monsterinsights_sitenote_note":"","_monsterinsights_sitenote_category":0},"categories":[20],"tags":[],"aioseo_notices":[],"gutentor_comment":0,"rttpg_featured_image_url":{"full":["https:\/\/arantv.az\/wp-content\/uploads\/2019\/09\/48364108_1977020869042399_8589585179230601216_n-1.jpg",2048,1365,false],"landscape":["https:\/\/arantv.az\/wp-content\/uploads\/2019\/09\/48364108_1977020869042399_8589585179230601216_n-1.jpg",2048,1365,false],"portraits":["https:\/\/arantv.az\/wp-content\/uploads\/2019\/09\/48364108_1977020869042399_8589585179230601216_n-1.jpg",2048,1365,false],"thumbnail":["https:\/\/arantv.az\/wp-content\/uploads\/2019\/09\/48364108_1977020869042399_8589585179230601216_n-1-150x150.jpg",150,150,true],"medium":["https:\/\/arantv.az\/wp-content\/uploads\/2019\/09\/48364108_1977020869042399_8589585179230601216_n-1-300x200.jpg",300,200,true],"large":["https:\/\/arantv.az\/wp-content\/uploads\/2019\/09\/48364108_1977020869042399_8589585179230601216_n-1-1024x683.jpg",640,427,true],"1536x1536":["https:\/\/arantv.az\/wp-content\/uploads\/2019\/09\/48364108_1977020869042399_8589585179230601216_n-1.jpg",1536,1024,false],"2048x2048":["https:\/\/arantv.az\/wp-content\/uploads\/2019\/09\/48364108_1977020869042399_8589585179230601216_n-1.jpg",2048,1365,false],"post-thumbnail":["https:\/\/arantv.az\/wp-content\/uploads\/2019\/09\/48364108_1977020869042399_8589585179230601216_n-1-240x172.jpg",240,172,true],"advps-thumb-one":["https:\/\/arantv.az\/wp-content\/uploads\/2019\/09\/48364108_1977020869042399_8589585179230601216_n-1-1200x620.jpg",1200,620,true]},"rttpg_author":{"display_name":"V\u00fcsal Rafiqo\u011flu","author_link":"https:\/\/arantv.az\/?author=2"},"rttpg_comment":0,"rttpg_category":"<a href=\"https:\/\/arantv.az\/?cat=20\" rel=\"category\">\u015eou biznes<\/a>","rttpg_excerpt":"G\u0259nc az\u0259rbaycanl\u0131 m\u00fc\u011f\u0259nni C\u0259mil yeni \u015firk\u0259tl\u0259 \u0259m\u0259kda\u015fl\u0131\u011fa ba\u015flayacaq. M\u00fc\u011f\u0259nni ARANTV.AZ-a bildirib ki, art\u0131q Tarkan v\u0259 Ajda Pekkan kimi m\u00fc\u011f\u0259nnil\u0259rin komandalar\u0131 onun haqq\u0131nda bilirl\u0259r v\u0259 g\u0259l\u0259c\u0259kd\u0259 onlarla \u0259m\u0259kda\u015fl\u0131q ed\u0259c\u0259k. &#8220;M\u0259nim planlar\u0131m d\u0259rhal deyil, bir ne\u00e7\u0259 ilin \u0259rzind\u0259 realla\u015facaq. \u0130ndi T\u00fcrkiy\u0259 tama\u015fa\u00e7\u0131lar\u0131na Az\u0259rbaycan dilind\u0259 hit mahn\u0131lar\u0131mdan birini t\u0259qdim etm\u0259k niyy\u0259tind\u0259y\u0259m. Sad\u0259c\u0259 onlar\u0131n s\u00f6zl\u0259ri d\u0259yi\u015f\u0259c\u0259k. Mahn\u0131n\u0131n ad\u0131n\u0131 dem\u0259k&hellip;","_links":{"self":[{"href":"https:\/\/arantv.az\/index.php?rest_route=\/wp\/v2\/posts\/81742"}],"collection":[{"href":"https:\/\/arantv.az\/index.php?rest_route=\/wp\/v2\/posts"}],"about":[{"href":"https:\/\/arantv.az\/index.php?rest_route=\/wp\/v2\/types\/post"}],"author":[{"embeddable":true,"href":"https:\/\/arantv.az\/index.php?rest_route=\/wp\/v2\/users\/2"}],"replies":[{"embeddable":true,"href":"https:\/\/arantv.az\/index.php?rest_route=%2Fwp%2Fv2%2Fcomments&post=81742"}],"version-history":[{"count":0,"href":"https:\/\/arantv.az\/index.php?rest_route=\/wp\/v2\/posts\/81742\/revisions"}],"wp:featuredmedia":[{"embeddable":true,"href":"https:\/\/arantv.az\/index.php?rest_route=\/wp\/v2\/media\/81743"}],"wp:attachment":[{"href":"https:\/\/arantv.az\/index.php?rest_route=%2Fwp%2Fv2%2Fmedia&parent=81742"}],"wp:term":[{"taxonomy":"category","embeddable":true,"href":"https:\/\/arantv.az\/index.php?rest_route=%2Fwp%2Fv2%2Fcategories&post=81742"},{"taxonomy":"post_tag","embeddable":true,"href":"https:\/\/arantv.az\/index.php?rest_route=%2Fwp%2Fv2%2Ftags&post=81742"}],"curies":[{"name":"wp","href":"https:\/\/api.w.org\/{rel}","templated":true}]}}