{"id":817422,"date":"2025-07-24T16:36:50","date_gmt":"2025-07-24T12:36:50","guid":{"rendered":"https:\/\/arantv.az\/?p=817422"},"modified":"2025-07-24T16:36:50","modified_gmt":"2025-07-24T12:36:50","slug":"bu-il-mina-partlayislari-n%c9%99tic%c9%99sind%c9%99-18-n%c9%99f%c9%99r-x%c9%99sar%c9%99t-alib","status":"publish","type":"post","link":"https:\/\/arantv.az\/?p=817422","title":{"rendered":"Bu il mina partlay\u0131\u015flar\u0131 n\u0259tic\u0259sind\u0259 18 n\u0259f\u0259r x\u0259sar\u0259t al\u0131b"},"content":{"rendered":"<p><strong>Erm\u0259nistan t\u0259r\u0259finin apard\u0131\u011f\u0131 mina terroru n\u0259tic\u0259sind\u0259 2025-ci ilin birinci yar\u0131milind\u0259 mina v\u0259 partlamam\u0131\u015f h\u0259rbi sursat partlay\u0131\u015flar\u0131 n\u0259tic\u0259sind\u0259 18 n\u0259f\u0259r m\u00fcxt\u0259lif d\u0259r\u0259c\u0259li b\u0259d\u0259n x\u0259sar\u0259ti al\u0131b.<\/strong><\/p>\n<p><strong>ARANTV.AZ <\/strong>\u00a0x\u0259b\u0259r verir ki, bu bar\u0259d\u0259 Ba\u015f Prokurorluqda ke\u00e7iril\u0259n geni\u015f kollegiya iclas\u0131nda bildirilib.<\/p>\n<p>Qeyd olunub ki, 2020-ci ilin noyabr ay\u0131ndan haz\u0131rki vaxtad\u0259k is\u0259 \u00fcmumilikd\u0259 400 \u015f\u0259xs bu terrorun qurban\u0131 olmu\u015f, onlardan 70 n\u0259f\u0259ri h\u0259lak olmu\u015f, 330 n\u0259f\u0259ri m\u00fcxt\u0259lif d\u0259r\u0259c\u0259li b\u0259d\u0259n x\u0259sar\u0259ti alm\u0131\u015fd\u0131r.<\/p>\n","protected":false},"excerpt":{"rendered":"<p>Erm\u0259nistan t\u0259r\u0259finin apard\u0131\u011f\u0131 mina terroru n\u0259tic\u0259sind\u0259 2025-ci ilin birinci yar\u0131milind\u0259 mina v\u0259 partlamam\u0131\u015f h\u0259rbi sursat partlay\u0131\u015flar\u0131 n\u0259tic\u0259sind\u0259 18 n\u0259f\u0259r m\u00fcxt\u0259lif d\u0259r\u0259c\u0259li b\u0259d\u0259n x\u0259sar\u0259ti al\u0131b. ARANTV.AZ \u00a0x\u0259b\u0259r verir ki, bu bar\u0259d\u0259 Ba\u015f Prokurorluqda ke\u00e7iril\u0259n geni\u015f kollegiya iclas\u0131nda bildirilib. Qeyd olunub ki, 2020-ci ilin noyabr ay\u0131ndan haz\u0131rki vaxtad\u0259k is\u0259 \u00fcmumilikd\u0259 400 \u015f\u0259xs bu terrorun qurban\u0131 olmu\u015f, onlardan 70 n\u0259f\u0259ri h\u0259lak olmu\u015f, 330 n\u0259f\u0259ri m\u00fcxt\u0259lif d\u0259r\u0259c\u0259li b\u0259d\u0259n x\u0259sar\u0259ti alm\u0131\u015fd\u0131r.<\/p>\n","protected":false},"author":2,"featured_media":817423,"comment_status":"closed","ping_status":"closed","sticky":false,"template":"","format":"standard","meta":{"om_disable_all_campaigns":false,"_monsterinsights_skip_tracking":false,"_monsterinsights_sitenote_active":false,"_monsterinsights_sitenote_note":"","_monsterinsights_sitenote_category":0},"categories":[1],"tags":[],"aioseo_notices":[],"gutentor_comment":0,"rttpg_featured_image_url":{"full":["https:\/\/arantv.az\/wp-content\/uploads\/2025\/07\/fafb9485545b8e824f2b78ede9632b60.jpg",700,409,false],"landscape":["https:\/\/arantv.az\/wp-content\/uploads\/2025\/07\/fafb9485545b8e824f2b78ede9632b60.jpg",700,409,false],"portraits":["https:\/\/arantv.az\/wp-content\/uploads\/2025\/07\/fafb9485545b8e824f2b78ede9632b60.jpg",700,409,false],"thumbnail":["https:\/\/arantv.az\/wp-content\/uploads\/2025\/07\/fafb9485545b8e824f2b78ede9632b60-500x280.jpg",500,280,true],"medium":["https:\/\/arantv.az\/wp-content\/uploads\/2025\/07\/fafb9485545b8e824f2b78ede9632b60-625x365.jpg",625,365,true],"large":["https:\/\/arantv.az\/wp-content\/uploads\/2025\/07\/fafb9485545b8e824f2b78ede9632b60.jpg",640,374,false],"1536x1536":["https:\/\/arantv.az\/wp-content\/uploads\/2025\/07\/fafb9485545b8e824f2b78ede9632b60.jpg",700,409,false],"2048x2048":["https:\/\/arantv.az\/wp-content\/uploads\/2025\/07\/fafb9485545b8e824f2b78ede9632b60.jpg",700,409,false],"post-thumbnail":["https:\/\/arantv.az\/wp-content\/uploads\/2025\/07\/fafb9485545b8e824f2b78ede9632b60-240x172.jpg",240,172,true],"advps-thumb-one":["https:\/\/arantv.az\/wp-content\/uploads\/2025\/07\/fafb9485545b8e824f2b78ede9632b60.jpg",700,409,false]},"rttpg_author":{"display_name":"V\u00fcsal Rafiqo\u011flu","author_link":"https:\/\/arantv.az\/?author=2"},"rttpg_comment":0,"rttpg_category":"<a href=\"https:\/\/arantv.az\/?cat=1\" rel=\"category\">C\u0259miyy\u0259t<\/a>","rttpg_excerpt":"Erm\u0259nistan t\u0259r\u0259finin apard\u0131\u011f\u0131 mina terroru n\u0259tic\u0259sind\u0259 2025-ci ilin birinci yar\u0131milind\u0259 mina v\u0259 partlamam\u0131\u015f h\u0259rbi sursat partlay\u0131\u015flar\u0131 n\u0259tic\u0259sind\u0259 18 n\u0259f\u0259r m\u00fcxt\u0259lif d\u0259r\u0259c\u0259li b\u0259d\u0259n x\u0259sar\u0259ti al\u0131b. ARANTV.AZ \u00a0x\u0259b\u0259r verir ki, bu bar\u0259d\u0259 Ba\u015f Prokurorluqda ke\u00e7iril\u0259n geni\u015f kollegiya iclas\u0131nda bildirilib. Qeyd olunub ki, 2020-ci ilin noyabr ay\u0131ndan haz\u0131rki vaxtad\u0259k is\u0259 \u00fcmumilikd\u0259 400 \u015f\u0259xs bu terrorun qurban\u0131 olmu\u015f, onlardan&hellip;","_links":{"self":[{"href":"https:\/\/arantv.az\/index.php?rest_route=\/wp\/v2\/posts\/817422"}],"collection":[{"href":"https:\/\/arantv.az\/index.php?rest_route=\/wp\/v2\/posts"}],"about":[{"href":"https:\/\/arantv.az\/index.php?rest_route=\/wp\/v2\/types\/post"}],"author":[{"embeddable":true,"href":"https:\/\/arantv.az\/index.php?rest_route=\/wp\/v2\/users\/2"}],"replies":[{"embeddable":true,"href":"https:\/\/arantv.az\/index.php?rest_route=%2Fwp%2Fv2%2Fcomments&post=817422"}],"version-history":[{"count":1,"href":"https:\/\/arantv.az\/index.php?rest_route=\/wp\/v2\/posts\/817422\/revisions"}],"predecessor-version":[{"id":817424,"href":"https:\/\/arantv.az\/index.php?rest_route=\/wp\/v2\/posts\/817422\/revisions\/817424"}],"wp:featuredmedia":[{"embeddable":true,"href":"https:\/\/arantv.az\/index.php?rest_route=\/wp\/v2\/media\/817423"}],"wp:attachment":[{"href":"https:\/\/arantv.az\/index.php?rest_route=%2Fwp%2Fv2%2Fmedia&parent=817422"}],"wp:term":[{"taxonomy":"category","embeddable":true,"href":"https:\/\/arantv.az\/index.php?rest_route=%2Fwp%2Fv2%2Fcategories&post=817422"},{"taxonomy":"post_tag","embeddable":true,"href":"https:\/\/arantv.az\/index.php?rest_route=%2Fwp%2Fv2%2Ftags&post=817422"}],"curies":[{"name":"wp","href":"https:\/\/api.w.org\/{rel}","templated":true}]}}