{"id":817425,"date":"2025-07-24T16:38:07","date_gmt":"2025-07-24T12:38:07","guid":{"rendered":"https:\/\/arantv.az\/?p=817425"},"modified":"2025-07-24T16:38:07","modified_gmt":"2025-07-24T12:38:07","slug":"susada-qordonla-az%c9%99rbaycanli-qizin-t%c9%99sirli-sohb%c9%99ti-video","status":"publish","type":"post","link":"https:\/\/arantv.az\/?p=817425","title":{"rendered":"\u015eu\u015fada Qordonla az\u0259rbaycanl\u0131 q\u0131z\u0131n t\u0259sirli s\u00f6hb\u0259ti- V\u0130DEO"},"content":{"rendered":"<div class=\"text-content\" data-id=\"\" data-url=\"\">\n<p><strong>Ukraynal\u0131 jurnalist Dmitri Qordonun \u015eu\u015fadan maraql\u0131 g\u00f6r\u00fcnt\u00fcs\u00fc yay\u0131l\u0131b.\u00a0<\/strong><\/p>\n<p>Videonu jurnalist M\u00fcbariz Aslanov sosial \u015f\u0259b\u0259k\u0259 hesab\u0131nda payla\u015f\u0131b. G\u00f6r\u00fcnt\u00fcl\u0259rd\u0259 Qordonun \u015eu\u015fada, C\u0131d\u0131r d\u00fcz\u00fcnd\u0259 \u201cQaraba\u011f n\u0259\u011fm\u0259si\u201dni oxuyan q\u0131zla h\u0259ms\u00f6hb\u0259t oldu\u011fu \u0259ks olunub.<\/p>\n<p>Ukraynal\u0131 jurnalist q\u0131zdan bel\u0259 bir m\u0259kanda \u00fc\u00e7r\u0259ngli Az\u0259rbaycan bayra\u011f\u0131na b\u00fcr\u00fcnm\u0259yin nec\u0259 bir hiss oldu\u011funu soru\u015fub. H\u0259ms\u00f6hb\u0259ti is\u0259 Qordona \u201cM\u0259n az\u0259rbaycanl\u0131 olma\u011f\u0131mla f\u0259xr edir\u0259m\u201d, &#8211;\u00a0dey\u0259 cavab verib.<\/p>\n<p>Jurnalist azya\u015fl\u0131dan ifa etm\u0259yini xahi\u015f edib. Mahn\u0131 bitdikd\u0259n sonra is\u0259 onu qucaqlayaraq t\u0259\u015f\u0259kk\u00fcr edib.<\/p>\n<p>Xat\u0131rladaq ki, III \u015eu\u015fa Qlobal Media Forumunun i\u015ftirak\u00e7\u0131lar\u0131 aras\u0131nda yer alan D.Qordonun Az\u0259rbaycan Prezidentin\u0259 \u00fcnvanlad\u0131\u011f\u0131 sual v\u0259 \u0130lham \u018fliyevin ona cavab\u0131 t\u0259kc\u0259 \u00f6lk\u0259 daxilind\u0259 deyil, d\u00fcnya medias\u0131nda da<strong>\u00a0g\u00fcnd\u0259m\u00a0<\/strong>yaratm\u0131\u015fd\u0131.\/Qafqazinfo.az\/<\/p>\n<p><iframe title=\"YouTube video player\" src=\"https:\/\/www.youtube.com\/embed\/6bb-zA3KJoA?si=TwQ01iTKJKswmEP6\" frameborder=\"0\" allowfullscreen=\"allowfullscreen\" data-mce-fragment=\"1\"><\/iframe><\/p>\n<\/div>\n<div><\/div>\n<div><\/div>\n<div class=\"inner-social-box\">\n<div class=\"subs-in-social subs-whatsapp\"><\/div>\n<\/div>\n","protected":false},"excerpt":{"rendered":"<p>Ukraynal\u0131 jurnalist Dmitri Qordonun \u015eu\u015fadan maraql\u0131 g\u00f6r\u00fcnt\u00fcs\u00fc yay\u0131l\u0131b.\u00a0 Videonu jurnalist M\u00fcbariz Aslanov sosial \u015f\u0259b\u0259k\u0259 hesab\u0131nda payla\u015f\u0131b. G\u00f6r\u00fcnt\u00fcl\u0259rd\u0259 Qordonun \u015eu\u015fada, C\u0131d\u0131r d\u00fcz\u00fcnd\u0259 \u201cQaraba\u011f n\u0259\u011fm\u0259si\u201dni oxuyan q\u0131zla h\u0259ms\u00f6hb\u0259t oldu\u011fu \u0259ks olunub. Ukraynal\u0131 jurnalist q\u0131zdan bel\u0259 bir m\u0259kanda \u00fc\u00e7r\u0259ngli Az\u0259rbaycan bayra\u011f\u0131na b\u00fcr\u00fcnm\u0259yin nec\u0259 bir hiss oldu\u011funu soru\u015fub. H\u0259ms\u00f6hb\u0259ti is\u0259 Qordona \u201cM\u0259n az\u0259rbaycanl\u0131 olma\u011f\u0131mla f\u0259xr edir\u0259m\u201d, &#8211;\u00a0dey\u0259 cavab verib. Jurnalist azya\u015fl\u0131dan ifa etm\u0259yini xahi\u015f edib. Mahn\u0131 bitdikd\u0259n sonra is\u0259 onu qucaqlayaraq t\u0259\u015f\u0259kk\u00fcr edib. Xat\u0131rladaq ki, III \u015eu\u015fa Qlobal Media Forumunun i\u015ftirak\u00e7\u0131lar\u0131 aras\u0131nda yer alan D.Qordonun Az\u0259rbaycan Prezidentin\u0259 \u00fcnvanlad\u0131\u011f\u0131 sual v\u0259 \u0130lham \u018fliyevin ona cavab\u0131&hellip;<\/p>\n","protected":false},"author":2,"featured_media":817426,"comment_status":"closed","ping_status":"closed","sticky":false,"template":"","format":"standard","meta":{"om_disable_all_campaigns":false,"_monsterinsights_skip_tracking":false,"_monsterinsights_sitenote_active":false,"_monsterinsights_sitenote_note":"","_monsterinsights_sitenote_category":0},"categories":[19],"tags":[],"aioseo_notices":[],"gutentor_comment":0,"rttpg_featured_image_url":{"full":["https:\/\/arantv.az\/wp-content\/uploads\/2025\/07\/f561bdd9200889624845895a45d8f624.png",637,400,false],"landscape":["https:\/\/arantv.az\/wp-content\/uploads\/2025\/07\/f561bdd9200889624845895a45d8f624.png",637,400,false],"portraits":["https:\/\/arantv.az\/wp-content\/uploads\/2025\/07\/f561bdd9200889624845895a45d8f624.png",637,400,false],"thumbnail":["https:\/\/arantv.az\/wp-content\/uploads\/2025\/07\/f561bdd9200889624845895a45d8f624-500x280.png",500,280,true],"medium":["https:\/\/arantv.az\/wp-content\/uploads\/2025\/07\/f561bdd9200889624845895a45d8f624-581x365.png",581,365,true],"large":["https:\/\/arantv.az\/wp-content\/uploads\/2025\/07\/f561bdd9200889624845895a45d8f624.png",637,400,false],"1536x1536":["https:\/\/arantv.az\/wp-content\/uploads\/2025\/07\/f561bdd9200889624845895a45d8f624.png",637,400,false],"2048x2048":["https:\/\/arantv.az\/wp-content\/uploads\/2025\/07\/f561bdd9200889624845895a45d8f624.png",637,400,false],"post-thumbnail":["https:\/\/arantv.az\/wp-content\/uploads\/2025\/07\/f561bdd9200889624845895a45d8f624-240x172.png",240,172,true],"advps-thumb-one":["https:\/\/arantv.az\/wp-content\/uploads\/2025\/07\/f561bdd9200889624845895a45d8f624.png",637,400,false]},"rttpg_author":{"display_name":"V\u00fcsal Rafiqo\u011flu","author_link":"https:\/\/arantv.az\/?author=2"},"rttpg_comment":0,"rttpg_category":"<a href=\"https:\/\/arantv.az\/?cat=19\" rel=\"category\">G\u00fcnd\u0259m<\/a>","rttpg_excerpt":"Ukraynal\u0131 jurnalist Dmitri Qordonun \u015eu\u015fadan maraql\u0131 g\u00f6r\u00fcnt\u00fcs\u00fc yay\u0131l\u0131b.\u00a0 Videonu jurnalist M\u00fcbariz Aslanov sosial \u015f\u0259b\u0259k\u0259 hesab\u0131nda payla\u015f\u0131b. G\u00f6r\u00fcnt\u00fcl\u0259rd\u0259 Qordonun \u015eu\u015fada, C\u0131d\u0131r d\u00fcz\u00fcnd\u0259 \u201cQaraba\u011f n\u0259\u011fm\u0259si\u201dni oxuyan q\u0131zla h\u0259ms\u00f6hb\u0259t oldu\u011fu \u0259ks olunub. Ukraynal\u0131 jurnalist q\u0131zdan bel\u0259 bir m\u0259kanda \u00fc\u00e7r\u0259ngli Az\u0259rbaycan bayra\u011f\u0131na b\u00fcr\u00fcnm\u0259yin nec\u0259 bir hiss oldu\u011funu soru\u015fub. H\u0259ms\u00f6hb\u0259ti is\u0259 Qordona \u201cM\u0259n az\u0259rbaycanl\u0131 olma\u011f\u0131mla f\u0259xr edir\u0259m\u201d, &#8211;\u00a0dey\u0259 cavab verib.&hellip;","_links":{"self":[{"href":"https:\/\/arantv.az\/index.php?rest_route=\/wp\/v2\/posts\/817425"}],"collection":[{"href":"https:\/\/arantv.az\/index.php?rest_route=\/wp\/v2\/posts"}],"about":[{"href":"https:\/\/arantv.az\/index.php?rest_route=\/wp\/v2\/types\/post"}],"author":[{"embeddable":true,"href":"https:\/\/arantv.az\/index.php?rest_route=\/wp\/v2\/users\/2"}],"replies":[{"embeddable":true,"href":"https:\/\/arantv.az\/index.php?rest_route=%2Fwp%2Fv2%2Fcomments&post=817425"}],"version-history":[{"count":1,"href":"https:\/\/arantv.az\/index.php?rest_route=\/wp\/v2\/posts\/817425\/revisions"}],"predecessor-version":[{"id":817427,"href":"https:\/\/arantv.az\/index.php?rest_route=\/wp\/v2\/posts\/817425\/revisions\/817427"}],"wp:featuredmedia":[{"embeddable":true,"href":"https:\/\/arantv.az\/index.php?rest_route=\/wp\/v2\/media\/817426"}],"wp:attachment":[{"href":"https:\/\/arantv.az\/index.php?rest_route=%2Fwp%2Fv2%2Fmedia&parent=817425"}],"wp:term":[{"taxonomy":"category","embeddable":true,"href":"https:\/\/arantv.az\/index.php?rest_route=%2Fwp%2Fv2%2Fcategories&post=817425"},{"taxonomy":"post_tag","embeddable":true,"href":"https:\/\/arantv.az\/index.php?rest_route=%2Fwp%2Fv2%2Ftags&post=817425"}],"curies":[{"name":"wp","href":"https:\/\/api.w.org\/{rel}","templated":true}]}}