{"id":81746,"date":"2019-09-27T08:35:13","date_gmt":"2019-09-27T05:35:13","guid":{"rendered":"http:\/\/arantv.az\/?p=81746"},"modified":"2019-09-27T08:35:13","modified_gmt":"2019-09-27T05:35:13","slug":"almaniyanin-s%c9%99sind%c9%99-bir-ilk-video","status":"publish","type":"post","link":"https:\/\/arantv.az\/?p=81746","title":{"rendered":"&#8220;Almaniyan\u0131n s\u0259si&#8221;nd\u0259 bir ilk &#8211; Video"},"content":{"rendered":"<p>Almaniyada ya\u015fayan h\u0259myerlimiz m\u00fc\u011f\u0259nni Seyran \u0130smay\u0131lxanov s\u0259si il\u0259 &#8220;Almaniyan\u0131n s\u0259si&#8221; m\u00fcsabiq\u0259sind\u0259 h\u0259r k\u0259si valeh edib. <strong>ARANTV.AZ<\/strong> x\u0259b\u0259r verir ki, m\u00fc\u011f\u0259nni \u00e7\u0131x\u0131\u015f\u0131 il\u0259 m\u00fcsabiq\u0259y\u0259 dam\u011fa vurub. M\u00fcsabiq\u0259d\u0259 Mustafa Sandal\u0131n &#8220;Aya benzer&#8221; adl\u0131 mahn\u0131s\u0131n\u0131 ifa ed\u0259n Seyran \u0130smay\u0131lxanov 4 m\u00fcnsifin 4-n\u00fc d\u0259 d\u00f6nd\u00fcrm\u0259y\u0259 nail olaraq studiyadak\u0131lar\u0131 \u00f6z\u00fcn\u0259 heyran qoyub. Seyran \u0130smay\u0131lxanov yar\u0131\u015fmada qazand\u0131\u011f\u0131 u\u011furu v\u0259 ke\u00e7irtdiyi xo\u015fb\u0259xtliyini bel\u0259 ifad\u0259 edib: &#8220;\u00c7ox uzun zamand\u0131r bu g\u00fcn\u00fc g\u00f6zl\u0259yirdim v\u0259 n\u0259hay\u0259t ki, &#8220;The Voice of Germany&#8221; m\u00fcsabiq\u0259sinin i\u015ftirak\u00e7\u0131s\u0131 oldu\u011fumu a\u00e7\u0131qlay\u0131ram!&#8221; Qeyd ed\u0259k ki, Seyran \u0130smay\u0131lxanov 5 dild\u0259 &#8211; rus, Az\u0259rbaycan, ingilis v\u0259 alman dilind\u0259 s\u00f6z yaz\u0131b, mahn\u0131 b\u0259st\u0259l\u0259yir. O, bir ne\u00e7\u0259 d\u0259f\u0259 &#8220;Eurovision\u201dun Az\u0259rbaycan \u00fczr\u0259 milli se\u00e7im turlar\u0131nda i\u015ftirak edib. Onun mahn\u0131lar\u0131 n\u0259inki Almaniyada, h\u0259m\u00e7inin Az\u0259rbaycanda, T\u00fcrkiy\u0259d\u0259 v\u0259 d\u00fcnyan\u0131n dig\u0259r \u00f6lk\u0259l\u0259rind\u0259 populyarl\u0131q qazan\u0131b. Onu da dey\u0259k ki, S.\u0130smay\u0131lxanov Moskvada, Qazax\u0131standa, T\u00fcrkiy\u0259d\u0259, Tacikistanda, Az\u0259rbaycanda, Fransada v\u0259 Almaniyan\u0131n bir s\u0131ra \u015f\u0259h\u0259rl\u0259rind\u0259 solo konsertl\u0259rl\u0259 \u00e7\u0131x\u0131\u015f edib. O, h\u0259m\u00e7inin Tacikistan m\u00fc\u011f\u0259nnisi T\u0259hmin\u0259 Niyazova il\u0259 duet oxuyub. S.\u0130smay\u0131lxanovun d\u00f6rd mahn\u0131s\u0131n\u0131 T.Niyazova oxuyaraq, albomuna da daxil edib. 2012-ci ild\u0259 Monteneqroda ke\u00e7iril\u0259n beyn\u0259lxalq &#8220;Suncane Skale 2012\u201d festival\u0131nda m\u0259tnini v\u0259 musiqisini \u00f6z\u00fc yazd\u0131\u011f\u0131 &#8220;Sunshine\u201d mahn\u0131s\u0131 il\u0259 Az\u0259rbaycan\u0131 ilk d\u0259f\u0259 olaraq m\u0259hz S.\u0130smay\u0131lxanov t\u0259msil edib. S.\u0130smay\u0131lxanov h\u0259m\u00e7inin 2013-c\u00fc ild\u0259 Xocal\u0131 faci\u0259sinin 21-ci ild\u00f6n\u00fcm\u00fc il\u0259 \u0259laq\u0259dar g\u00f6rk\u0259mli b\u0259st\u0259kar Rauf Hac\u0131yevin &#8220;Bahar s\u0259nsiz\u201d adl\u0131 mahn\u0131s\u0131n\u0131 oxuyaraq, klip \u00e7\u0259kdirmi\u015fdi. H\u0259min mahn\u0131 d\u00fcnyan\u0131n bir \u00e7ox m\u00fc\u011f\u0259nnil\u0259rin ifalar\u0131ndan ibar\u0259t &#8220;Babilon Bar-3\u201d adl\u0131 y\u0131\u011fma alboma da daxil edilmi\u015fdi. Onu da dey\u0259k ki, Seyran \u0130smay\u0131lxanov Almaniyan\u0131 &#8220;T\u00fcrkvision 2016\u201dda t\u0259msil edib.<\/p>\n<p><iframe loading=\"lazy\" width=\"640\" height=\"360\" src=\"https:\/\/www.youtube.com\/embed\/DGsa6mcHdZE?feature=oembed\" frameborder=\"0\" allow=\"accelerometer; autoplay; encrypted-media; gyroscope; picture-in-picture\" allowfullscreen><\/iframe><\/p>\n","protected":false},"excerpt":{"rendered":"<p>Almaniyada ya\u015fayan h\u0259myerlimiz m\u00fc\u011f\u0259nni Seyran \u0130smay\u0131lxanov s\u0259si il\u0259 &#8220;Almaniyan\u0131n s\u0259si&#8221; m\u00fcsabiq\u0259sind\u0259 h\u0259r k\u0259si valeh edib. ARANTV.AZ x\u0259b\u0259r verir ki, m\u00fc\u011f\u0259nni \u00e7\u0131x\u0131\u015f\u0131 il\u0259 m\u00fcsabiq\u0259y\u0259 dam\u011fa vurub. M\u00fcsabiq\u0259d\u0259 Mustafa Sandal\u0131n &#8220;Aya benzer&#8221; adl\u0131 mahn\u0131s\u0131n\u0131 ifa ed\u0259n Seyran \u0130smay\u0131lxanov 4 m\u00fcnsifin 4-n\u00fc d\u0259 d\u00f6nd\u00fcrm\u0259y\u0259 nail olaraq studiyadak\u0131lar\u0131 \u00f6z\u00fcn\u0259 heyran qoyub. Seyran \u0130smay\u0131lxanov yar\u0131\u015fmada qazand\u0131\u011f\u0131 u\u011furu v\u0259 ke\u00e7irtdiyi xo\u015fb\u0259xtliyini bel\u0259 ifad\u0259 edib: &#8220;\u00c7ox uzun zamand\u0131r bu g\u00fcn\u00fc g\u00f6zl\u0259yirdim v\u0259 n\u0259hay\u0259t ki, &#8220;The Voice of Germany&#8221; m\u00fcsabiq\u0259sinin i\u015ftirak\u00e7\u0131s\u0131 oldu\u011fumu a\u00e7\u0131qlay\u0131ram!&#8221; Qeyd ed\u0259k ki, Seyran \u0130smay\u0131lxanov 5 dild\u0259 &#8211; rus, Az\u0259rbaycan, ingilis v\u0259 alman dilind\u0259 s\u00f6z&hellip;<\/p>\n","protected":false},"author":2,"featured_media":81747,"comment_status":"closed","ping_status":"closed","sticky":false,"template":"","format":"standard","meta":{"om_disable_all_campaigns":false,"_monsterinsights_skip_tracking":false,"_monsterinsights_sitenote_active":false,"_monsterinsights_sitenote_note":"","_monsterinsights_sitenote_category":0},"categories":[20],"tags":[],"aioseo_notices":[],"gutentor_comment":0,"rttpg_featured_image_url":{"full":["https:\/\/arantv.az\/wp-content\/uploads\/2019\/09\/71339999_697577320719887_6703649384401207296_n.jpg",540,282,false],"landscape":["https:\/\/arantv.az\/wp-content\/uploads\/2019\/09\/71339999_697577320719887_6703649384401207296_n.jpg",540,282,false],"portraits":["https:\/\/arantv.az\/wp-content\/uploads\/2019\/09\/71339999_697577320719887_6703649384401207296_n.jpg",540,282,false],"thumbnail":["https:\/\/arantv.az\/wp-content\/uploads\/2019\/09\/71339999_697577320719887_6703649384401207296_n-150x150.jpg",150,150,true],"medium":["https:\/\/arantv.az\/wp-content\/uploads\/2019\/09\/71339999_697577320719887_6703649384401207296_n-300x157.jpg",300,157,true],"large":["https:\/\/arantv.az\/wp-content\/uploads\/2019\/09\/71339999_697577320719887_6703649384401207296_n.jpg",540,282,false],"1536x1536":["https:\/\/arantv.az\/wp-content\/uploads\/2019\/09\/71339999_697577320719887_6703649384401207296_n.jpg",540,282,false],"2048x2048":["https:\/\/arantv.az\/wp-content\/uploads\/2019\/09\/71339999_697577320719887_6703649384401207296_n.jpg",540,282,false],"post-thumbnail":["https:\/\/arantv.az\/wp-content\/uploads\/2019\/09\/71339999_697577320719887_6703649384401207296_n-240x172.jpg",240,172,true],"advps-thumb-one":["https:\/\/arantv.az\/wp-content\/uploads\/2019\/09\/71339999_697577320719887_6703649384401207296_n.jpg",540,282,false]},"rttpg_author":{"display_name":"V\u00fcsal Rafiqo\u011flu","author_link":"https:\/\/arantv.az\/?author=2"},"rttpg_comment":0,"rttpg_category":"<a href=\"https:\/\/arantv.az\/?cat=20\" rel=\"category\">\u015eou biznes<\/a>","rttpg_excerpt":"Almaniyada ya\u015fayan h\u0259myerlimiz m\u00fc\u011f\u0259nni Seyran \u0130smay\u0131lxanov s\u0259si il\u0259 &#8220;Almaniyan\u0131n s\u0259si&#8221; m\u00fcsabiq\u0259sind\u0259 h\u0259r k\u0259si valeh edib. ARANTV.AZ x\u0259b\u0259r verir ki, m\u00fc\u011f\u0259nni \u00e7\u0131x\u0131\u015f\u0131 il\u0259 m\u00fcsabiq\u0259y\u0259 dam\u011fa vurub. M\u00fcsabiq\u0259d\u0259 Mustafa Sandal\u0131n &#8220;Aya benzer&#8221; adl\u0131 mahn\u0131s\u0131n\u0131 ifa ed\u0259n Seyran \u0130smay\u0131lxanov 4 m\u00fcnsifin 4-n\u00fc d\u0259 d\u00f6nd\u00fcrm\u0259y\u0259 nail olaraq studiyadak\u0131lar\u0131 \u00f6z\u00fcn\u0259 heyran qoyub. Seyran \u0130smay\u0131lxanov yar\u0131\u015fmada qazand\u0131\u011f\u0131 u\u011furu v\u0259 ke\u00e7irtdiyi xo\u015fb\u0259xtliyini&hellip;","_links":{"self":[{"href":"https:\/\/arantv.az\/index.php?rest_route=\/wp\/v2\/posts\/81746"}],"collection":[{"href":"https:\/\/arantv.az\/index.php?rest_route=\/wp\/v2\/posts"}],"about":[{"href":"https:\/\/arantv.az\/index.php?rest_route=\/wp\/v2\/types\/post"}],"author":[{"embeddable":true,"href":"https:\/\/arantv.az\/index.php?rest_route=\/wp\/v2\/users\/2"}],"replies":[{"embeddable":true,"href":"https:\/\/arantv.az\/index.php?rest_route=%2Fwp%2Fv2%2Fcomments&post=81746"}],"version-history":[{"count":0,"href":"https:\/\/arantv.az\/index.php?rest_route=\/wp\/v2\/posts\/81746\/revisions"}],"wp:featuredmedia":[{"embeddable":true,"href":"https:\/\/arantv.az\/index.php?rest_route=\/wp\/v2\/media\/81747"}],"wp:attachment":[{"href":"https:\/\/arantv.az\/index.php?rest_route=%2Fwp%2Fv2%2Fmedia&parent=81746"}],"wp:term":[{"taxonomy":"category","embeddable":true,"href":"https:\/\/arantv.az\/index.php?rest_route=%2Fwp%2Fv2%2Fcategories&post=81746"},{"taxonomy":"post_tag","embeddable":true,"href":"https:\/\/arantv.az\/index.php?rest_route=%2Fwp%2Fv2%2Ftags&post=81746"}],"curies":[{"name":"wp","href":"https:\/\/api.w.org\/{rel}","templated":true}]}}