{"id":817477,"date":"2025-07-24T22:25:21","date_gmt":"2025-07-24T18:25:21","guid":{"rendered":"https:\/\/arantv.az\/?p=817477"},"modified":"2025-07-24T22:25:21","modified_gmt":"2025-07-24T18:25:21","slug":"prezidentin-muraci%c9%99ti-bmt-nin-r%c9%99smi-s%c9%99n%c9%99dl%c9%99ri-kimi-yayildi","status":"publish","type":"post","link":"https:\/\/arantv.az\/?p=817477","title":{"rendered":"Prezidentin m\u00fcraci\u0259ti BMT-nin r\u0259smi s\u0259n\u0259dl\u0259ri kimi YAYILDI"},"content":{"rendered":"<p><strong>BMT katibliyi Az\u0259rbaycan Respublikas\u0131n\u0131n Prezidenti \u0130lham \u018fliyevin 2025-ci il may\u0131n 21-d\u0259 T\u00fcrkiy\u0259nin paytaxt\u0131 Ankara \u015f\u0259h\u0259rind\u0259 \u201cQ\u0259rbi Az\u0259rbaycana qay\u0131d\u0131\u015f insan h\u00fcquqlar\u0131n\u0131n aliliyinin m\u00fch\u00fcm \u015f\u0259rti kimi\u201d m\u00f6vzusunda ke\u00e7irilmi\u015f beyn\u0259lxalq konfrans\u0131n i\u015ftirak\u00e7\u0131lar\u0131na m\u00fcraci\u0259tini v\u0259 konfrans\u0131n yekun s\u0259n\u0259dini BMT T\u0259hl\u00fck\u0259sizlik \u015euras\u0131 v\u0259 Ba\u015f Assambleyas\u0131n\u0131n r\u0259smi s\u0259n\u0259dl\u0259ri kimi yay\u0131b.<\/strong><\/p>\n<p><b>ARANTV.AZ\u00a0 <\/b>x\u0259b\u0259r verir ki, \u0130cman\u0131n bununla ba\u011fl\u0131 b\u0259yanat\u0131nda deyilir:<\/p>\n<p>\u201cQ\u0259rbi Az\u0259rbaycan m\u0259s\u0259l\u0259sini prinsipial v\u0259 ard\u0131c\u0131l \u015f\u0259kild\u0259 beyn\u0259lxalq g\u00fcnd\u0259md\u0259 saxlayan Prezident \u0130lham \u018fliyevin s\u00f6z\u00fcged\u0259n m\u00fcraci\u0259tinin BMT-nin r\u0259smi s\u0259n\u0259di kimi yay\u0131lmas\u0131 insan h\u00fcquqlar\u0131 m\u00f6vzusu olaraq Q\u0259rbi Az\u0259rbaycana qay\u0131d\u0131\u015f m\u0259s\u0259l\u0259sin\u0259 beyn\u0259lxalq d\u0259st\u0259yin art\u0131r\u0131lmas\u0131nda m\u00fch\u00fcm rol oynay\u0131r.<\/p>\n<p>Q\u0259rbi Az\u0259rbaycan \u0130cmas\u0131 s\u00fclh yolu il\u0259, t\u0259hl\u00fck\u0259siz v\u0259 l\u0259yaq\u0259tli \u015f\u0259kild\u0259 qay\u0131d\u0131\u015f m\u0259s\u0259l\u0259sin\u0259 beyn\u0259lxalq al\u0259min d\u0259st\u0259yinin \u0259ld\u0259 edilm\u0259si istiqam\u0259tind\u0259 s\u0259yl\u0259rini davam etdir\u0259c\u0259k. \u0130cma Erm\u0259nistan h\u00f6kum\u0259tind\u0259n \u00dcmumd\u00fcnya \u0130nsan H\u00fcquqlar\u0131 B\u0259yannam\u0259si v\u0259 dig\u0259r m\u00fcvafiq beyn\u0259lxalq konvensiyalarla \u00fcz\u0259rin\u0259 g\u00f6t\u00fcrd\u00fcy\u00fc \u00f6hd\u0259likl\u0259rin\u0259 uy\u011fun olaraq, Q\u0259rbi az\u0259rbaycanl\u0131lar\u0131n \u00f6z evl\u0259rin\u0259 qay\u0131d\u0131\u015f\u0131na \u015f\u0259rait yaratma\u011f\u0131 t\u0259l\u0259b edir\u201d.<\/p>\n","protected":false},"excerpt":{"rendered":"<p>BMT katibliyi Az\u0259rbaycan Respublikas\u0131n\u0131n Prezidenti \u0130lham \u018fliyevin 2025-ci il may\u0131n 21-d\u0259 T\u00fcrkiy\u0259nin paytaxt\u0131 Ankara \u015f\u0259h\u0259rind\u0259 \u201cQ\u0259rbi Az\u0259rbaycana qay\u0131d\u0131\u015f insan h\u00fcquqlar\u0131n\u0131n aliliyinin m\u00fch\u00fcm \u015f\u0259rti kimi\u201d m\u00f6vzusunda ke\u00e7irilmi\u015f beyn\u0259lxalq konfrans\u0131n i\u015ftirak\u00e7\u0131lar\u0131na m\u00fcraci\u0259tini v\u0259 konfrans\u0131n yekun s\u0259n\u0259dini BMT T\u0259hl\u00fck\u0259sizlik \u015euras\u0131 v\u0259 Ba\u015f Assambleyas\u0131n\u0131n r\u0259smi s\u0259n\u0259dl\u0259ri kimi yay\u0131b. ARANTV.AZ\u00a0 x\u0259b\u0259r verir ki, \u0130cman\u0131n bununla ba\u011fl\u0131 b\u0259yanat\u0131nda deyilir: \u201cQ\u0259rbi Az\u0259rbaycan m\u0259s\u0259l\u0259sini prinsipial v\u0259 ard\u0131c\u0131l \u015f\u0259kild\u0259 beyn\u0259lxalq g\u00fcnd\u0259md\u0259 saxlayan Prezident \u0130lham \u018fliyevin s\u00f6z\u00fcged\u0259n m\u00fcraci\u0259tinin BMT-nin r\u0259smi s\u0259n\u0259di kimi yay\u0131lmas\u0131 insan h\u00fcquqlar\u0131 m\u00f6vzusu olaraq Q\u0259rbi Az\u0259rbaycana qay\u0131d\u0131\u015f m\u0259s\u0259l\u0259sin\u0259 beyn\u0259lxalq d\u0259st\u0259yin art\u0131r\u0131lmas\u0131nda m\u00fch\u00fcm rol oynay\u0131r. Q\u0259rbi Az\u0259rbaycan \u0130cmas\u0131&hellip;<\/p>\n","protected":false},"author":2,"featured_media":817478,"comment_status":"closed","ping_status":"closed","sticky":false,"template":"","format":"standard","meta":{"om_disable_all_campaigns":false,"_monsterinsights_skip_tracking":false,"_monsterinsights_sitenote_active":false,"_monsterinsights_sitenote_note":"","_monsterinsights_sitenote_category":0},"categories":[4],"tags":[],"aioseo_notices":[],"gutentor_comment":0,"rttpg_featured_image_url":{"full":["https:\/\/arantv.az\/wp-content\/uploads\/2025\/07\/732f23809ff7ff318ccf0f1bb1352ae0.jpg",870,500,false],"landscape":["https:\/\/arantv.az\/wp-content\/uploads\/2025\/07\/732f23809ff7ff318ccf0f1bb1352ae0.jpg",870,500,false],"portraits":["https:\/\/arantv.az\/wp-content\/uploads\/2025\/07\/732f23809ff7ff318ccf0f1bb1352ae0.jpg",870,500,false],"thumbnail":["https:\/\/arantv.az\/wp-content\/uploads\/2025\/07\/732f23809ff7ff318ccf0f1bb1352ae0-500x280.jpg",500,280,true],"medium":["https:\/\/arantv.az\/wp-content\/uploads\/2025\/07\/732f23809ff7ff318ccf0f1bb1352ae0-635x365.jpg",635,365,true],"large":["https:\/\/arantv.az\/wp-content\/uploads\/2025\/07\/732f23809ff7ff318ccf0f1bb1352ae0-840x483.jpg",640,368,true],"1536x1536":["https:\/\/arantv.az\/wp-content\/uploads\/2025\/07\/732f23809ff7ff318ccf0f1bb1352ae0.jpg",870,500,false],"2048x2048":["https:\/\/arantv.az\/wp-content\/uploads\/2025\/07\/732f23809ff7ff318ccf0f1bb1352ae0.jpg",870,500,false],"post-thumbnail":["https:\/\/arantv.az\/wp-content\/uploads\/2025\/07\/732f23809ff7ff318ccf0f1bb1352ae0-240x172.jpg",240,172,true],"advps-thumb-one":["https:\/\/arantv.az\/wp-content\/uploads\/2025\/07\/732f23809ff7ff318ccf0f1bb1352ae0.jpg",870,500,false]},"rttpg_author":{"display_name":"V\u00fcsal Rafiqo\u011flu","author_link":"https:\/\/arantv.az\/?author=2"},"rttpg_comment":0,"rttpg_category":"<a href=\"https:\/\/arantv.az\/?cat=4\" rel=\"category\">Siyas\u0259t<\/a>","rttpg_excerpt":"BMT katibliyi Az\u0259rbaycan Respublikas\u0131n\u0131n Prezidenti \u0130lham \u018fliyevin 2025-ci il may\u0131n 21-d\u0259 T\u00fcrkiy\u0259nin paytaxt\u0131 Ankara \u015f\u0259h\u0259rind\u0259 \u201cQ\u0259rbi Az\u0259rbaycana qay\u0131d\u0131\u015f insan h\u00fcquqlar\u0131n\u0131n aliliyinin m\u00fch\u00fcm \u015f\u0259rti kimi\u201d m\u00f6vzusunda ke\u00e7irilmi\u015f beyn\u0259lxalq konfrans\u0131n i\u015ftirak\u00e7\u0131lar\u0131na m\u00fcraci\u0259tini v\u0259 konfrans\u0131n yekun s\u0259n\u0259dini BMT T\u0259hl\u00fck\u0259sizlik \u015euras\u0131 v\u0259 Ba\u015f Assambleyas\u0131n\u0131n r\u0259smi s\u0259n\u0259dl\u0259ri kimi yay\u0131b. ARANTV.AZ\u00a0 x\u0259b\u0259r verir ki, \u0130cman\u0131n bununla ba\u011fl\u0131 b\u0259yanat\u0131nda deyilir: \u201cQ\u0259rbi Az\u0259rbaycan&hellip;","_links":{"self":[{"href":"https:\/\/arantv.az\/index.php?rest_route=\/wp\/v2\/posts\/817477"}],"collection":[{"href":"https:\/\/arantv.az\/index.php?rest_route=\/wp\/v2\/posts"}],"about":[{"href":"https:\/\/arantv.az\/index.php?rest_route=\/wp\/v2\/types\/post"}],"author":[{"embeddable":true,"href":"https:\/\/arantv.az\/index.php?rest_route=\/wp\/v2\/users\/2"}],"replies":[{"embeddable":true,"href":"https:\/\/arantv.az\/index.php?rest_route=%2Fwp%2Fv2%2Fcomments&post=817477"}],"version-history":[{"count":1,"href":"https:\/\/arantv.az\/index.php?rest_route=\/wp\/v2\/posts\/817477\/revisions"}],"predecessor-version":[{"id":817479,"href":"https:\/\/arantv.az\/index.php?rest_route=\/wp\/v2\/posts\/817477\/revisions\/817479"}],"wp:featuredmedia":[{"embeddable":true,"href":"https:\/\/arantv.az\/index.php?rest_route=\/wp\/v2\/media\/817478"}],"wp:attachment":[{"href":"https:\/\/arantv.az\/index.php?rest_route=%2Fwp%2Fv2%2Fmedia&parent=817477"}],"wp:term":[{"taxonomy":"category","embeddable":true,"href":"https:\/\/arantv.az\/index.php?rest_route=%2Fwp%2Fv2%2Fcategories&post=817477"},{"taxonomy":"post_tag","embeddable":true,"href":"https:\/\/arantv.az\/index.php?rest_route=%2Fwp%2Fv2%2Ftags&post=817477"}],"curies":[{"name":"wp","href":"https:\/\/api.w.org\/{rel}","templated":true}]}}