{"id":81774,"date":"2019-09-27T10:12:14","date_gmt":"2019-09-27T07:12:14","guid":{"rendered":"http:\/\/arantv.az\/?p=81774"},"modified":"2019-09-27T10:12:14","modified_gmt":"2019-09-27T07:12:14","slug":"az%c9%99rbaycan-gurcustan-turkiy%c9%99-xin-r%c9%99hb%c9%99rl%c9%99rinin-gorusunun-vaxti-aciqlandi","status":"publish","type":"post","link":"https:\/\/arantv.az\/?p=81774","title":{"rendered":"Az\u0259rbaycan, G\u00fcrc\u00fcstan, T\u00fcrkiy\u0259 X\u0130N r\u0259hb\u0259rl\u0259rinin g\u00f6r\u00fc\u015f\u00fcn\u00fcn vaxt\u0131 a\u00e7\u0131qland\u0131"},"content":{"rendered":"<p>Az\u0259rbaycan, G\u00fcrc\u00fcstan v\u0259 T\u00fcrkiy\u0259 xarici i\u015fl\u0259r nazirl\u0259rinin Tbilisid\u0259ki g\u00f6r\u00fc\u015f\u00fc oktyabrda ba\u015f tutacaq.<\/p>\n<p><b>ARANTV.AZ\u00a0<\/b>x\u0259b\u0259r verir ki, bununla ba\u011fl\u0131 G\u00fcrc\u00fcstan Xarici \u0130\u015fl\u0259r Nazirliyi David Zalkaliani v\u0259 Elmar M\u0259mm\u0259dyarov aras\u0131nda Nyu-Yorkda ba\u015f tutan g\u00f6r\u00fc\u015fd\u0259n sonra m\u0259lumat yay\u0131b.<\/p>\n<p>Xat\u0131rladaq ki, nazirl\u0259r aras\u0131nda ilk \u00fc\u00e7t\u0259r\u0259fli g\u00f6r\u00fc\u015f 2012-ci ild\u0259 Trabzonda ke\u00e7irilib. Son g\u00f6r\u00fc\u015f is\u0259 oktyabr\u0131n 29-da \u0130stanbulda ba\u015f tutub.<\/p>\n<p>Bu g\u00f6r\u00fc\u015f nazirl\u0259r aras\u0131nda ke\u00e7iril\u0259c\u0259k s\u0259kkizinci \u00fc\u00e7t\u0259r\u0259fli g\u00f6r\u00fc\u015f olacaq.oxu.az<\/p>\n","protected":false},"excerpt":{"rendered":"<p>Az\u0259rbaycan, G\u00fcrc\u00fcstan v\u0259 T\u00fcrkiy\u0259 xarici i\u015fl\u0259r nazirl\u0259rinin Tbilisid\u0259ki g\u00f6r\u00fc\u015f\u00fc oktyabrda ba\u015f tutacaq. ARANTV.AZ\u00a0x\u0259b\u0259r verir ki, bununla ba\u011fl\u0131 G\u00fcrc\u00fcstan Xarici \u0130\u015fl\u0259r Nazirliyi David Zalkaliani v\u0259 Elmar M\u0259mm\u0259dyarov aras\u0131nda Nyu-Yorkda ba\u015f tutan g\u00f6r\u00fc\u015fd\u0259n sonra m\u0259lumat yay\u0131b. Xat\u0131rladaq ki, nazirl\u0259r aras\u0131nda ilk \u00fc\u00e7t\u0259r\u0259fli g\u00f6r\u00fc\u015f 2012-ci ild\u0259 Trabzonda ke\u00e7irilib. Son g\u00f6r\u00fc\u015f is\u0259 oktyabr\u0131n 29-da \u0130stanbulda ba\u015f tutub. Bu g\u00f6r\u00fc\u015f nazirl\u0259r aras\u0131nda ke\u00e7iril\u0259c\u0259k s\u0259kkizinci \u00fc\u00e7t\u0259r\u0259fli g\u00f6r\u00fc\u015f olacaq.oxu.az<\/p>\n","protected":false},"author":2,"featured_media":81775,"comment_status":"closed","ping_status":"closed","sticky":false,"template":"","format":"standard","meta":{"om_disable_all_campaigns":false,"_monsterinsights_skip_tracking":false,"_monsterinsights_sitenote_active":false,"_monsterinsights_sitenote_note":"","_monsterinsights_sitenote_category":0},"categories":[4],"tags":[],"aioseo_notices":[],"gutentor_comment":0,"rttpg_featured_image_url":{"full":["https:\/\/arantv.az\/wp-content\/uploads\/2019\/09\/Azerbaycan.jpg",598,362,false],"landscape":["https:\/\/arantv.az\/wp-content\/uploads\/2019\/09\/Azerbaycan.jpg",598,362,false],"portraits":["https:\/\/arantv.az\/wp-content\/uploads\/2019\/09\/Azerbaycan.jpg",598,362,false],"thumbnail":["https:\/\/arantv.az\/wp-content\/uploads\/2019\/09\/Azerbaycan-150x150.jpg",150,150,true],"medium":["https:\/\/arantv.az\/wp-content\/uploads\/2019\/09\/Azerbaycan-300x182.jpg",300,182,true],"large":["https:\/\/arantv.az\/wp-content\/uploads\/2019\/09\/Azerbaycan.jpg",598,362,false],"1536x1536":["https:\/\/arantv.az\/wp-content\/uploads\/2019\/09\/Azerbaycan.jpg",598,362,false],"2048x2048":["https:\/\/arantv.az\/wp-content\/uploads\/2019\/09\/Azerbaycan.jpg",598,362,false],"post-thumbnail":["https:\/\/arantv.az\/wp-content\/uploads\/2019\/09\/Azerbaycan-240x172.jpg",240,172,true],"advps-thumb-one":["https:\/\/arantv.az\/wp-content\/uploads\/2019\/09\/Azerbaycan.jpg",598,362,false]},"rttpg_author":{"display_name":"V\u00fcsal Rafiqo\u011flu","author_link":"https:\/\/arantv.az\/?author=2"},"rttpg_comment":0,"rttpg_category":"<a href=\"https:\/\/arantv.az\/?cat=4\" rel=\"category\">Siyas\u0259t<\/a>","rttpg_excerpt":"Az\u0259rbaycan, G\u00fcrc\u00fcstan v\u0259 T\u00fcrkiy\u0259 xarici i\u015fl\u0259r nazirl\u0259rinin Tbilisid\u0259ki g\u00f6r\u00fc\u015f\u00fc oktyabrda ba\u015f tutacaq. ARANTV.AZ\u00a0x\u0259b\u0259r verir ki, bununla ba\u011fl\u0131 G\u00fcrc\u00fcstan Xarici \u0130\u015fl\u0259r Nazirliyi David Zalkaliani v\u0259 Elmar M\u0259mm\u0259dyarov aras\u0131nda Nyu-Yorkda ba\u015f tutan g\u00f6r\u00fc\u015fd\u0259n sonra m\u0259lumat yay\u0131b. Xat\u0131rladaq ki, nazirl\u0259r aras\u0131nda ilk \u00fc\u00e7t\u0259r\u0259fli g\u00f6r\u00fc\u015f 2012-ci ild\u0259 Trabzonda ke\u00e7irilib. Son g\u00f6r\u00fc\u015f is\u0259 oktyabr\u0131n 29-da \u0130stanbulda ba\u015f tutub. Bu g\u00f6r\u00fc\u015f&hellip;","_links":{"self":[{"href":"https:\/\/arantv.az\/index.php?rest_route=\/wp\/v2\/posts\/81774"}],"collection":[{"href":"https:\/\/arantv.az\/index.php?rest_route=\/wp\/v2\/posts"}],"about":[{"href":"https:\/\/arantv.az\/index.php?rest_route=\/wp\/v2\/types\/post"}],"author":[{"embeddable":true,"href":"https:\/\/arantv.az\/index.php?rest_route=\/wp\/v2\/users\/2"}],"replies":[{"embeddable":true,"href":"https:\/\/arantv.az\/index.php?rest_route=%2Fwp%2Fv2%2Fcomments&post=81774"}],"version-history":[{"count":0,"href":"https:\/\/arantv.az\/index.php?rest_route=\/wp\/v2\/posts\/81774\/revisions"}],"wp:featuredmedia":[{"embeddable":true,"href":"https:\/\/arantv.az\/index.php?rest_route=\/wp\/v2\/media\/81775"}],"wp:attachment":[{"href":"https:\/\/arantv.az\/index.php?rest_route=%2Fwp%2Fv2%2Fmedia&parent=81774"}],"wp:term":[{"taxonomy":"category","embeddable":true,"href":"https:\/\/arantv.az\/index.php?rest_route=%2Fwp%2Fv2%2Fcategories&post=81774"},{"taxonomy":"post_tag","embeddable":true,"href":"https:\/\/arantv.az\/index.php?rest_route=%2Fwp%2Fv2%2Ftags&post=81774"}],"curies":[{"name":"wp","href":"https:\/\/api.w.org\/{rel}","templated":true}]}}