{"id":817760,"date":"2025-07-26T16:35:10","date_gmt":"2025-07-26T12:35:10","guid":{"rendered":"https:\/\/arantv.az\/?p=817760"},"modified":"2025-07-26T16:35:10","modified_gmt":"2025-07-26T12:35:10","slug":"hikm%c9%99t-haciyev-erm%c9%99nistanla-az%c9%99rbaycan-arasinda-h%c9%99rbi-qarsidurma-v%c9%99-ya-eskalasiya-gund%c9%99md%c9%99-deyil","status":"publish","type":"post","link":"https:\/\/arantv.az\/?p=817760","title":{"rendered":"Hikm\u0259t Hac\u0131yev: Erm\u0259nistanla Az\u0259rbaycan aras\u0131nda h\u0259rbi qar\u015f\u0131durma v\u0259 ya eskalasiya g\u00fcnd\u0259md\u0259 deyil"},"content":{"rendered":"<p><strong>Erm\u0259nistanla Az\u0259rbaycan aras\u0131nda h\u0259rbi qar\u015f\u0131durma v\u0259 ya eskalasiya g\u00fcnd\u0259md\u0259 deyil.<\/strong><\/p>\n<p>&#8220;Report&#8221; x\u0259b\u0259r verir ki, bunu Az\u0259rbaycan Prezidentinin k\u00f6m\u0259k\u00e7isi &#8211; Prezident Administrasiyas\u0131n\u0131n xarici siyas\u0259t m\u0259s\u0259l\u0259l\u0259ri \u015f\u00f6b\u0259sinin m\u00fcdiri Hikm\u0259t Hac\u0131yev Almaniyan\u0131n \u201cBerliner Zeitung\u201d q\u0259zetin\u0259 m\u00fcsahib\u0259sind\u0259 deyib.<\/p>\n<p><strong>Onun s\u00f6zl\u0259rin\u0259 g\u00f6r\u0259, haz\u0131rda Az\u0259rbaycan v\u0259 Erm\u0259nistan aras\u0131nda s\u00fclh sazi\u015finin imzalanmas\u0131 \u00fc\u00e7\u00fcn i\u015fl\u0259r davam etdirilir:<\/strong><\/p>\n<p>&#8220;B\u0259z\u0259n \u00f6lk\u0259l\u0259r ka\u011f\u0131z \u00fcz\u0259rind\u0259 s\u00fclh sazi\u015fi imzalay\u0131r, amma real s\u00fclh olmur. C\u0259nubi Qafqazda is\u0259 \u0259ksin\u0259dir \u2013 real s\u00fclh m\u00f6vcuddur. Erm\u0259nistanla Az\u0259rbaycan aras\u0131nda h\u0259rbi qar\u015f\u0131durma v\u0259 ya eskalasiya g\u00fcnd\u0259md\u0259 deyil. B\u0259zi m\u00fcbahis\u0259li m\u0259qamlar qal\u0131b \u2013 bu da tamamil\u0259 normald\u0131r. Bunun \u00fc\u00e7\u00fcn d\u0259 diplomatiya v\u0259 dialoq var&#8221;.<\/p>\n<p><strong>Prezidentin k\u00f6m\u0259k\u00e7isi \u0259lav\u0259 edib ki, Az\u0259rbaycan s\u00fclh\u0259 v\u0259 b\u00f6lg\u0259nin transformasiyas\u0131na haz\u0131rd\u0131r:<\/strong><\/p>\n<p>&#8220;Art\u0131q Bak\u0131 t\u0259r\u0259find\u0259n haz\u0131rlanaraq Erm\u0259nistana t\u0259qdim olunan s\u00fclh sazi\u015finin m\u0259tni b\u00f6y\u00fck \u00f6l\u00e7\u00fcd\u0259 raz\u0131la\u015fd\u0131r\u0131l\u0131b. Bu, \u00e7ox m\u00fcsb\u0259t hald\u0131r. B\u0259li, h\u0259l\u0259 h\u0259llini tapmam\u0131\u015f b\u0259zi detallar\u0131 var. M\u0259s\u0259l\u0259n, Erm\u0259nistan Konstitusiyas\u0131nda Az\u0259rbaycan \u0259razil\u0259rin\u0259 iddialar yer al\u0131r. H\u0259r bir \u00f6lk\u0259nin Konstitusiyas\u0131 daxili m\u0259s\u0259l\u0259dir \u2013 ba\u015fqa \u00f6lk\u0259nin ad\u0131n\u0131 v\u0259 ya b\u00f6lg\u0259sini \u0259hat\u0259 etm\u0259diyi halda. Biz bu s\u00fclh sazi\u015fini t\u0259kc\u0259 Erm\u0259nistan h\u00f6kum\u0259ti il\u0259 yox, Erm\u0259nistan xalq\u0131 il\u0259 d\u0259 imzalamaq ist\u0259yirik. Erm\u0259nil\u0259rin Konstitusiyada d\u0259yi\u015fiklik edib Az\u0259rbaycan \u0259razil\u0259rin\u0259 olan iddialardan r\u0259smi \u015f\u0259kild\u0259 imtina etm\u0259sini g\u00f6rm\u0259k ist\u0259yirik&#8221;.<\/p>\n<p>&#8220;Y\u0259ni m\u0259s\u0259l\u0259 yaln\u0131z Erm\u0259nistan Konstitusiyas\u0131 deyil?&#8221;, &#8211; sual\u0131na H.Hac\u0131yev bel\u0259 cavab verib: &#8220;Bu m\u0259s\u0259l\u0259 h\u0259ll olunduqdan sonra s\u00fclh yolunda art\u0131q ciddi mane\u0259l\u0259rin qalmayaca\u011f\u0131na inan\u0131r\u0131q&#8221;.<\/p>\n","protected":false},"excerpt":{"rendered":"<p>Erm\u0259nistanla Az\u0259rbaycan aras\u0131nda h\u0259rbi qar\u015f\u0131durma v\u0259 ya eskalasiya g\u00fcnd\u0259md\u0259 deyil. &#8220;Report&#8221; x\u0259b\u0259r verir ki, bunu Az\u0259rbaycan Prezidentinin k\u00f6m\u0259k\u00e7isi &#8211; Prezident Administrasiyas\u0131n\u0131n xarici siyas\u0259t m\u0259s\u0259l\u0259l\u0259ri \u015f\u00f6b\u0259sinin m\u00fcdiri Hikm\u0259t Hac\u0131yev Almaniyan\u0131n \u201cBerliner Zeitung\u201d q\u0259zetin\u0259 m\u00fcsahib\u0259sind\u0259 deyib. Onun s\u00f6zl\u0259rin\u0259 g\u00f6r\u0259, haz\u0131rda Az\u0259rbaycan v\u0259 Erm\u0259nistan aras\u0131nda s\u00fclh sazi\u015finin imzalanmas\u0131 \u00fc\u00e7\u00fcn i\u015fl\u0259r davam etdirilir: &#8220;B\u0259z\u0259n \u00f6lk\u0259l\u0259r ka\u011f\u0131z \u00fcz\u0259rind\u0259 s\u00fclh sazi\u015fi imzalay\u0131r, amma real s\u00fclh olmur. C\u0259nubi Qafqazda is\u0259 \u0259ksin\u0259dir \u2013 real s\u00fclh m\u00f6vcuddur. Erm\u0259nistanla Az\u0259rbaycan aras\u0131nda h\u0259rbi qar\u015f\u0131durma v\u0259 ya eskalasiya g\u00fcnd\u0259md\u0259 deyil. B\u0259zi m\u00fcbahis\u0259li m\u0259qamlar qal\u0131b \u2013 bu da tamamil\u0259 normald\u0131r. Bunun \u00fc\u00e7\u00fcn d\u0259&hellip;<\/p>\n","protected":false},"author":2,"featured_media":817761,"comment_status":"closed","ping_status":"closed","sticky":false,"template":"","format":"standard","meta":{"om_disable_all_campaigns":false,"_monsterinsights_skip_tracking":false,"_monsterinsights_sitenote_active":false,"_monsterinsights_sitenote_note":"","_monsterinsights_sitenote_category":0},"categories":[19],"tags":[],"aioseo_notices":[],"gutentor_comment":0,"rttpg_featured_image_url":{"full":["https:\/\/arantv.az\/wp-content\/uploads\/2025\/07\/154b69bcfa52a634aead62fa9adc5906.jpg",850,500,false],"landscape":["https:\/\/arantv.az\/wp-content\/uploads\/2025\/07\/154b69bcfa52a634aead62fa9adc5906.jpg",850,500,false],"portraits":["https:\/\/arantv.az\/wp-content\/uploads\/2025\/07\/154b69bcfa52a634aead62fa9adc5906.jpg",850,500,false],"thumbnail":["https:\/\/arantv.az\/wp-content\/uploads\/2025\/07\/154b69bcfa52a634aead62fa9adc5906-500x280.jpg",500,280,true],"medium":["https:\/\/arantv.az\/wp-content\/uploads\/2025\/07\/154b69bcfa52a634aead62fa9adc5906-621x365.jpg",621,365,true],"large":["https:\/\/arantv.az\/wp-content\/uploads\/2025\/07\/154b69bcfa52a634aead62fa9adc5906-840x494.jpg",640,376,true],"1536x1536":["https:\/\/arantv.az\/wp-content\/uploads\/2025\/07\/154b69bcfa52a634aead62fa9adc5906.jpg",850,500,false],"2048x2048":["https:\/\/arantv.az\/wp-content\/uploads\/2025\/07\/154b69bcfa52a634aead62fa9adc5906.jpg",850,500,false],"post-thumbnail":["https:\/\/arantv.az\/wp-content\/uploads\/2025\/07\/154b69bcfa52a634aead62fa9adc5906-240x172.jpg",240,172,true],"advps-thumb-one":["https:\/\/arantv.az\/wp-content\/uploads\/2025\/07\/154b69bcfa52a634aead62fa9adc5906.jpg",850,500,false]},"rttpg_author":{"display_name":"V\u00fcsal Rafiqo\u011flu","author_link":"https:\/\/arantv.az\/?author=2"},"rttpg_comment":0,"rttpg_category":"<a href=\"https:\/\/arantv.az\/?cat=19\" rel=\"category\">G\u00fcnd\u0259m<\/a>","rttpg_excerpt":"Erm\u0259nistanla Az\u0259rbaycan aras\u0131nda h\u0259rbi qar\u015f\u0131durma v\u0259 ya eskalasiya g\u00fcnd\u0259md\u0259 deyil. &#8220;Report&#8221; x\u0259b\u0259r verir ki, bunu Az\u0259rbaycan Prezidentinin k\u00f6m\u0259k\u00e7isi &#8211; Prezident Administrasiyas\u0131n\u0131n xarici siyas\u0259t m\u0259s\u0259l\u0259l\u0259ri \u015f\u00f6b\u0259sinin m\u00fcdiri Hikm\u0259t Hac\u0131yev Almaniyan\u0131n \u201cBerliner Zeitung\u201d q\u0259zetin\u0259 m\u00fcsahib\u0259sind\u0259 deyib. Onun s\u00f6zl\u0259rin\u0259 g\u00f6r\u0259, haz\u0131rda Az\u0259rbaycan v\u0259 Erm\u0259nistan aras\u0131nda s\u00fclh sazi\u015finin imzalanmas\u0131 \u00fc\u00e7\u00fcn i\u015fl\u0259r davam etdirilir: &#8220;B\u0259z\u0259n \u00f6lk\u0259l\u0259r ka\u011f\u0131z \u00fcz\u0259rind\u0259 s\u00fclh sazi\u015fi&hellip;","_links":{"self":[{"href":"https:\/\/arantv.az\/index.php?rest_route=\/wp\/v2\/posts\/817760"}],"collection":[{"href":"https:\/\/arantv.az\/index.php?rest_route=\/wp\/v2\/posts"}],"about":[{"href":"https:\/\/arantv.az\/index.php?rest_route=\/wp\/v2\/types\/post"}],"author":[{"embeddable":true,"href":"https:\/\/arantv.az\/index.php?rest_route=\/wp\/v2\/users\/2"}],"replies":[{"embeddable":true,"href":"https:\/\/arantv.az\/index.php?rest_route=%2Fwp%2Fv2%2Fcomments&post=817760"}],"version-history":[{"count":1,"href":"https:\/\/arantv.az\/index.php?rest_route=\/wp\/v2\/posts\/817760\/revisions"}],"predecessor-version":[{"id":817762,"href":"https:\/\/arantv.az\/index.php?rest_route=\/wp\/v2\/posts\/817760\/revisions\/817762"}],"wp:featuredmedia":[{"embeddable":true,"href":"https:\/\/arantv.az\/index.php?rest_route=\/wp\/v2\/media\/817761"}],"wp:attachment":[{"href":"https:\/\/arantv.az\/index.php?rest_route=%2Fwp%2Fv2%2Fmedia&parent=817760"}],"wp:term":[{"taxonomy":"category","embeddable":true,"href":"https:\/\/arantv.az\/index.php?rest_route=%2Fwp%2Fv2%2Fcategories&post=817760"},{"taxonomy":"post_tag","embeddable":true,"href":"https:\/\/arantv.az\/index.php?rest_route=%2Fwp%2Fv2%2Ftags&post=817760"}],"curies":[{"name":"wp","href":"https:\/\/api.w.org\/{rel}","templated":true}]}}