{"id":81790,"date":"2019-09-27T10:17:25","date_gmt":"2019-09-27T07:17:25","guid":{"rendered":"http:\/\/arantv.az\/?p=81790"},"modified":"2019-09-27T10:17:25","modified_gmt":"2019-09-27T07:17:25","slug":"butun-dunyada-oldugu-kimi-az%c9%99rbaycanda-da","status":"publish","type":"post","link":"https:\/\/arantv.az\/?p=81790","title":{"rendered":"&#8220;B\u00fct\u00fcn d\u00fcnyada oldu\u011fu kimi Az\u0259rbaycanda da&#8230;&#8221;"},"content":{"rendered":"<p>D\u00f6vl\u0259t Turizm Agentliyi olaraq \u0259sas v\u0259zif\u0259miz turizm potensial\u0131m\u0131z\u0131 t\u0259bli\u011f etm\u0259kl\u0259, yeni turizm m\u0259hsullar\u0131 yaratmaqla, m\u00f6vcud imkanlardan maksimum s\u0259m\u0259r\u0259li istifad\u0259 etm\u0259kl\u0259 \u00f6lk\u0259mizi regional v\u0259 qlobal turizm m\u0259rk\u0259zi kimi tan\u0131tmaq, Az\u0259rbaycana daha \u00e7ox turistin g\u0259lm\u0259sin\u0259 nail olmaqd\u0131r.<\/p>\n<p><strong>ARANTV.AZ<\/strong>\u00a0<a href=\"http:\/\/az.trend.az\/\" target=\"_blank\" rel=\"noopener\">Trend<\/a>-\u0259 istinad\u0259n bildirir ki,\u00a0bunu D\u00f6vl\u0259t Turizm Agentliyinin s\u0259dri\u00a0<strong>Fuad Na\u011f\u0131yev<\/strong>\u00a027 sentyabr &#8211; \u00dcmumd\u00fcnya Turizm G\u00fcn\u00fc m\u00fcnasib\u0259til\u0259 \u00fcnvanlad\u0131\u011f\u0131 t\u0259brik m\u00fcraci\u0259tind\u0259 deyib.<\/p>\n<p>Onun s\u00f6zl\u0259rin\u0259 g\u00f6r\u0259, bu v\u0259zif\u0259l\u0259rin icras\u0131nda \u0259sas m\u0259qs\u0259dimiz is\u0259 iqtisadiyyat\u0131n inki\u015faf\u0131na, m\u0259\u015f\u011fulluq s\u0259viyy\u0259sinin artmas\u0131na, insanlar\u0131m\u0131z\u0131n rifah hal\u0131n\u0131n yax\u015f\u0131la\u015fmas\u0131na t\u00f6hf\u0259 verm\u0259kdir.<\/p>\n<p>F.Na\u011f\u0131yev \u0259lav\u0259 edib ki, 2016-c\u0131 ild\u0259n etibar\u0259n \u00f6lk\u0259mizd\u0259 &#8220;Turizm i\u015f\u00e7il\u0259ri g\u00fcn\u00fc&#8221; kimi d\u0259 qeyd olunan bu tarix h\u0259m d\u0259 turizm sah\u0259sind\u0259 \u00e7al\u0131\u015fanlar\u0131n pe\u015f\u0259 bayram\u0131d\u0131r:<\/p>\n<p>&#8220;T\u0259sad\u00fcfi deyil ki, bu il \u00dcmumd\u00fcnya Turizm G\u00fcn\u00fc &#8220;Turizm v\u0259 i\u015f yerl\u0259ri: ham\u0131 \u00fc\u00e7\u00fcn daha yax\u015f\u0131 g\u0259l\u0259c\u0259k&#8221; \u015f\u00fcar\u0131 alt\u0131nda ke\u00e7irilir. B\u00fct\u00fcn d\u00fcnyada oldu\u011fu kimi Az\u0259rbaycanda da turizm c\u0259miyy\u0259tin sosial, m\u0259d\u0259ni, iqtisadi h\u0259yat\u0131na t\u0259sir ed\u0259n, d\u0259y\u0259r qatan \u0259sas amill\u0259rd\u0259n biridir. Turizmin inki\u015faf\u0131 ham\u0131 \u00fc\u00e7\u00fcn daha yax\u015f\u0131, daha proqressiv g\u0259l\u0259c\u0259k dem\u0259kdir. Turizm s\u0259nayesinin h\u0259r bir i\u015ftirak\u00e7\u0131s\u0131n\u0131n turizmin inki\u015faf\u0131nda \u00f6z\u00fcn\u0259m\u0259xsus rolu var. Bu rolun m\u0259suliyy\u0259tini anlamaq, \u00fcz\u0259rin\u0259 d\u00fc\u015f\u0259n v\u0259zif\u0259l\u0259ri do\u011fru v\u0259 d\u00fczg\u00fcn yerin\u0259 yetirm\u0259k bu g\u00fcn\u00fc pe\u015f\u0259 payram\u0131 kimi qeyd ed\u0259n h\u0259r k\u0259sin m\u0259n\u0259vi borcudur&#8221;.<\/p>\n","protected":false},"excerpt":{"rendered":"<p>D\u00f6vl\u0259t Turizm Agentliyi olaraq \u0259sas v\u0259zif\u0259miz turizm potensial\u0131m\u0131z\u0131 t\u0259bli\u011f etm\u0259kl\u0259, yeni turizm m\u0259hsullar\u0131 yaratmaqla, m\u00f6vcud imkanlardan maksimum s\u0259m\u0259r\u0259li istifad\u0259 etm\u0259kl\u0259 \u00f6lk\u0259mizi regional v\u0259 qlobal turizm m\u0259rk\u0259zi kimi tan\u0131tmaq, Az\u0259rbaycana daha \u00e7ox turistin g\u0259lm\u0259sin\u0259 nail olmaqd\u0131r. ARANTV.AZ\u00a0Trend-\u0259 istinad\u0259n bildirir ki,\u00a0bunu D\u00f6vl\u0259t Turizm Agentliyinin s\u0259dri\u00a0Fuad Na\u011f\u0131yev\u00a027 sentyabr &#8211; \u00dcmumd\u00fcnya Turizm G\u00fcn\u00fc m\u00fcnasib\u0259til\u0259 \u00fcnvanlad\u0131\u011f\u0131 t\u0259brik m\u00fcraci\u0259tind\u0259 deyib. Onun s\u00f6zl\u0259rin\u0259 g\u00f6r\u0259, bu v\u0259zif\u0259l\u0259rin icras\u0131nda \u0259sas m\u0259qs\u0259dimiz is\u0259 iqtisadiyyat\u0131n inki\u015faf\u0131na, m\u0259\u015f\u011fulluq s\u0259viyy\u0259sinin artmas\u0131na, insanlar\u0131m\u0131z\u0131n rifah hal\u0131n\u0131n yax\u015f\u0131la\u015fmas\u0131na t\u00f6hf\u0259 verm\u0259kdir. F.Na\u011f\u0131yev \u0259lav\u0259 edib ki, 2016-c\u0131 ild\u0259n etibar\u0259n \u00f6lk\u0259mizd\u0259 &#8220;Turizm i\u015f\u00e7il\u0259ri g\u00fcn\u00fc&#8221; kimi d\u0259 qeyd olunan bu&hellip;<\/p>\n","protected":false},"author":2,"featured_media":81791,"comment_status":"closed","ping_status":"closed","sticky":false,"template":"","format":"standard","meta":{"om_disable_all_campaigns":false,"_monsterinsights_skip_tracking":false,"_monsterinsights_sitenote_active":false,"_monsterinsights_sitenote_note":"","_monsterinsights_sitenote_category":0},"categories":[19],"tags":[],"aioseo_notices":[],"gutentor_comment":0,"rttpg_featured_image_url":{"full":["https:\/\/arantv.az\/wp-content\/uploads\/2019\/09\/789538.jpg",800,600,false],"landscape":["https:\/\/arantv.az\/wp-content\/uploads\/2019\/09\/789538.jpg",800,600,false],"portraits":["https:\/\/arantv.az\/wp-content\/uploads\/2019\/09\/789538.jpg",800,600,false],"thumbnail":["https:\/\/arantv.az\/wp-content\/uploads\/2019\/09\/789538-150x150.jpg",150,150,true],"medium":["https:\/\/arantv.az\/wp-content\/uploads\/2019\/09\/789538-300x225.jpg",300,225,true],"large":["https:\/\/arantv.az\/wp-content\/uploads\/2019\/09\/789538.jpg",640,480,false],"1536x1536":["https:\/\/arantv.az\/wp-content\/uploads\/2019\/09\/789538.jpg",800,600,false],"2048x2048":["https:\/\/arantv.az\/wp-content\/uploads\/2019\/09\/789538.jpg",800,600,false],"post-thumbnail":["https:\/\/arantv.az\/wp-content\/uploads\/2019\/09\/789538-240x172.jpg",240,172,true],"advps-thumb-one":["https:\/\/arantv.az\/wp-content\/uploads\/2019\/09\/789538.jpg",800,600,false]},"rttpg_author":{"display_name":"V\u00fcsal Rafiqo\u011flu","author_link":"https:\/\/arantv.az\/?author=2"},"rttpg_comment":0,"rttpg_category":"<a href=\"https:\/\/arantv.az\/?cat=19\" rel=\"category\">G\u00fcnd\u0259m<\/a>","rttpg_excerpt":"D\u00f6vl\u0259t Turizm Agentliyi olaraq \u0259sas v\u0259zif\u0259miz turizm potensial\u0131m\u0131z\u0131 t\u0259bli\u011f etm\u0259kl\u0259, yeni turizm m\u0259hsullar\u0131 yaratmaqla, m\u00f6vcud imkanlardan maksimum s\u0259m\u0259r\u0259li istifad\u0259 etm\u0259kl\u0259 \u00f6lk\u0259mizi regional v\u0259 qlobal turizm m\u0259rk\u0259zi kimi tan\u0131tmaq, Az\u0259rbaycana daha \u00e7ox turistin g\u0259lm\u0259sin\u0259 nail olmaqd\u0131r. ARANTV.AZ\u00a0Trend-\u0259 istinad\u0259n bildirir ki,\u00a0bunu D\u00f6vl\u0259t Turizm Agentliyinin s\u0259dri\u00a0Fuad Na\u011f\u0131yev\u00a027 sentyabr &#8211; \u00dcmumd\u00fcnya Turizm G\u00fcn\u00fc m\u00fcnasib\u0259til\u0259 \u00fcnvanlad\u0131\u011f\u0131 t\u0259brik m\u00fcraci\u0259tind\u0259 deyib. Onun&hellip;","_links":{"self":[{"href":"https:\/\/arantv.az\/index.php?rest_route=\/wp\/v2\/posts\/81790"}],"collection":[{"href":"https:\/\/arantv.az\/index.php?rest_route=\/wp\/v2\/posts"}],"about":[{"href":"https:\/\/arantv.az\/index.php?rest_route=\/wp\/v2\/types\/post"}],"author":[{"embeddable":true,"href":"https:\/\/arantv.az\/index.php?rest_route=\/wp\/v2\/users\/2"}],"replies":[{"embeddable":true,"href":"https:\/\/arantv.az\/index.php?rest_route=%2Fwp%2Fv2%2Fcomments&post=81790"}],"version-history":[{"count":0,"href":"https:\/\/arantv.az\/index.php?rest_route=\/wp\/v2\/posts\/81790\/revisions"}],"wp:featuredmedia":[{"embeddable":true,"href":"https:\/\/arantv.az\/index.php?rest_route=\/wp\/v2\/media\/81791"}],"wp:attachment":[{"href":"https:\/\/arantv.az\/index.php?rest_route=%2Fwp%2Fv2%2Fmedia&parent=81790"}],"wp:term":[{"taxonomy":"category","embeddable":true,"href":"https:\/\/arantv.az\/index.php?rest_route=%2Fwp%2Fv2%2Fcategories&post=81790"},{"taxonomy":"post_tag","embeddable":true,"href":"https:\/\/arantv.az\/index.php?rest_route=%2Fwp%2Fv2%2Ftags&post=81790"}],"curies":[{"name":"wp","href":"https:\/\/api.w.org\/{rel}","templated":true}]}}