{"id":81806,"date":"2019-09-27T10:20:47","date_gmt":"2019-09-27T07:20:47","guid":{"rendered":"http:\/\/arantv.az\/?p=81806"},"modified":"2019-09-27T10:20:47","modified_gmt":"2019-09-27T07:20:47","slug":"nazirl%c9%99r-kabineti-g%c9%99l%c9%99n-ilin-dovl%c9%99t-budc%c9%99si-il%c9%99-bagli-layih%c9%99l%c9%99ri-prezident%c9%99-t%c9%99qdim-ed%c9%99c%c9%99k","status":"publish","type":"post","link":"https:\/\/arantv.az\/?p=81806","title":{"rendered":"Nazirl\u0259r Kabineti g\u0259l\u0259n ilin d\u00f6vl\u0259t b\u00fcdc\u0259si il\u0259 ba\u011fl\u0131 layih\u0259l\u0259ri Prezident\u0259 t\u0259qdim ed\u0259c\u0259k"},"content":{"rendered":"<p>Nazirl\u0259r Kabineti &#8220;Az\u0259rbaycan Respublikas\u0131n\u0131n 2020-ci il \u00fczr\u0259 d\u00f6vl\u0259t b\u00fcdc\u0259sinin v\u0259 icmal b\u00fcdc\u0259nin layih\u0259l\u0259ri v\u0259 sonrak\u0131 \u00fc\u00e7 il \u00fc\u00e7\u00fcn icmal b\u00fcdc\u0259nin g\u00f6st\u0259ricil\u0259ri&#8221; v\u0259 &#8220;Az\u0259rbaycan Respublikas\u0131n\u0131n 2020-ci il v\u0259 g\u0259l\u0259n \u00fc\u00e7 il \u00fczr\u0259 iqtisadi v\u0259 sosial inki\u015faf konsepsiyas\u0131 v\u0259 proqnoz g\u00f6st\u0259ricil\u0259ri&#8221;nin birlikd\u0259 Az\u0259rbaycan Prezidentin\u0259 t\u0259qdim edilm\u0259si bar\u0259d\u0259 q\u0259rar q\u0259bul edib.<\/p>\n<p><strong>ARANTV.AZ<\/strong>\u00a0\u00a0<a href=\"http:\/\/az.trend.az\/\" target=\"_blank\" rel=\"noopener\">Trend<\/a>-\u0259 istinad\u0259n bildirir ki,\u00a0bununla ba\u011fl\u0131 Nazirl\u0259r Kabineti &#8220;Az\u0259rbaycan Respublikas\u0131n\u0131n 2020-ci il \u00fczr\u0259 d\u00f6vl\u0259t b\u00fcdc\u0259sinin v\u0259 icmal b\u00fcdc\u0259nin layih\u0259l\u0259ri v\u0259 sonrak\u0131 \u00fc\u00e7 il \u00fc\u00e7\u00fcn icmal b\u00fcdc\u0259nin g\u00f6st\u0259ricil\u0259ri&#8221; v\u0259 &#8220;Az\u0259rbaycan Respublikas\u0131n\u0131n 2020-ci il v\u0259 g\u0259l\u0259n \u00fc\u00e7 il \u00fczr\u0259 iqtisadi v\u0259 sosial inki\u015faf konsepsiyas\u0131 v\u0259 proqnoz g\u00f6st\u0259ricil\u0259ri&#8221;nin q\u0259rar verib.<\/p>\n<p>Q\u0259rarda qeyd edilir ki, &#8220;Az\u0259rbaycan Respublikas\u0131n\u0131n 2020-ci il \u00fczr\u0259 d\u00f6vl\u0259t b\u00fcdc\u0259sinin v\u0259 icmal b\u00fcdc\u0259nin layih\u0259l\u0259ri v\u0259 sonrak\u0131 \u00fc\u00e7 il \u00fc\u00e7\u00fcn icmal b\u00fcdc\u0259nin g\u00f6st\u0259ricil\u0259ri&#8221; v\u0259 &#8220;Az\u0259rbaycan Respublikas\u0131n\u0131n 2020-ci il v\u0259 g\u0259l\u0259n \u00fc\u00e7 il \u00fczr\u0259 iqtisadi v\u0259 sosial inki\u015faf konsepsiyas\u0131 v\u0259 proqnoz g\u00f6st\u0259ricil\u0259ri&#8221; b\u0259y\u0259nilsin. B\u00fcdc\u0259 layih\u0259l\u0259ri &#8220;B\u00fcdc\u0259 sistemi haqq\u0131nda&#8221; qanununun 12-ci madd\u0259sind\u0259 n\u0259z\u0259rd\u0259 tutulan dig\u0259r s\u0259n\u0259dl\u0259rl\u0259 birlikd\u0259 Az\u0259rbaycan Prezidentin\u0259 t\u0259qdim edilsin.<\/p>\n","protected":false},"excerpt":{"rendered":"<p>Nazirl\u0259r Kabineti &#8220;Az\u0259rbaycan Respublikas\u0131n\u0131n 2020-ci il \u00fczr\u0259 d\u00f6vl\u0259t b\u00fcdc\u0259sinin v\u0259 icmal b\u00fcdc\u0259nin layih\u0259l\u0259ri v\u0259 sonrak\u0131 \u00fc\u00e7 il \u00fc\u00e7\u00fcn icmal b\u00fcdc\u0259nin g\u00f6st\u0259ricil\u0259ri&#8221; v\u0259 &#8220;Az\u0259rbaycan Respublikas\u0131n\u0131n 2020-ci il v\u0259 g\u0259l\u0259n \u00fc\u00e7 il \u00fczr\u0259 iqtisadi v\u0259 sosial inki\u015faf konsepsiyas\u0131 v\u0259 proqnoz g\u00f6st\u0259ricil\u0259ri&#8221;nin birlikd\u0259 Az\u0259rbaycan Prezidentin\u0259 t\u0259qdim edilm\u0259si bar\u0259d\u0259 q\u0259rar q\u0259bul edib. ARANTV.AZ\u00a0\u00a0Trend-\u0259 istinad\u0259n bildirir ki,\u00a0bununla ba\u011fl\u0131 Nazirl\u0259r Kabineti &#8220;Az\u0259rbaycan Respublikas\u0131n\u0131n 2020-ci il \u00fczr\u0259 d\u00f6vl\u0259t b\u00fcdc\u0259sinin v\u0259 icmal b\u00fcdc\u0259nin layih\u0259l\u0259ri v\u0259 sonrak\u0131 \u00fc\u00e7 il \u00fc\u00e7\u00fcn icmal b\u00fcdc\u0259nin g\u00f6st\u0259ricil\u0259ri&#8221; v\u0259 &#8220;Az\u0259rbaycan Respublikas\u0131n\u0131n 2020-ci il v\u0259 g\u0259l\u0259n \u00fc\u00e7 il \u00fczr\u0259 iqtisadi v\u0259 sosial inki\u015faf konsepsiyas\u0131 v\u0259&hellip;<\/p>\n","protected":false},"author":2,"featured_media":81807,"comment_status":"closed","ping_status":"closed","sticky":false,"template":"","format":"standard","meta":{"om_disable_all_campaigns":false,"_monsterinsights_skip_tracking":false,"_monsterinsights_sitenote_active":false,"_monsterinsights_sitenote_note":"","_monsterinsights_sitenote_category":0},"categories":[4],"tags":[],"aioseo_notices":[],"gutentor_comment":0,"rttpg_featured_image_url":{"full":["https:\/\/arantv.az\/wp-content\/uploads\/2019\/09\/nazirler_kabineti_054.jpg",800,600,false],"landscape":["https:\/\/arantv.az\/wp-content\/uploads\/2019\/09\/nazirler_kabineti_054.jpg",800,600,false],"portraits":["https:\/\/arantv.az\/wp-content\/uploads\/2019\/09\/nazirler_kabineti_054.jpg",800,600,false],"thumbnail":["https:\/\/arantv.az\/wp-content\/uploads\/2019\/09\/nazirler_kabineti_054-150x150.jpg",150,150,true],"medium":["https:\/\/arantv.az\/wp-content\/uploads\/2019\/09\/nazirler_kabineti_054-300x225.jpg",300,225,true],"large":["https:\/\/arantv.az\/wp-content\/uploads\/2019\/09\/nazirler_kabineti_054.jpg",640,480,false],"1536x1536":["https:\/\/arantv.az\/wp-content\/uploads\/2019\/09\/nazirler_kabineti_054.jpg",800,600,false],"2048x2048":["https:\/\/arantv.az\/wp-content\/uploads\/2019\/09\/nazirler_kabineti_054.jpg",800,600,false],"post-thumbnail":["https:\/\/arantv.az\/wp-content\/uploads\/2019\/09\/nazirler_kabineti_054-240x172.jpg",240,172,true],"advps-thumb-one":["https:\/\/arantv.az\/wp-content\/uploads\/2019\/09\/nazirler_kabineti_054.jpg",800,600,false]},"rttpg_author":{"display_name":"V\u00fcsal Rafiqo\u011flu","author_link":"https:\/\/arantv.az\/?author=2"},"rttpg_comment":0,"rttpg_category":"<a href=\"https:\/\/arantv.az\/?cat=4\" rel=\"category\">Siyas\u0259t<\/a>","rttpg_excerpt":"Nazirl\u0259r Kabineti &#8220;Az\u0259rbaycan Respublikas\u0131n\u0131n 2020-ci il \u00fczr\u0259 d\u00f6vl\u0259t b\u00fcdc\u0259sinin v\u0259 icmal b\u00fcdc\u0259nin layih\u0259l\u0259ri v\u0259 sonrak\u0131 \u00fc\u00e7 il \u00fc\u00e7\u00fcn icmal b\u00fcdc\u0259nin g\u00f6st\u0259ricil\u0259ri&#8221; v\u0259 &#8220;Az\u0259rbaycan Respublikas\u0131n\u0131n 2020-ci il v\u0259 g\u0259l\u0259n \u00fc\u00e7 il \u00fczr\u0259 iqtisadi v\u0259 sosial inki\u015faf konsepsiyas\u0131 v\u0259 proqnoz g\u00f6st\u0259ricil\u0259ri&#8221;nin birlikd\u0259 Az\u0259rbaycan Prezidentin\u0259 t\u0259qdim edilm\u0259si bar\u0259d\u0259 q\u0259rar q\u0259bul edib. ARANTV.AZ\u00a0\u00a0Trend-\u0259 istinad\u0259n bildirir ki,\u00a0bununla ba\u011fl\u0131 Nazirl\u0259r Kabineti&hellip;","_links":{"self":[{"href":"https:\/\/arantv.az\/index.php?rest_route=\/wp\/v2\/posts\/81806"}],"collection":[{"href":"https:\/\/arantv.az\/index.php?rest_route=\/wp\/v2\/posts"}],"about":[{"href":"https:\/\/arantv.az\/index.php?rest_route=\/wp\/v2\/types\/post"}],"author":[{"embeddable":true,"href":"https:\/\/arantv.az\/index.php?rest_route=\/wp\/v2\/users\/2"}],"replies":[{"embeddable":true,"href":"https:\/\/arantv.az\/index.php?rest_route=%2Fwp%2Fv2%2Fcomments&post=81806"}],"version-history":[{"count":0,"href":"https:\/\/arantv.az\/index.php?rest_route=\/wp\/v2\/posts\/81806\/revisions"}],"wp:featuredmedia":[{"embeddable":true,"href":"https:\/\/arantv.az\/index.php?rest_route=\/wp\/v2\/media\/81807"}],"wp:attachment":[{"href":"https:\/\/arantv.az\/index.php?rest_route=%2Fwp%2Fv2%2Fmedia&parent=81806"}],"wp:term":[{"taxonomy":"category","embeddable":true,"href":"https:\/\/arantv.az\/index.php?rest_route=%2Fwp%2Fv2%2Fcategories&post=81806"},{"taxonomy":"post_tag","embeddable":true,"href":"https:\/\/arantv.az\/index.php?rest_route=%2Fwp%2Fv2%2Ftags&post=81806"}],"curies":[{"name":"wp","href":"https:\/\/api.w.org\/{rel}","templated":true}]}}