{"id":81818,"date":"2019-09-27T10:44:56","date_gmt":"2019-09-27T07:44:56","guid":{"rendered":"http:\/\/arantv.az\/?p=81818"},"modified":"2019-09-27T10:44:56","modified_gmt":"2019-09-27T07:44:56","slug":"c%c9%99brayil-h%c9%99s%c9%99novu-m%c9%99glub-ed%c9%99n-amerikali-dunya-cempionu-h%c9%99bibl%c9%99-dos%c9%99kd%c9%99-gorusm%c9%99k-ist%c9%99yir","status":"publish","type":"post","link":"https:\/\/arantv.az\/?p=81818","title":{"rendered":"C\u0259bray\u0131l H\u0259s\u0259novu m\u0259\u011flub ed\u0259n amerikal\u0131 d\u00fcnya \u00e7empionu H\u0259bibl\u0259 d\u00f6\u015f\u0259kd\u0259 g\u00f6r\u00fc\u015fm\u0259k ist\u0259yir"},"content":{"rendered":"<p>Bilir\u0259m ki, C\u0259bray\u0131l H\u0259s\u0259nov g\u00fccl\u00fc r\u0259qibdir. O, r\u0259qibini tutmaqda v\u0259 p\u0259r\u00e7iml\u0259m\u0259kd\u0259, h\u0259m\u00e7inin \u00fczb\u0259\u00fcz dayanark\u0259n \u00e7ox yax\u015f\u0131d\u0131r.<\/p>\n<p><strong>ARANTV.AZ\u00a0<\/strong>\u00a0x\u0259b\u0259r verir ki, bunu s\u0259rb\u0259st g\u00fcl\u0259\u015f \u00fczr\u0259 ikiqat d\u00fcnya \u00e7empionu Kayl Deyk deyib.<\/p>\n<p>O, fight-library.com sayt\u0131na m\u00fcsahib\u0259sind\u0259 ikinci d\u0259f\u0259 C\u0259bray\u0131l H\u0259s\u0259novu m\u0259\u011flub ed\u0259r\u0259k d\u00fcnya \u00e7empionu olmas\u0131ndan dan\u0131\u015f\u0131b:<\/p>\n<div id=\"AdviadNativeVideo0\" class=\"AdviadNativeVideo\"><\/div>\n<p>\u201cOyun plan\u0131m onu d\u00f6\u015f\u0259kd\u0259n \u200b\u200bk\u0259narla\u015fd\u0131rmaq idi. M\u0259n bu plan\u0131 h\u0259yata ke\u00e7irm\u0259kl\u0259 \u00e7ox yax\u015f\u0131 bir i\u015f ortaya qoydum v\u0259 ikinci q\u0131z\u0131l\u0131m\u0131 da \u0259l\u0259 ala bildim\u201d.<\/p>\n<p>79 kq-da d\u00fcnya \u00e7empionu olmu\u015f Kayl Deyk UFC \u00e7empionu H\u0259bib Nurm\u0259h\u0259mm\u0259dovla qar\u015f\u0131la\u015fma\u011fa pis yana\u015fmad\u0131\u011f\u0131n\u0131 bildirib:<\/p>\n<p>\u201c\u018fg\u0259r H\u0259bib g\u00fcl\u0259\u015f d\u00f6\u015f\u0259yind\u0259 yar\u0131\u015fmaq ist\u0259yirs\u0259, m\u0259n haz\u0131ram. H\u0259bib Nurm\u0259h\u0259mm\u0259dov, bunu e\u015fitdiniz? G\u0259lin, bunu ed\u0259k\u201d.oxu.az<\/p>\n","protected":false},"excerpt":{"rendered":"<p>Bilir\u0259m ki, C\u0259bray\u0131l H\u0259s\u0259nov g\u00fccl\u00fc r\u0259qibdir. O, r\u0259qibini tutmaqda v\u0259 p\u0259r\u00e7iml\u0259m\u0259kd\u0259, h\u0259m\u00e7inin \u00fczb\u0259\u00fcz dayanark\u0259n \u00e7ox yax\u015f\u0131d\u0131r. ARANTV.AZ\u00a0\u00a0x\u0259b\u0259r verir ki, bunu s\u0259rb\u0259st g\u00fcl\u0259\u015f \u00fczr\u0259 ikiqat d\u00fcnya \u00e7empionu Kayl Deyk deyib. O, fight-library.com sayt\u0131na m\u00fcsahib\u0259sind\u0259 ikinci d\u0259f\u0259 C\u0259bray\u0131l H\u0259s\u0259novu m\u0259\u011flub ed\u0259r\u0259k d\u00fcnya \u00e7empionu olmas\u0131ndan dan\u0131\u015f\u0131b: \u201cOyun plan\u0131m onu d\u00f6\u015f\u0259kd\u0259n \u200b\u200bk\u0259narla\u015fd\u0131rmaq idi. M\u0259n bu plan\u0131 h\u0259yata ke\u00e7irm\u0259kl\u0259 \u00e7ox yax\u015f\u0131 bir i\u015f ortaya qoydum v\u0259 ikinci q\u0131z\u0131l\u0131m\u0131 da \u0259l\u0259 ala bildim\u201d. 79 kq-da d\u00fcnya \u00e7empionu olmu\u015f Kayl Deyk UFC \u00e7empionu H\u0259bib Nurm\u0259h\u0259mm\u0259dovla qar\u015f\u0131la\u015fma\u011fa pis yana\u015fmad\u0131\u011f\u0131n\u0131 bildirib: \u201c\u018fg\u0259r H\u0259bib g\u00fcl\u0259\u015f d\u00f6\u015f\u0259yind\u0259 yar\u0131\u015fmaq ist\u0259yirs\u0259, m\u0259n haz\u0131ram.&hellip;<\/p>\n","protected":false},"author":2,"featured_media":81819,"comment_status":"closed","ping_status":"closed","sticky":false,"template":"","format":"standard","meta":{"om_disable_all_campaigns":false,"_monsterinsights_skip_tracking":false,"_monsterinsights_sitenote_active":false,"_monsterinsights_sitenote_note":"","_monsterinsights_sitenote_category":0},"categories":[6],"tags":[],"aioseo_notices":[],"gutentor_comment":0,"rttpg_featured_image_url":{"full":["https:\/\/arantv.az\/wp-content\/uploads\/2019\/09\/img_5149.jpg",620,413,false],"landscape":["https:\/\/arantv.az\/wp-content\/uploads\/2019\/09\/img_5149.jpg",620,413,false],"portraits":["https:\/\/arantv.az\/wp-content\/uploads\/2019\/09\/img_5149.jpg",620,413,false],"thumbnail":["https:\/\/arantv.az\/wp-content\/uploads\/2019\/09\/img_5149-150x150.jpg",150,150,true],"medium":["https:\/\/arantv.az\/wp-content\/uploads\/2019\/09\/img_5149-300x200.jpg",300,200,true],"large":["https:\/\/arantv.az\/wp-content\/uploads\/2019\/09\/img_5149.jpg",620,413,false],"1536x1536":["https:\/\/arantv.az\/wp-content\/uploads\/2019\/09\/img_5149.jpg",620,413,false],"2048x2048":["https:\/\/arantv.az\/wp-content\/uploads\/2019\/09\/img_5149.jpg",620,413,false],"post-thumbnail":["https:\/\/arantv.az\/wp-content\/uploads\/2019\/09\/img_5149-240x172.jpg",240,172,true],"advps-thumb-one":["https:\/\/arantv.az\/wp-content\/uploads\/2019\/09\/img_5149.jpg",620,413,false]},"rttpg_author":{"display_name":"V\u00fcsal Rafiqo\u011flu","author_link":"https:\/\/arantv.az\/?author=2"},"rttpg_comment":0,"rttpg_category":"<a href=\"https:\/\/arantv.az\/?cat=6\" rel=\"category\">\u0130dman<\/a>","rttpg_excerpt":"Bilir\u0259m ki, C\u0259bray\u0131l H\u0259s\u0259nov g\u00fccl\u00fc r\u0259qibdir. O, r\u0259qibini tutmaqda v\u0259 p\u0259r\u00e7iml\u0259m\u0259kd\u0259, h\u0259m\u00e7inin \u00fczb\u0259\u00fcz dayanark\u0259n \u00e7ox yax\u015f\u0131d\u0131r. ARANTV.AZ\u00a0\u00a0x\u0259b\u0259r verir ki, bunu s\u0259rb\u0259st g\u00fcl\u0259\u015f \u00fczr\u0259 ikiqat d\u00fcnya \u00e7empionu Kayl Deyk deyib. O, fight-library.com sayt\u0131na m\u00fcsahib\u0259sind\u0259 ikinci d\u0259f\u0259 C\u0259bray\u0131l H\u0259s\u0259novu m\u0259\u011flub ed\u0259r\u0259k d\u00fcnya \u00e7empionu olmas\u0131ndan dan\u0131\u015f\u0131b: \u201cOyun plan\u0131m onu d\u00f6\u015f\u0259kd\u0259n \u200b\u200bk\u0259narla\u015fd\u0131rmaq idi. M\u0259n bu plan\u0131 h\u0259yata ke\u00e7irm\u0259kl\u0259 \u00e7ox&hellip;","_links":{"self":[{"href":"https:\/\/arantv.az\/index.php?rest_route=\/wp\/v2\/posts\/81818"}],"collection":[{"href":"https:\/\/arantv.az\/index.php?rest_route=\/wp\/v2\/posts"}],"about":[{"href":"https:\/\/arantv.az\/index.php?rest_route=\/wp\/v2\/types\/post"}],"author":[{"embeddable":true,"href":"https:\/\/arantv.az\/index.php?rest_route=\/wp\/v2\/users\/2"}],"replies":[{"embeddable":true,"href":"https:\/\/arantv.az\/index.php?rest_route=%2Fwp%2Fv2%2Fcomments&post=81818"}],"version-history":[{"count":0,"href":"https:\/\/arantv.az\/index.php?rest_route=\/wp\/v2\/posts\/81818\/revisions"}],"wp:featuredmedia":[{"embeddable":true,"href":"https:\/\/arantv.az\/index.php?rest_route=\/wp\/v2\/media\/81819"}],"wp:attachment":[{"href":"https:\/\/arantv.az\/index.php?rest_route=%2Fwp%2Fv2%2Fmedia&parent=81818"}],"wp:term":[{"taxonomy":"category","embeddable":true,"href":"https:\/\/arantv.az\/index.php?rest_route=%2Fwp%2Fv2%2Fcategories&post=81818"},{"taxonomy":"post_tag","embeddable":true,"href":"https:\/\/arantv.az\/index.php?rest_route=%2Fwp%2Fv2%2Ftags&post=81818"}],"curies":[{"name":"wp","href":"https:\/\/api.w.org\/{rel}","templated":true}]}}