{"id":81834,"date":"2019-09-27T12:43:17","date_gmt":"2019-09-27T09:43:17","guid":{"rendered":"http:\/\/arantv.az\/?p=81834"},"modified":"2019-09-27T12:43:17","modified_gmt":"2019-09-27T09:43:17","slug":"imamzad%c9%99-ziyar%c9%99tgahindan-ogurluq-edildi","status":"publish","type":"post","link":"https:\/\/arantv.az\/?p=81834","title":{"rendered":"\u0130mamzad\u0259 ziyar\u0259tgah\u0131ndan o\u011furluq edildi"},"content":{"rendered":"<p>G\u0259nc\u0259d\u0259 o\u011furluq hadis\u0259si ba\u015f verib.<\/p>\n<p>Bununla ba\u011fl\u0131 Daxili \u0130\u015fl\u0259r Nazirliyi\u00a0(D\u0130N) m\u0259lumat yay\u0131b.<\/p>\n<div id=\"AdviadNativeVideo0\" class=\"AdviadNativeVideo\"><\/div>\n<p>K\u0259p\u0259z Rayon Polis \u0130dar\u0259sinin \u0259m\u0259kda\u015flar\u0131n\u0131n ke\u00e7irdikl\u0259ri \u0259m\u0259liyyat t\u0259dbirl\u0259ri n\u0259tic\u0259sind\u0259 sentyabr\u0131n 16-da G\u0259nc\u0259 \u015f\u0259h\u0259ri \u0259razisind\u0259ki \u0130mamzad\u0259 ziyar\u0259tgah\u0131ndak\u0131 bir q\u0259brin \u00fcz\u0259rind\u0259n al\u00fcminiumdan haz\u0131rlanm\u0131\u015f g\u00fcl qab\u0131n\u0131 o\u011furlamaqda \u015f\u00fcbh\u0259li bilin\u0259n \u015f\u0259h\u0259r sakini B.P\u0259nahov saxlan\u0131l\u0131b.<\/p>\n<p>Faktla ba\u011fl\u0131 ara\u015fd\u0131rma apar\u0131l\u0131r.<\/p>\n","protected":false},"excerpt":{"rendered":"<p>G\u0259nc\u0259d\u0259 o\u011furluq hadis\u0259si ba\u015f verib. Bununla ba\u011fl\u0131 Daxili \u0130\u015fl\u0259r Nazirliyi\u00a0(D\u0130N) m\u0259lumat yay\u0131b. K\u0259p\u0259z Rayon Polis \u0130dar\u0259sinin \u0259m\u0259kda\u015flar\u0131n\u0131n ke\u00e7irdikl\u0259ri \u0259m\u0259liyyat t\u0259dbirl\u0259ri n\u0259tic\u0259sind\u0259 sentyabr\u0131n 16-da G\u0259nc\u0259 \u015f\u0259h\u0259ri \u0259razisind\u0259ki \u0130mamzad\u0259 ziyar\u0259tgah\u0131ndak\u0131 bir q\u0259brin \u00fcz\u0259rind\u0259n al\u00fcminiumdan haz\u0131rlanm\u0131\u015f g\u00fcl qab\u0131n\u0131 o\u011furlamaqda \u015f\u00fcbh\u0259li bilin\u0259n \u015f\u0259h\u0259r sakini B.P\u0259nahov saxlan\u0131l\u0131b. Faktla ba\u011fl\u0131 ara\u015fd\u0131rma apar\u0131l\u0131r.<\/p>\n","protected":false},"author":2,"featured_media":81835,"comment_status":"closed","ping_status":"closed","sticky":false,"template":"","format":"standard","meta":{"om_disable_all_campaigns":false,"_monsterinsights_skip_tracking":false,"_monsterinsights_sitenote_active":false,"_monsterinsights_sitenote_note":"","_monsterinsights_sitenote_category":0},"categories":[5],"tags":[],"aioseo_notices":[],"gutentor_comment":0,"rttpg_featured_image_url":{"full":["https:\/\/arantv.az\/wp-content\/uploads\/2019\/09\/imzade.jpg",620,413,false],"landscape":["https:\/\/arantv.az\/wp-content\/uploads\/2019\/09\/imzade.jpg",620,413,false],"portraits":["https:\/\/arantv.az\/wp-content\/uploads\/2019\/09\/imzade.jpg",620,413,false],"thumbnail":["https:\/\/arantv.az\/wp-content\/uploads\/2019\/09\/imzade-150x150.jpg",150,150,true],"medium":["https:\/\/arantv.az\/wp-content\/uploads\/2019\/09\/imzade-300x200.jpg",300,200,true],"large":["https:\/\/arantv.az\/wp-content\/uploads\/2019\/09\/imzade.jpg",620,413,false],"1536x1536":["https:\/\/arantv.az\/wp-content\/uploads\/2019\/09\/imzade.jpg",620,413,false],"2048x2048":["https:\/\/arantv.az\/wp-content\/uploads\/2019\/09\/imzade.jpg",620,413,false],"post-thumbnail":["https:\/\/arantv.az\/wp-content\/uploads\/2019\/09\/imzade-240x172.jpg",240,172,true],"advps-thumb-one":["https:\/\/arantv.az\/wp-content\/uploads\/2019\/09\/imzade.jpg",620,413,false]},"rttpg_author":{"display_name":"V\u00fcsal Rafiqo\u011flu","author_link":"https:\/\/arantv.az\/?author=2"},"rttpg_comment":0,"rttpg_category":"<a href=\"https:\/\/arantv.az\/?cat=5\" rel=\"category\">Hadis\u0259<\/a>","rttpg_excerpt":"G\u0259nc\u0259d\u0259 o\u011furluq hadis\u0259si ba\u015f verib. Bununla ba\u011fl\u0131 Daxili \u0130\u015fl\u0259r Nazirliyi\u00a0(D\u0130N) m\u0259lumat yay\u0131b. K\u0259p\u0259z Rayon Polis \u0130dar\u0259sinin \u0259m\u0259kda\u015flar\u0131n\u0131n ke\u00e7irdikl\u0259ri \u0259m\u0259liyyat t\u0259dbirl\u0259ri n\u0259tic\u0259sind\u0259 sentyabr\u0131n 16-da G\u0259nc\u0259 \u015f\u0259h\u0259ri \u0259razisind\u0259ki \u0130mamzad\u0259 ziyar\u0259tgah\u0131ndak\u0131 bir q\u0259brin \u00fcz\u0259rind\u0259n al\u00fcminiumdan haz\u0131rlanm\u0131\u015f g\u00fcl qab\u0131n\u0131 o\u011furlamaqda \u015f\u00fcbh\u0259li bilin\u0259n \u015f\u0259h\u0259r sakini B.P\u0259nahov saxlan\u0131l\u0131b. Faktla ba\u011fl\u0131 ara\u015fd\u0131rma apar\u0131l\u0131r.","_links":{"self":[{"href":"https:\/\/arantv.az\/index.php?rest_route=\/wp\/v2\/posts\/81834"}],"collection":[{"href":"https:\/\/arantv.az\/index.php?rest_route=\/wp\/v2\/posts"}],"about":[{"href":"https:\/\/arantv.az\/index.php?rest_route=\/wp\/v2\/types\/post"}],"author":[{"embeddable":true,"href":"https:\/\/arantv.az\/index.php?rest_route=\/wp\/v2\/users\/2"}],"replies":[{"embeddable":true,"href":"https:\/\/arantv.az\/index.php?rest_route=%2Fwp%2Fv2%2Fcomments&post=81834"}],"version-history":[{"count":0,"href":"https:\/\/arantv.az\/index.php?rest_route=\/wp\/v2\/posts\/81834\/revisions"}],"wp:featuredmedia":[{"embeddable":true,"href":"https:\/\/arantv.az\/index.php?rest_route=\/wp\/v2\/media\/81835"}],"wp:attachment":[{"href":"https:\/\/arantv.az\/index.php?rest_route=%2Fwp%2Fv2%2Fmedia&parent=81834"}],"wp:term":[{"taxonomy":"category","embeddable":true,"href":"https:\/\/arantv.az\/index.php?rest_route=%2Fwp%2Fv2%2Fcategories&post=81834"},{"taxonomy":"post_tag","embeddable":true,"href":"https:\/\/arantv.az\/index.php?rest_route=%2Fwp%2Fv2%2Ftags&post=81834"}],"curies":[{"name":"wp","href":"https:\/\/api.w.org\/{rel}","templated":true}]}}