{"id":818485,"date":"2025-07-31T20:19:07","date_gmt":"2025-07-31T16:19:07","guid":{"rendered":"https:\/\/arantv.az\/?p=818485"},"modified":"2025-07-31T20:19:07","modified_gmt":"2025-07-31T16:19:07","slug":"z%c9%99lz%c9%99l%c9%99-il%c9%99-bagli-h%c9%99y%c9%99can-t%c9%99bili-calinir-3-olk%c9%99-h%c9%99r%c9%99k%c9%99t%c9%99-kecdi-baki-ucun-kritik-t%c9%99hluk%c9%99","status":"publish","type":"post","link":"https:\/\/arantv.az\/?p=818485","title":{"rendered":"Z\u0259lz\u0259l\u0259 il\u0259 ba\u011fl\u0131 H\u018fY\u018fCAN T\u018fB\u0130L\u0130 \u00e7al\u0131n\u0131r: 3 \u00f6lk\u0259 h\u0259r\u0259k\u0259t\u0259 ke\u00e7di, Bak\u0131 \u00fc\u00e7\u00fcn KR\u0130T\u0130K T\u018fHL\u00dcK\u018f"},"content":{"rendered":"<div class=\"text-content\" data-id=\"\" data-url=\"\">\n<p><strong>Son g\u00fcnl\u0259r regionda yeralt\u0131 t\u0259kanlar\u0131n intensivl\u0259\u015fm\u0259si m\u00fc\u015fahid\u0259 olunur. D\u00fcn\u0259n Rusiyan\u0131n Uzaq \u015e\u0259rqind\u0259 \u2013 Kam\u00e7atka yar\u0131madas\u0131 yax\u0131nl\u0131\u011f\u0131nda 8,7 bal g\u00fcc\u00fcnd\u0259 ba\u015f ver\u0259n g\u00fccl\u00fc z\u0259lz\u0259l\u0259d\u0259n sonra bu g\u00fcn Az\u0259rbaycanda da iki z\u0259lz\u0259l\u0259 qeyd\u0259 al\u0131n\u0131b. T\u0259kanlar K\u0259lb\u0259c\u0259r v\u0259 L\u0259nk\u0259ran-Lerik zonas\u0131nda hiss olunub. M\u00fct\u0259x\u0259ssisl\u0259r seysmik aktivliyin artmas\u0131n\u0131n s\u0259b\u0259bl\u0259rini ara\u015fd\u0131r\u0131r v\u0259 v\u0259ziyy\u0259ti n\u0259zar\u0259td\u0259 saxlay\u0131rlar.<\/strong><\/p>\n<p>M\u00f6vzu il\u0259 ba\u011fl\u0131 AMEA-n\u0131n Co\u011frafiya \u0130nstitutunun Seysmologiya \u015f\u00f6b\u0259sinin m\u00fcdiri, co\u011frafiya elml\u0259ri doktoru \u018fnv\u0259r \u018fliyev News24.az-a a\u00e7\u0131qlamas\u0131nda bildirib ki, Kam\u00e7atka v\u0259 \u0259traf \u0259razil\u0259r d\u00fcnyada seysmik bax\u0131mdan \u0259n aktiv b\u00f6lg\u0259l\u0259rd\u0259n biridir:<\/p>\n<p>\u201cD\u00fcnyan\u0131n \u0259n aktiv z\u0259lz\u0259l\u0259 zonalar\u0131ndan biri Sakit okean\u0131n q\u0259rb sahilidir. Kam\u00e7atka da m\u0259hz h\u0259min \u0259razid\u0259 yerl\u0259\u015fir v\u0259 orada z\u0259lz\u0259l\u0259l\u0259rin ba\u015f verm\u0259si normal hal say\u0131l\u0131r. T\u0259bii ki, 8,7 bal g\u00fcc\u00fcnd\u0259 bir z\u0259lz\u0259l\u0259 olduqca g\u00fccl\u00fcd\u00fcr v\u0259 narahatl\u0131q yarad\u0131r. Amma bu z\u0259lz\u0259l\u0259nin Az\u0259rbaycana birba\u015fa t\u0259siri yoxdur\u201d.<\/p>\n<p>\u018fnv\u0259r \u018fliyev \u0259lav\u0259 edib ki, Kam\u00e7atka Avrasiya materikinin \u015fimal-\u015f\u0259rqind\u0259 yerl\u0259\u015fir v\u0259 h\u0259min \u0259razid\u0259 \u00e7oxsayl\u0131 vulkanlar v\u0259 tektonik q\u0131r\u0131lma x\u0259tl\u0259ri m\u00f6vcuddur:<\/p>\n<p>\u201cH\u0259min zonada vulkanlar aktivdir v\u0259 z\u0259lz\u0259l\u0259l\u0259rin d\u0259rinlikl\u0259rd\u0259 ba\u015f verm\u0259si bu g\u0259rginliyin t\u0259zah\u00fcr\u00fcd\u00fcr. Az\u0259rbaycanla bu z\u0259lz\u0259l\u0259nin aras\u0131nda tektonik bax\u0131mdan birba\u015fa \u0259laq\u0259 yoxdur. Az\u0259rbaycanda is\u0259 haz\u0131rda g\u00fccl\u00fc z\u0259lz\u0259l\u0259 ehtimal\u0131 z\u0259if qiym\u0259tl\u0259ndirilir\u201d.<\/p>\n<p>Bununla bel\u0259, m\u00fct\u0259x\u0259ssis xat\u0131rlad\u0131b ki, Az\u0259rbaycan seysmik c\u0259h\u0259td\u0259n aktiv b\u00f6lg\u0259d\u0259 yerl\u0259\u015fir v\u0259 burada zaman-zaman m\u00fcxt\u0259lif g\u00fccd\u0259 z\u0259lz\u0259l\u0259l\u0259r ba\u015f verir:<\/p>\n<p>\u201c\u00d6lk\u0259mizd\u0259 g\u00fccl\u00fc z\u0259lz\u0259l\u0259nin ba\u015f verm\u0259 ehtimal\u0131 a\u015fa\u011f\u0131d\u0131r, lakin bu o dem\u0259k deyil ki, t\u0259hl\u00fck\u0259 tam istisnad\u0131r. Yeralt\u0131 prosesl\u0259r daim m\u00fc\u015fahid\u0259 alt\u0131nda saxlan\u0131l\u0131r. \u018fn vacibi is\u0259 odur ki, z\u0259lz\u0259l\u0259nin harada v\u0259 n\u0259 zaman ba\u015f ver\u0259c\u0259yini \u0259vv\u0259lc\u0259d\u0259n d\u0259qiq dem\u0259k elm \u00fc\u00e7\u00fcn h\u0259l\u0259 ki, m\u00fcmk\u00fcn deyil\u201d.<\/p>\n<\/div>\n<div><\/div>\n<div><\/div>\n<div class=\"inner-social-box\">\n<div class=\"subs-in-social subs-whatsapp\"><\/div>\n<\/div>\n","protected":false},"excerpt":{"rendered":"<p>Son g\u00fcnl\u0259r regionda yeralt\u0131 t\u0259kanlar\u0131n intensivl\u0259\u015fm\u0259si m\u00fc\u015fahid\u0259 olunur. D\u00fcn\u0259n Rusiyan\u0131n Uzaq \u015e\u0259rqind\u0259 \u2013 Kam\u00e7atka yar\u0131madas\u0131 yax\u0131nl\u0131\u011f\u0131nda 8,7 bal g\u00fcc\u00fcnd\u0259 ba\u015f ver\u0259n g\u00fccl\u00fc z\u0259lz\u0259l\u0259d\u0259n sonra bu g\u00fcn Az\u0259rbaycanda da iki z\u0259lz\u0259l\u0259 qeyd\u0259 al\u0131n\u0131b. T\u0259kanlar K\u0259lb\u0259c\u0259r v\u0259 L\u0259nk\u0259ran-Lerik zonas\u0131nda hiss olunub. M\u00fct\u0259x\u0259ssisl\u0259r seysmik aktivliyin artmas\u0131n\u0131n s\u0259b\u0259bl\u0259rini ara\u015fd\u0131r\u0131r v\u0259 v\u0259ziyy\u0259ti n\u0259zar\u0259td\u0259 saxlay\u0131rlar. M\u00f6vzu il\u0259 ba\u011fl\u0131 AMEA-n\u0131n Co\u011frafiya \u0130nstitutunun Seysmologiya \u015f\u00f6b\u0259sinin m\u00fcdiri, co\u011frafiya elml\u0259ri doktoru \u018fnv\u0259r \u018fliyev News24.az-a a\u00e7\u0131qlamas\u0131nda bildirib ki, Kam\u00e7atka v\u0259 \u0259traf \u0259razil\u0259r d\u00fcnyada seysmik bax\u0131mdan \u0259n aktiv b\u00f6lg\u0259l\u0259rd\u0259n biridir: \u201cD\u00fcnyan\u0131n \u0259n aktiv z\u0259lz\u0259l\u0259 zonalar\u0131ndan biri Sakit okean\u0131n q\u0259rb sahilidir. Kam\u00e7atka da&hellip;<\/p>\n","protected":false},"author":2,"featured_media":818486,"comment_status":"closed","ping_status":"closed","sticky":false,"template":"","format":"standard","meta":{"om_disable_all_campaigns":false,"_monsterinsights_skip_tracking":false,"_monsterinsights_sitenote_active":false,"_monsterinsights_sitenote_note":"","_monsterinsights_sitenote_category":0},"categories":[1],"tags":[],"aioseo_notices":[],"gutentor_comment":0,"rttpg_featured_image_url":{"full":["https:\/\/arantv.az\/wp-content\/uploads\/2025\/07\/7b363d4768ef1b6ac1e11e1f6b12839e.jpg",870,500,false],"landscape":["https:\/\/arantv.az\/wp-content\/uploads\/2025\/07\/7b363d4768ef1b6ac1e11e1f6b12839e.jpg",870,500,false],"portraits":["https:\/\/arantv.az\/wp-content\/uploads\/2025\/07\/7b363d4768ef1b6ac1e11e1f6b12839e.jpg",870,500,false],"thumbnail":["https:\/\/arantv.az\/wp-content\/uploads\/2025\/07\/7b363d4768ef1b6ac1e11e1f6b12839e-500x280.jpg",500,280,true],"medium":["https:\/\/arantv.az\/wp-content\/uploads\/2025\/07\/7b363d4768ef1b6ac1e11e1f6b12839e-635x365.jpg",635,365,true],"large":["https:\/\/arantv.az\/wp-content\/uploads\/2025\/07\/7b363d4768ef1b6ac1e11e1f6b12839e-840x483.jpg",640,368,true],"1536x1536":["https:\/\/arantv.az\/wp-content\/uploads\/2025\/07\/7b363d4768ef1b6ac1e11e1f6b12839e.jpg",870,500,false],"2048x2048":["https:\/\/arantv.az\/wp-content\/uploads\/2025\/07\/7b363d4768ef1b6ac1e11e1f6b12839e.jpg",870,500,false],"post-thumbnail":["https:\/\/arantv.az\/wp-content\/uploads\/2025\/07\/7b363d4768ef1b6ac1e11e1f6b12839e-240x172.jpg",240,172,true],"advps-thumb-one":["https:\/\/arantv.az\/wp-content\/uploads\/2025\/07\/7b363d4768ef1b6ac1e11e1f6b12839e.jpg",870,500,false]},"rttpg_author":{"display_name":"V\u00fcsal Rafiqo\u011flu","author_link":"https:\/\/arantv.az\/?author=2"},"rttpg_comment":0,"rttpg_category":"<a href=\"https:\/\/arantv.az\/?cat=1\" rel=\"category\">C\u0259miyy\u0259t<\/a>","rttpg_excerpt":"Son g\u00fcnl\u0259r regionda yeralt\u0131 t\u0259kanlar\u0131n intensivl\u0259\u015fm\u0259si m\u00fc\u015fahid\u0259 olunur. D\u00fcn\u0259n Rusiyan\u0131n Uzaq \u015e\u0259rqind\u0259 \u2013 Kam\u00e7atka yar\u0131madas\u0131 yax\u0131nl\u0131\u011f\u0131nda 8,7 bal g\u00fcc\u00fcnd\u0259 ba\u015f ver\u0259n g\u00fccl\u00fc z\u0259lz\u0259l\u0259d\u0259n sonra bu g\u00fcn Az\u0259rbaycanda da iki z\u0259lz\u0259l\u0259 qeyd\u0259 al\u0131n\u0131b. T\u0259kanlar K\u0259lb\u0259c\u0259r v\u0259 L\u0259nk\u0259ran-Lerik zonas\u0131nda hiss olunub. M\u00fct\u0259x\u0259ssisl\u0259r seysmik aktivliyin artmas\u0131n\u0131n s\u0259b\u0259bl\u0259rini ara\u015fd\u0131r\u0131r v\u0259 v\u0259ziyy\u0259ti n\u0259zar\u0259td\u0259 saxlay\u0131rlar. M\u00f6vzu il\u0259 ba\u011fl\u0131 AMEA-n\u0131n Co\u011frafiya \u0130nstitutunun&hellip;","_links":{"self":[{"href":"https:\/\/arantv.az\/index.php?rest_route=\/wp\/v2\/posts\/818485"}],"collection":[{"href":"https:\/\/arantv.az\/index.php?rest_route=\/wp\/v2\/posts"}],"about":[{"href":"https:\/\/arantv.az\/index.php?rest_route=\/wp\/v2\/types\/post"}],"author":[{"embeddable":true,"href":"https:\/\/arantv.az\/index.php?rest_route=\/wp\/v2\/users\/2"}],"replies":[{"embeddable":true,"href":"https:\/\/arantv.az\/index.php?rest_route=%2Fwp%2Fv2%2Fcomments&post=818485"}],"version-history":[{"count":1,"href":"https:\/\/arantv.az\/index.php?rest_route=\/wp\/v2\/posts\/818485\/revisions"}],"predecessor-version":[{"id":818488,"href":"https:\/\/arantv.az\/index.php?rest_route=\/wp\/v2\/posts\/818485\/revisions\/818488"}],"wp:featuredmedia":[{"embeddable":true,"href":"https:\/\/arantv.az\/index.php?rest_route=\/wp\/v2\/media\/818486"}],"wp:attachment":[{"href":"https:\/\/arantv.az\/index.php?rest_route=%2Fwp%2Fv2%2Fmedia&parent=818485"}],"wp:term":[{"taxonomy":"category","embeddable":true,"href":"https:\/\/arantv.az\/index.php?rest_route=%2Fwp%2Fv2%2Fcategories&post=818485"},{"taxonomy":"post_tag","embeddable":true,"href":"https:\/\/arantv.az\/index.php?rest_route=%2Fwp%2Fv2%2Ftags&post=818485"}],"curies":[{"name":"wp","href":"https:\/\/api.w.org\/{rel}","templated":true}]}}