{"id":818542,"date":"2025-07-31T22:25:24","date_gmt":"2025-07-31T18:25:24","guid":{"rendered":"https:\/\/arantv.az\/?p=818542"},"modified":"2025-07-31T22:25:24","modified_gmt":"2025-07-31T18:25:24","slug":"ankarada-susa-qarabagin-taci-qafqazin-s%c9%99n%c9%99t-m%c9%99b%c9%99difoto","status":"publish","type":"post","link":"https:\/\/arantv.az\/?p=818542","title":{"rendered":"Ankarada \u201c\u015eu\u015fa &#8211; Qaraba\u011f\u0131n tac\u0131, Qafqaz\u0131n s\u0259n\u0259t m\u0259b\u0259diFOTO"},"content":{"rendered":"<div class=\"text-content\" data-id=\"\" data-url=\"\">\n<p>&#8220;T\u00fcrk d\u00fcnyas\u0131n\u0131n m\u0259d\u0259niyy\u0259t paytaxt\u0131\u201d adl\u0131 kitab\u0131n t\u0259qdimat\u0131 olacaq<\/p>\n<p>Beyn\u0259lxalq T\u00fcrk M\u0259d\u0259niyy\u0259ti T\u0259\u015fkilat\u0131n\u0131n (T\u00dcRKSOY) T\u00fcrkiy\u0259 paytaxt\u0131nda yerl\u0259\u015f\u0259n ba\u015f katibliyinin binas\u0131nda avqustun 1-d\u0259 \u201c\u015eu\u015fa\u201d kitab\u0131n\u0131n t\u0259qdimat\u0131 olacaq. T\u00fcrk d\u00fcnyas\u0131n\u0131n v\u0259 Az\u0259rbaycan\u0131n m\u0259d\u0259niyy\u0259t paytaxt\u0131 haqq\u0131nda kitab\u0131n \u00e7apdan \u00e7\u0131xmas\u0131na h\u0259sr olunmu\u015f t\u0259dbirin ke\u00e7irilm\u0259sin\u0259 Az\u0259rbaycan M\u0259d\u0259niyy\u0259t Nazirliyi v\u0259 \u00f6lk\u0259mizin Ankaradak\u0131 s\u0259firliyi d\u0259 d\u0259st\u0259k g\u00f6st\u0259rib.<\/p>\n<p>T\u00dcRKSOY-un Ba\u015f katibi Sultan Raevin ad\u0131ndan g\u00f6nd\u0259ril\u0259n d\u0259v\u0259tnam\u0259d\u0259 bundan \u0259vv\u0259l T\u00fcrk d\u00fcnyas\u0131n\u0131n m\u0259d\u0259niyy\u0259t paytaxt\u0131 elan edilmi\u015f \u015eu\u015fa \u015f\u0259h\u0259rinin tarixi \u0259h\u0259miyy\u0259tin\u0259 diqq\u0259t yetirilir. T\u0259\u015fkilat\u0131n Ba\u015f katibi \u015eu\u015fan\u0131 \u201cQaraba\u011f\u0131n tac\u0131\u201d v\u0259 \u201cQafqaz\u0131n incisi\u201d adland\u0131r\u0131r.<\/p>\n<p><img loading=\"lazy\" src=\"https:\/\/cdn.musavat.com\/news\/thumbnails\/5d757d94d416ceb8a2de902a0a26fe3f.jpg\" alt=\"Screenshot_1.png (398 KB)\" width=\"510\" height=\"376\" \/><\/p>\n<p><strong>El\u00e7in \u018fhm\u0259dov<\/strong><\/p>\n<p>Az\u0259rbaycan Respublikas\u0131n\u0131n Prezidenti yan\u0131nda D\u00f6vl\u0259t \u0130dar\u0259\u00e7ilik Akademiyas\u0131n\u0131n \u201cQaraba\u011f \u0130rsini Ara\u015fd\u0131rma M\u0259rk\u0259zi\u201dnin r\u0259hb\u0259ri, professor, siyasi elml\u0259r doktoru, \u015eu\u015fa \u015f\u0259h\u0259rind\u0259 anadan olmu\u015f El\u00e7in \u018fhm\u0259dovun m\u00fc\u0259llifi oldu\u011fu kitabda Az\u0259rbaycan\u0131n maarif\u00e7ilik be\u015fiyi v\u0259 m\u0259d\u0259niyy\u0259t m\u0259rk\u0259zi \u015eu\u015fan\u0131n tarixi-m\u0259d\u0259ni irsi v\u0259 strateji \u0259h\u0259miyy\u0259tind\u0259n b\u0259hs edilir. Qeyd ed\u0259k ki, T\u00fcrkiy\u0259d\u0259 n\u0259\u015fr edil\u0259n kitab, \u0259ziz v\u0259 do\u011fma \u015eu\u015fa \u015f\u0259h\u0259ri i\u015f\u011faldan azad edildikd\u0259n sonra m\u00fc\u0259llif El\u00e7in \u018fhm\u0259dovun m\u00fcxt\u0259lif m\u0259zmun v\u0259 formatda 14-c\u00fc kitab\u0131d\u0131r ki, bunlardan 10-u xarici \u00f6lk\u0259l\u0259rd\u0259 n\u0259\u015fr edilmi\u015fdir.<\/p>\n<p>&nbsp;<\/p>\n<\/div>\n<div>\n<div class=\"form-group\"><img class=\"img-responsive\" src=\"https:\/\/cdn.musavat.com\/news\/images\/Gugu\/gugu\/gg66\/1ac66bad-cb34-4647-9b3b-92760ed05544.jpeg\" \/><\/div>\n<div class=\"form-group\"><img class=\"img-responsive\" src=\"https:\/\/cdn.musavat.com\/news\/images\/Gugu\/gugu\/gg66\/ecb8864a-0d6f-4019-b9ad-ef00a18dca2e.jpeg\" \/><\/div>\n<div class=\"form-group\"><img class=\"img-responsive\" src=\"https:\/\/cdn.musavat.com\/news\/images\/Gugu\/gugu\/gg66\/ff776673-41eb-43e2-8e4f-b10bdf389661.jpeg\" \/><\/div>\n<\/div>\n","protected":false},"excerpt":{"rendered":"<p>&#8220;T\u00fcrk d\u00fcnyas\u0131n\u0131n m\u0259d\u0259niyy\u0259t paytaxt\u0131\u201d adl\u0131 kitab\u0131n t\u0259qdimat\u0131 olacaq Beyn\u0259lxalq T\u00fcrk M\u0259d\u0259niyy\u0259ti T\u0259\u015fkilat\u0131n\u0131n (T\u00dcRKSOY) T\u00fcrkiy\u0259 paytaxt\u0131nda yerl\u0259\u015f\u0259n ba\u015f katibliyinin binas\u0131nda avqustun 1-d\u0259 \u201c\u015eu\u015fa\u201d kitab\u0131n\u0131n t\u0259qdimat\u0131 olacaq. T\u00fcrk d\u00fcnyas\u0131n\u0131n v\u0259 Az\u0259rbaycan\u0131n m\u0259d\u0259niyy\u0259t paytaxt\u0131 haqq\u0131nda kitab\u0131n \u00e7apdan \u00e7\u0131xmas\u0131na h\u0259sr olunmu\u015f t\u0259dbirin ke\u00e7irilm\u0259sin\u0259 Az\u0259rbaycan M\u0259d\u0259niyy\u0259t Nazirliyi v\u0259 \u00f6lk\u0259mizin Ankaradak\u0131 s\u0259firliyi d\u0259 d\u0259st\u0259k g\u00f6st\u0259rib. T\u00dcRKSOY-un Ba\u015f katibi Sultan Raevin ad\u0131ndan g\u00f6nd\u0259ril\u0259n d\u0259v\u0259tnam\u0259d\u0259 bundan \u0259vv\u0259l T\u00fcrk d\u00fcnyas\u0131n\u0131n m\u0259d\u0259niyy\u0259t paytaxt\u0131 elan edilmi\u015f \u015eu\u015fa \u015f\u0259h\u0259rinin tarixi \u0259h\u0259miyy\u0259tin\u0259 diqq\u0259t yetirilir. T\u0259\u015fkilat\u0131n Ba\u015f katibi \u015eu\u015fan\u0131 \u201cQaraba\u011f\u0131n tac\u0131\u201d v\u0259 \u201cQafqaz\u0131n incisi\u201d adland\u0131r\u0131r. El\u00e7in \u018fhm\u0259dov Az\u0259rbaycan Respublikas\u0131n\u0131n Prezidenti yan\u0131nda D\u00f6vl\u0259t \u0130dar\u0259\u00e7ilik Akademiyas\u0131n\u0131n&hellip;<\/p>\n","protected":false},"author":2,"featured_media":818543,"comment_status":"closed","ping_status":"closed","sticky":false,"template":"","format":"standard","meta":{"om_disable_all_campaigns":false,"_monsterinsights_skip_tracking":false,"_monsterinsights_sitenote_active":false,"_monsterinsights_sitenote_note":"","_monsterinsights_sitenote_category":0},"categories":[1],"tags":[],"aioseo_notices":[],"gutentor_comment":0,"rttpg_featured_image_url":{"full":["https:\/\/arantv.az\/wp-content\/uploads\/2025\/07\/c839aae3e0262ccf036e9d6e33be65fa.jpg",870,500,false],"landscape":["https:\/\/arantv.az\/wp-content\/uploads\/2025\/07\/c839aae3e0262ccf036e9d6e33be65fa.jpg",870,500,false],"portraits":["https:\/\/arantv.az\/wp-content\/uploads\/2025\/07\/c839aae3e0262ccf036e9d6e33be65fa.jpg",870,500,false],"thumbnail":["https:\/\/arantv.az\/wp-content\/uploads\/2025\/07\/c839aae3e0262ccf036e9d6e33be65fa-500x280.jpg",500,280,true],"medium":["https:\/\/arantv.az\/wp-content\/uploads\/2025\/07\/c839aae3e0262ccf036e9d6e33be65fa-635x365.jpg",635,365,true],"large":["https:\/\/arantv.az\/wp-content\/uploads\/2025\/07\/c839aae3e0262ccf036e9d6e33be65fa-840x483.jpg",640,368,true],"1536x1536":["https:\/\/arantv.az\/wp-content\/uploads\/2025\/07\/c839aae3e0262ccf036e9d6e33be65fa.jpg",870,500,false],"2048x2048":["https:\/\/arantv.az\/wp-content\/uploads\/2025\/07\/c839aae3e0262ccf036e9d6e33be65fa.jpg",870,500,false],"post-thumbnail":["https:\/\/arantv.az\/wp-content\/uploads\/2025\/07\/c839aae3e0262ccf036e9d6e33be65fa-240x172.jpg",240,172,true],"advps-thumb-one":["https:\/\/arantv.az\/wp-content\/uploads\/2025\/07\/c839aae3e0262ccf036e9d6e33be65fa.jpg",870,500,false]},"rttpg_author":{"display_name":"V\u00fcsal Rafiqo\u011flu","author_link":"https:\/\/arantv.az\/?author=2"},"rttpg_comment":0,"rttpg_category":"<a href=\"https:\/\/arantv.az\/?cat=1\" rel=\"category\">C\u0259miyy\u0259t<\/a>","rttpg_excerpt":"&#8220;T\u00fcrk d\u00fcnyas\u0131n\u0131n m\u0259d\u0259niyy\u0259t paytaxt\u0131\u201d adl\u0131 kitab\u0131n t\u0259qdimat\u0131 olacaq Beyn\u0259lxalq T\u00fcrk M\u0259d\u0259niyy\u0259ti T\u0259\u015fkilat\u0131n\u0131n (T\u00dcRKSOY) T\u00fcrkiy\u0259 paytaxt\u0131nda yerl\u0259\u015f\u0259n ba\u015f katibliyinin binas\u0131nda avqustun 1-d\u0259 \u201c\u015eu\u015fa\u201d kitab\u0131n\u0131n t\u0259qdimat\u0131 olacaq. T\u00fcrk d\u00fcnyas\u0131n\u0131n v\u0259 Az\u0259rbaycan\u0131n m\u0259d\u0259niyy\u0259t paytaxt\u0131 haqq\u0131nda kitab\u0131n \u00e7apdan \u00e7\u0131xmas\u0131na h\u0259sr olunmu\u015f t\u0259dbirin ke\u00e7irilm\u0259sin\u0259 Az\u0259rbaycan M\u0259d\u0259niyy\u0259t Nazirliyi v\u0259 \u00f6lk\u0259mizin Ankaradak\u0131 s\u0259firliyi d\u0259 d\u0259st\u0259k g\u00f6st\u0259rib. T\u00dcRKSOY-un Ba\u015f katibi Sultan Raevin ad\u0131ndan&hellip;","_links":{"self":[{"href":"https:\/\/arantv.az\/index.php?rest_route=\/wp\/v2\/posts\/818542"}],"collection":[{"href":"https:\/\/arantv.az\/index.php?rest_route=\/wp\/v2\/posts"}],"about":[{"href":"https:\/\/arantv.az\/index.php?rest_route=\/wp\/v2\/types\/post"}],"author":[{"embeddable":true,"href":"https:\/\/arantv.az\/index.php?rest_route=\/wp\/v2\/users\/2"}],"replies":[{"embeddable":true,"href":"https:\/\/arantv.az\/index.php?rest_route=%2Fwp%2Fv2%2Fcomments&post=818542"}],"version-history":[{"count":1,"href":"https:\/\/arantv.az\/index.php?rest_route=\/wp\/v2\/posts\/818542\/revisions"}],"predecessor-version":[{"id":818544,"href":"https:\/\/arantv.az\/index.php?rest_route=\/wp\/v2\/posts\/818542\/revisions\/818544"}],"wp:featuredmedia":[{"embeddable":true,"href":"https:\/\/arantv.az\/index.php?rest_route=\/wp\/v2\/media\/818543"}],"wp:attachment":[{"href":"https:\/\/arantv.az\/index.php?rest_route=%2Fwp%2Fv2%2Fmedia&parent=818542"}],"wp:term":[{"taxonomy":"category","embeddable":true,"href":"https:\/\/arantv.az\/index.php?rest_route=%2Fwp%2Fv2%2Fcategories&post=818542"},{"taxonomy":"post_tag","embeddable":true,"href":"https:\/\/arantv.az\/index.php?rest_route=%2Fwp%2Fv2%2Ftags&post=818542"}],"curies":[{"name":"wp","href":"https:\/\/api.w.org\/{rel}","templated":true}]}}