{"id":818545,"date":"2025-07-31T22:27:17","date_gmt":"2025-07-31T18:27:17","guid":{"rendered":"https:\/\/arantv.az\/?p=818545"},"modified":"2025-07-31T22:27:17","modified_gmt":"2025-07-31T18:27:17","slug":"rusiyadan-az%c9%99rbaycana-t%c9%99hluk%c9%99-gozl%c9%99nilirmi-ukrayna-adi-altinda","status":"publish","type":"post","link":"https:\/\/arantv.az\/?p=818545","title":{"rendered":"Rusiyadan Az\u0259rbaycana T\u018fHL\u00dcK\u018f g\u00f6zl\u0259nilirmi? Ukrayna ad\u0131 alt\u0131nda"},"content":{"rendered":"<p><strong class=\"title-black\">&#8220;Az\u0259rbaycana qar\u015f\u0131 dolay\u0131s\u0131 t\u0259zyiql\u0259r istisna deyil. Bu, Ukrayna ad\u0131 alt\u0131nda, informasiya m\u00fcharib\u0259si v\u0259 ya siyasi provokasiyalar \u015f\u0259klind\u0259 realla\u015fa bil\u0259r&#8221;.<\/strong><\/p>\n<p>Bu bar\u0259d\u0259 Tv Musavat-\u0131n canl\u0131 efirind\u0259 t\u0259hl\u00fck\u0259sizlik m\u0259s\u0259l\u0259l\u0259ri \u00fczr\u0259 ekspert \u0130lham \u0130smay\u0131l dan\u0131\u015f\u0131b.<\/p>\n<p>O, bildirib ki, Rusiya regionda n\u00fcfuzunu itirdikc\u0259, qeyri-stabil add\u0131mlara meyilli olur: \u201cRusiya Ukraynada m\u0259\u011flub olduqca, t\u0259sir imkanlar\u0131n\u0131 ba\u015fqa b\u00f6lg\u0259l\u0259r\u0259 y\u00f6n\u0259ltm\u0259y\u0259 \u00e7al\u0131\u015facaq. Az\u0259rbaycana qar\u015f\u0131 dolay\u0131s\u0131 t\u0259zyiql\u0259r istisna deyil. Bu, Ukrayna ad\u0131 alt\u0131nda, informasiya m\u00fcharib\u0259si v\u0259 ya siyasi provokasiyalar \u015f\u0259klind\u0259 realla\u015fa bil\u0259r\u201d.<\/p>\n<p>Ekspert \u0259lav\u0259 edib ki, Az\u0259rbaycan h\u0259rbi v\u0259 diplomatik bax\u0131mdan haz\u0131r olmal\u0131, eyni zamanda, informasiya t\u0259hl\u00fck\u0259sizliyin\u0259 ciddi \u00f6n\u0259m verm\u0259lidir.<\/p>\n<p><iframe src=\"https:\/\/www.youtube.com\/embed\/PTvpHv6I4lk\" allowfullscreen=\"allowfullscreen\" data-mce-fragment=\"1\"><\/iframe><\/p>\n<p><strong>Musavat.com<\/strong><\/p>\n","protected":false},"excerpt":{"rendered":"<p>&#8220;Az\u0259rbaycana qar\u015f\u0131 dolay\u0131s\u0131 t\u0259zyiql\u0259r istisna deyil. Bu, Ukrayna ad\u0131 alt\u0131nda, informasiya m\u00fcharib\u0259si v\u0259 ya siyasi provokasiyalar \u015f\u0259klind\u0259 realla\u015fa bil\u0259r&#8221;. Bu bar\u0259d\u0259 Tv Musavat-\u0131n canl\u0131 efirind\u0259 t\u0259hl\u00fck\u0259sizlik m\u0259s\u0259l\u0259l\u0259ri \u00fczr\u0259 ekspert \u0130lham \u0130smay\u0131l dan\u0131\u015f\u0131b. O, bildirib ki, Rusiya regionda n\u00fcfuzunu itirdikc\u0259, qeyri-stabil add\u0131mlara meyilli olur: \u201cRusiya Ukraynada m\u0259\u011flub olduqca, t\u0259sir imkanlar\u0131n\u0131 ba\u015fqa b\u00f6lg\u0259l\u0259r\u0259 y\u00f6n\u0259ltm\u0259y\u0259 \u00e7al\u0131\u015facaq. Az\u0259rbaycana qar\u015f\u0131 dolay\u0131s\u0131 t\u0259zyiql\u0259r istisna deyil. Bu, Ukrayna ad\u0131 alt\u0131nda, informasiya m\u00fcharib\u0259si v\u0259 ya siyasi provokasiyalar \u015f\u0259klind\u0259 realla\u015fa bil\u0259r\u201d. Ekspert \u0259lav\u0259 edib ki, Az\u0259rbaycan h\u0259rbi v\u0259 diplomatik bax\u0131mdan haz\u0131r olmal\u0131, eyni zamanda, informasiya t\u0259hl\u00fck\u0259sizliyin\u0259 ciddi \u00f6n\u0259m verm\u0259lidir.&hellip;<\/p>\n","protected":false},"author":2,"featured_media":818546,"comment_status":"closed","ping_status":"closed","sticky":false,"template":"","format":"standard","meta":{"om_disable_all_campaigns":false,"_monsterinsights_skip_tracking":false,"_monsterinsights_sitenote_active":false,"_monsterinsights_sitenote_note":"","_monsterinsights_sitenote_category":0},"categories":[19],"tags":[],"aioseo_notices":[],"gutentor_comment":0,"rttpg_featured_image_url":{"full":["https:\/\/arantv.az\/wp-content\/uploads\/2025\/07\/f1349655e342d65097425fbe00fa4d57.jpg",690,398,false],"landscape":["https:\/\/arantv.az\/wp-content\/uploads\/2025\/07\/f1349655e342d65097425fbe00fa4d57.jpg",690,398,false],"portraits":["https:\/\/arantv.az\/wp-content\/uploads\/2025\/07\/f1349655e342d65097425fbe00fa4d57.jpg",690,398,false],"thumbnail":["https:\/\/arantv.az\/wp-content\/uploads\/2025\/07\/f1349655e342d65097425fbe00fa4d57-500x280.jpg",500,280,true],"medium":["https:\/\/arantv.az\/wp-content\/uploads\/2025\/07\/f1349655e342d65097425fbe00fa4d57-633x365.jpg",633,365,true],"large":["https:\/\/arantv.az\/wp-content\/uploads\/2025\/07\/f1349655e342d65097425fbe00fa4d57.jpg",640,369,false],"1536x1536":["https:\/\/arantv.az\/wp-content\/uploads\/2025\/07\/f1349655e342d65097425fbe00fa4d57.jpg",690,398,false],"2048x2048":["https:\/\/arantv.az\/wp-content\/uploads\/2025\/07\/f1349655e342d65097425fbe00fa4d57.jpg",690,398,false],"post-thumbnail":["https:\/\/arantv.az\/wp-content\/uploads\/2025\/07\/f1349655e342d65097425fbe00fa4d57-240x172.jpg",240,172,true],"advps-thumb-one":["https:\/\/arantv.az\/wp-content\/uploads\/2025\/07\/f1349655e342d65097425fbe00fa4d57.jpg",690,398,false]},"rttpg_author":{"display_name":"V\u00fcsal Rafiqo\u011flu","author_link":"https:\/\/arantv.az\/?author=2"},"rttpg_comment":0,"rttpg_category":"<a href=\"https:\/\/arantv.az\/?cat=19\" rel=\"category\">G\u00fcnd\u0259m<\/a>","rttpg_excerpt":"&#8220;Az\u0259rbaycana qar\u015f\u0131 dolay\u0131s\u0131 t\u0259zyiql\u0259r istisna deyil. Bu, Ukrayna ad\u0131 alt\u0131nda, informasiya m\u00fcharib\u0259si v\u0259 ya siyasi provokasiyalar \u015f\u0259klind\u0259 realla\u015fa bil\u0259r&#8221;. Bu bar\u0259d\u0259 Tv Musavat-\u0131n canl\u0131 efirind\u0259 t\u0259hl\u00fck\u0259sizlik m\u0259s\u0259l\u0259l\u0259ri \u00fczr\u0259 ekspert \u0130lham \u0130smay\u0131l dan\u0131\u015f\u0131b. O, bildirib ki, Rusiya regionda n\u00fcfuzunu itirdikc\u0259, qeyri-stabil add\u0131mlara meyilli olur: \u201cRusiya Ukraynada m\u0259\u011flub olduqca, t\u0259sir imkanlar\u0131n\u0131 ba\u015fqa b\u00f6lg\u0259l\u0259r\u0259 y\u00f6n\u0259ltm\u0259y\u0259 \u00e7al\u0131\u015facaq. Az\u0259rbaycana qar\u015f\u0131&hellip;","_links":{"self":[{"href":"https:\/\/arantv.az\/index.php?rest_route=\/wp\/v2\/posts\/818545"}],"collection":[{"href":"https:\/\/arantv.az\/index.php?rest_route=\/wp\/v2\/posts"}],"about":[{"href":"https:\/\/arantv.az\/index.php?rest_route=\/wp\/v2\/types\/post"}],"author":[{"embeddable":true,"href":"https:\/\/arantv.az\/index.php?rest_route=\/wp\/v2\/users\/2"}],"replies":[{"embeddable":true,"href":"https:\/\/arantv.az\/index.php?rest_route=%2Fwp%2Fv2%2Fcomments&post=818545"}],"version-history":[{"count":2,"href":"https:\/\/arantv.az\/index.php?rest_route=\/wp\/v2\/posts\/818545\/revisions"}],"predecessor-version":[{"id":818548,"href":"https:\/\/arantv.az\/index.php?rest_route=\/wp\/v2\/posts\/818545\/revisions\/818548"}],"wp:featuredmedia":[{"embeddable":true,"href":"https:\/\/arantv.az\/index.php?rest_route=\/wp\/v2\/media\/818546"}],"wp:attachment":[{"href":"https:\/\/arantv.az\/index.php?rest_route=%2Fwp%2Fv2%2Fmedia&parent=818545"}],"wp:term":[{"taxonomy":"category","embeddable":true,"href":"https:\/\/arantv.az\/index.php?rest_route=%2Fwp%2Fv2%2Fcategories&post=818545"},{"taxonomy":"post_tag","embeddable":true,"href":"https:\/\/arantv.az\/index.php?rest_route=%2Fwp%2Fv2%2Ftags&post=818545"}],"curies":[{"name":"wp","href":"https:\/\/api.w.org\/{rel}","templated":true}]}}