{"id":818553,"date":"2025-08-01T09:01:20","date_gmt":"2025-08-01T05:01:20","guid":{"rendered":"https:\/\/arantv.az\/?p=818553"},"modified":"2025-08-01T09:01:20","modified_gmt":"2025-08-01T05:01:20","slug":"britaniya-n%c9%99sri-d%c9%99-az%c9%99rbaycana-bohtan-atdi-bakidan-s%c9%99rt-reaksiya","status":"publish","type":"post","link":"https:\/\/arantv.az\/?p=818553","title":{"rendered":"Britaniya n\u0259\u015fri d\u0259 Az\u0259rbaycana b\u00f6htan atd\u0131 &#8211; Bak\u0131dan s\u0259rt reaksiya"},"content":{"rendered":"<h3><strong>\u201cBBC Az\u0259rbaycanca\u201d Az\u0259rbaycan \u0259leyhin\u0259 geni\u015f material d\u0259rc edib. Orada deyilir ki, guya enerji maraqlar\u0131na g\u00f6r\u0259 Avropa \u0130ttifaq\u0131 Az\u0259rbaycanda \u201csiyasi h\u0259bsl\u0259r\u0259 g\u00f6z yumur\u201d.<\/strong><\/h3>\n<p><strong>M\u0259qal\u0259d\u0259 habel\u0259 qeyd olunur ki, Az\u0259rbaycan v\u0259 Avropa \u00f6lk\u0259l\u0259ri aras\u0131nda m\u00fcnasib\u0259tl\u0259rd\u0259 yeni m\u0259rh\u0259l\u0259 2022-ci ilin iyulunda, Avropa Komissiyas\u0131n\u0131n s\u0259dri Ursula von der Leyen Az\u0259rbaycan\u0131 \u201cRusiya t\u0259bii yanacaqlar\u0131ndan imtina etm\u0259k s\u0259yl\u0259rind\u0259 \u0259sas t\u0259r\u0259fda\u015f\u201d elan etdikd\u0259n sonra ba\u015flay\u0131b. Bildirilir ki, \u00f6t\u0259n ilin dekabr\u0131nda Avropa Parlamenti \u201cbu probleml\u0259ri etiraf ed\u0259r\u0259k\u201d Avropa Komissiyas\u0131n\u0131 Az\u0259rbaycana qar\u015f\u0131 \u015f\u0259xsi sanksiyalar t\u0259tbiq etm\u0259y\u0259 v\u0259 \u201cAz\u0259rbaycan qaz\u0131n\u0131n idxal\u0131ndan as\u0131l\u0131l\u0131\u011fa son qoyma\u011fa\u201d \u00e7a\u011f\u0131r\u0131b. Lakin Avropa Parlamentinin q\u0259tnam\u0259l\u0259ri t\u00f6vsiy\u0259 xarakteri da\u015f\u0131y\u0131r v\u0259 ittifaq\u0131n beyn\u0259lxalq siyas\u0259tin\u0259 cavabdeh olan m\u0259murlar\u0131n \u00f6hd\u0259sin\u0259 he\u00e7 n\u0259 qoymur.<\/strong><\/p>\n<p>\u201cAz\u0259rbaycan m\u00fcxalif\u0259t\u00e7il\u0259ri naraz\u0131d\u0131rlar ki, insan haqlar\u0131n\u0131n v\u0259 demokratiyan\u0131n qorunmas\u0131n\u0131 Avropa \u0130ttifaq\u0131n\u0131n strateji maraq v\u0259 v\u0259zif\u0259si kimi b\u0259yan ed\u0259n Avropa r\u0259smil\u0259ri Az\u0259rbaycana g\u0259l\u0259nd\u0259 bunu istisna edirl\u0259r\u201d, &#8211; dey\u0259 Br\u00fcssel t\u0259nqid olunur.<\/p>\n<p>A\u0130 miqyas\u0131nda qaz idxal\u0131nda Az\u0259rbaycan\u0131n pay\u0131 c\u00fczi, 4,3 faiz olaraq qal\u0131r. Amma C\u0259nub Qaz D\u0259hlizi il\u0259 Az\u0259rbaycana qo\u015fulan ittifaq \u00f6lk\u0259l\u0259rind\u0259 v\u0259ziyy\u0259t f\u0259rqlidir. Bolqar\u0131stan qaz\u0131n t\u0259qrib\u0259n 40 faizini, Yunan\u0131stan v\u0259 \u0130taliya is\u0259 15 faizd\u0259n \u00e7oxunu bu d\u0259hliz vasit\u0259sil\u0259 al\u0131r.<\/p>\n<p>Ad\u0131 a\u00e7\u0131qlanmayan avropal\u0131 diplomat BBC il\u0259 s\u00f6hb\u0259tind\u0259 deyib: \u201cAz\u0259rbaycan indi xarici t\u0259zyiql\u0259r bax\u0131m\u0131ndan olduqca rahat v\u0259ziyy\u0259td\u0259dir. M\u0259n Avropan\u0131 Az\u0259rbaycana, &#8220;biz art\u0131q sizin qaz\u0131n\u0131z\u0131 almayaca\u011f\u0131q&#8221; dey\u0259 bil\u0259n vahid bir q\u00fcvv\u0259 kimi g\u00f6rm\u00fcr\u0259m. \u00c7\u00fcnki italyanlar, yunanlar, Balkan \u00f6lk\u0259l\u0259ri yen\u0259 dey\u0259c\u0259kl\u0259r: \u201cYox, biz bacarm\u0131r\u0131q, biz\u0259 Az\u0259rbaycan qaz\u0131 laz\u0131md\u0131r\u201d. Bel\u0259 olan halda Avropan\u0131n Az\u0259rbaycana ciddi t\u0259zyiq r\u0131\u00e7aqlar\u0131 yoxdur&#8221;.<\/p>\n<p><strong>Bu iddialar\u0131 az\u0259rbaycanl\u0131 analitikl\u0259r b\u00f6l\u00fc\u015f\u00fcrm\u00fc?<\/strong><\/p>\n<p>\u201cSon g\u00fcnl\u0259r b\u0259zi Q\u0259rb media qurumlar\u0131nda, o c\u00fcml\u0259d\u0259n &#8220;BBC Az\u0259rbaycanca&#8221;da \u00f6lk\u0259miz\u0259 qar\u015f\u0131 q\u0259r\u0259zli v\u0259 \u0259sass\u0131z iddialar\u0131n yer ald\u0131\u011f\u0131 materiallar d\u0259rc olunub. Bu yaz\u0131larda Az\u0259rbaycanla Avropa \u0130ttifaq\u0131 aras\u0131nda enerji \u0259m\u0259kda\u015fl\u0131\u011f\u0131 fonunda insan haqlar\u0131 il\u0259 ba\u011fl\u0131 manipulyativ fikirl\u0259r ir\u0259li s\u00fcr\u00fcl\u00fcr. Lakin reall\u0131q ondan ibar\u0259tdir ki, Az\u0259rbaycan demokratik inki\u015faf yolunu se\u00e7mi\u015f, daxili sabitlik v\u0259 t\u0259r\u0259qqi il\u0259 f\u0259rql\u0259n\u0259n bir d\u00f6vl\u0259tdir&#8221;.<\/p>\n<p><img src=\"https:\/\/files.modern.az\/photo\/orginal\/2024\/09\/11\/1726065494_1702211674_1699510493_kamran_bayramov_240520-1.jpg\" alt=\"Kamran Bayramov: A\u015ePA-da \u015fantaj \u015evabe kimil\u0259rinin dan\u0131\u015f\u0131q dilidir\" \/><\/p>\n<p><strong>Kamran Bayramov<\/strong><\/p>\n<p>Bu fikirl\u0259ri deputat\u00a0<strong>Kamran Bayramov<\/strong>\u00a0\u201cYeni M\u00fcsavat\u201da a\u00e7\u0131qlamas\u0131nda bildirib.<\/p>\n<p>Onun s\u00f6zl\u0259rin\u0259 g\u00f6r\u0259, \u201cBBC Az\u0259rbaycanca\u201dn\u0131n q\u0259r\u0259zli m\u0259qal\u0259si bir daha g\u00f6st\u0259rir ki, b\u0259zi beyn\u0259lxalq media resurslar\u0131 Az\u0259rbaycana qar\u015f\u0131 sifari\u015fli kampaniyalar apar\u0131r: \u201cBu c\u00fcr yaz\u0131lar\u0131n \u0259sas m\u0259qs\u0259di \u00f6lk\u0259mizin beyn\u0259lxalq n\u00fcfuzuna z\u0259rb\u0259 vurmaq, Az\u0259rbaycan\u0131n Avropa il\u0259 artan enerji \u0259m\u0259kda\u015fl\u0131\u011f\u0131n\u0131 k\u00f6lg\u0259l\u0259m\u0259kdir. Amma bu c\u0259hdl\u0259r tamamil\u0259 n\u0259tic\u0259siz qalacaq. Az\u0259rbaycan bu g\u00fcn t\u0259kc\u0259 regionun deyil, Avropan\u0131n da enerji t\u0259hl\u00fck\u0259sizliyind\u0259 \u0259sas aktorlardan biridir v\u0259 bu m\u00f6vqe \u0259slind\u0259 \u00f6lk\u0259mizin g\u00fccl\u0259n\u0259n siyasi \u00e7\u0259kisinin g\u00f6st\u0259ricisidir. M\u0259qal\u0259d\u0259ki iddialar reall\u0131qla uzla\u015fm\u0131r v\u0259 \u00f6lk\u0259mizin daxili i\u015fl\u0259rin\u0259 m\u00fcdaxil\u0259 c\u0259hdidir. Az\u0259rbaycan \u00f6z daxili sabitliyini, h\u00fcquqi sistemi v\u0259 ictimai-siyasi sabitliyi t\u0259min etmi\u015f d\u00f6vl\u0259tdir. Burada insan h\u00fcquqlar\u0131n\u0131n qorunmas\u0131, azad s\u00f6z v\u0259 fikir azadl\u0131\u011f\u0131 konstitusiya il\u0259 t\u0259sbit olunub v\u0259 praktiki \u015f\u0259kild\u0259 t\u0259min olunur. Avropa \u0130ttifaq\u0131 il\u0259 Az\u0259rbaycan aras\u0131nda enerji \u0259m\u0259kda\u015fl\u0131\u011f\u0131 qar\u015f\u0131l\u0131ql\u0131 maraqlara \u0259saslan\u0131r v\u0259 bu m\u00fcnasib\u0259tl\u0259r uzunm\u00fcdd\u0259tli strateji t\u0259r\u0259fda\u015fl\u0131q xarakteri da\u015f\u0131y\u0131r. Bu \u0259m\u0259kda\u015fl\u0131\u011f\u0131 insan h\u00fcquqlar\u0131 il\u0259 ba\u011flama\u011fa \u00e7al\u0131\u015fmaq regionda g\u00fccl\u0259n\u0259n Az\u0259rbaycan\u0131n m\u00f6vqeyini z\u0259ifl\u0259tm\u0259y\u0259 y\u00f6n\u0259lmi\u015f c\u0259hddir\u201d.<\/p>\n<p><strong>Deputat qeyd edib ki, Az\u0259rbaycana qar\u015f\u0131 edil\u0259n t\u0259nqidl\u0259r siyasi m\u0259qs\u0259dlidir:<\/strong>\u00a0\u201cBu g\u00fcn \u00f6lk\u0259mizd\u0259 demokratik t\u0259sisatlar\u0131n m\u00f6hk\u0259ml\u0259nm\u0259si, h\u00fcquq-m\u00fchafiz\u0259 sah\u0259sind\u0259 islahatlar\u0131n davam etm\u0259si fonunda s\u0259sl\u0259ndiril\u0259n iddialar reall\u0131qdan uzaq v\u0259 q\u0259r\u0259zlidir. Az\u0259rbaycan d\u00f6vl\u0259tinin \u0259sas prioritetl\u0259rind\u0259n biri insan h\u00fcquq v\u0259 azadl\u0131qlar\u0131n\u0131n qorunmas\u0131d\u0131r. Bu sah\u0259d\u0259 at\u0131lan add\u0131mlar g\u00f6z qaba\u011f\u0131ndad\u0131r v\u0259 beyn\u0259lxalq t\u0259\u015fkilatlar t\u0259r\u0259find\u0259n d\u0259 etiraf olunmaqdad\u0131r. Az\u0259rbaycanda h\u00fcquqi sistem m\u00fcst\u0259qildir v\u0259 h\u0259r bir v\u0259t\u0259nda\u015f\u0131n h\u00fcquqlar\u0131n\u0131n pozulmas\u0131 il\u0259 ba\u011fl\u0131 m\u0259s\u0259l\u0259 yaln\u0131z h\u00fcquqi m\u00fcst\u0259vid\u0259 ara\u015fd\u0131r\u0131l\u0131r. Qanun qar\u015f\u0131s\u0131nda b\u0259rab\u0259rlik prinsipi \u00f6lk\u0259d\u0259 f\u0259aliyy\u0259t g\u00f6st\u0259r\u0259n b\u00fct\u00fcn v\u0259t\u0259nda\u015flara, o c\u00fcml\u0259d\u0259n \u00f6z\u00fcn\u00fc &#8220;m\u00fcxalif\u0259t\u00e7i&#8221; adland\u0131ran \u015f\u0259xsl\u0259r\u0259 d\u0259 aiddir. M\u00fcxalif\u0259t ad\u0131ndan s\u0259sl\u0259n\u0259n bu c\u00fcr iddialar reall\u0131qdan uzaq, subyektiv v\u0259 m\u0259qs\u0259dli t\u0259xribat xarakteri da\u015f\u0131y\u0131r. Az\u0259rbaycan\u0131n s\u00fcr\u0259tli sosial-iqtisadi inki\u015faf\u0131, h\u00fcquqi d\u00f6vl\u0259t quruculu\u011fu, v\u0259t\u0259nda\u015f c\u0259miyy\u0259ti institutlar\u0131n\u0131n g\u00fccl\u0259ndirilm\u0259si sah\u0259sind\u0259 g\u00f6rd\u00fcy\u00fc i\u015fl\u0259r beyn\u0259lxalq s\u0259viyy\u0259d\u0259 tan\u0131n\u0131r. Avropa institutlar\u0131 il\u0259 bu sah\u0259d\u0259 a\u00e7\u0131q dialoq apar\u0131r\u0131q. B\u0259zi radikal dair\u0259l\u0259rin m\u0259qs\u0259di is\u0259 Az\u0259rbaycan\u0131n m\u00f6hk\u0259ml\u0259n\u0259n beyn\u0259lxalq m\u00f6vqeyini z\u0259ifl\u0259tm\u0259k, daxild\u0259 s\u00fcni naraz\u0131l\u0131q g\u00f6r\u00fcnt\u00fcs\u00fc yaratmaqd\u0131r. Bu c\u0259hdl\u0259r he\u00e7 bir n\u0259tic\u0259 verm\u0259y\u0259c\u0259k, \u00e7\u00fcnki xalq v\u0259 d\u00f6vl\u0259t birliyin\u0259, sabitliy\u0259 s\u00f6yk\u0259n\u0259n g\u00fccl\u00fc Az\u0259rbaycan reall\u0131\u011f\u0131 ortadad\u0131r&#8221;.<\/p>\n<p><strong>K.Bayramov t\u0259\u0259ss\u00fcfl\u0259 onu da bildirib ki, b\u0259zi xarici dair\u0259l\u0259r \u00f6lk\u0259mizd\u0259 ba\u015f ver\u0259n prosesl\u0259r\u0259 birt\u0259r\u0259fli, q\u0259r\u0259zli prizmadan yana\u015f\u0131r, daxili siyas\u0259td\u0259 t\u0259xribat xarakterli add\u0131mlar\u0131 d\u0259st\u0259kl\u0259m\u0259kl\u0259 Az\u0259rbaycan\u0131n m\u00fcst\u0259qil m\u00f6vqeyin\u0259 t\u0259sir etm\u0259y\u0259 \u00e7al\u0131\u015f\u0131rlar:<\/strong>\u00a0\u201cAz\u0259rbaycana qar\u015f\u0131 s\u0259sl\u0259ndiril\u0259n \u0259sass\u0131z iddialar v\u0259 q\u0259r\u0259zli yana\u015fmalar \u00f6lk\u0259mizin m\u00fcst\u0259qil siyas\u0259tin\u0259, g\u00fccl\u0259n\u0259n beyn\u0259lxalq m\u00f6vqeyin\u0259 v\u0259 Avropa il\u0259 strateji \u0259m\u0259kda\u015fl\u0131\u011f\u0131na x\u0259l\u0259l g\u0259tir\u0259 bilm\u0259z. D\u00f6vl\u0259tin h\u0259yata ke\u00e7irdiyi islahatlar, insan h\u00fcquqlar\u0131n\u0131n qorunmas\u0131 v\u0259 demokratik institutlar\u0131n m\u00f6hk\u0259ml\u0259ndirilm\u0259si istiqam\u0259tind\u0259 at\u0131lan add\u0131mlar h\u0259m v\u0259t\u0259nda\u015f c\u0259miyy\u0259tinin inki\u015faf\u0131na, h\u0259m d\u0259 beyn\u0259lxalq t\u0259r\u0259fda\u015flarla m\u00fcnasib\u0259tl\u0259rin daha da d\u0259rinl\u0259\u015fm\u0259sin\u0259 xidm\u0259t edir. Az\u0259rbaycan\u0131n u\u011furlu daxili v\u0259 xarici siyas\u0259ti bundan sonra da milli maraqlar \u0259sas\u0131nda davam etdiril\u0259c\u0259k\u201d.<\/p>\n<p><img src=\"https:\/\/pravda.az\/cdn\/2019\/november\/24\/sona1.jpg\" alt=\"Sona \u018fliyeva: \u201cD\u00fcnyan\u0131n apar\u0131c\u0131 d\u00f6vl\u0259tl\u0259ri Az\u0259rbaycan\u0131n t\u0259cr\u00fcb\u0259sini  \u00f6yr\u0259nm\u0259y\u0259 h\u0259v\u0259sli g\u00f6r\u00fcn\u00fcrl\u0259r\u201d Pravda.az\" \/><\/p>\n<p><strong>Sona \u018fliyeva<\/strong><\/p>\n<p><strong>Siyasi t\u0259hlil\u00e7i Sona \u018fliyevan\u0131n s\u00f6zl\u0259rin\u0259 g\u00f6r\u0259, Az\u0259rbaycan he\u00e7 bir halda Q\u0259rbd\u0259ki qarag\u00fcruhun haqs\u0131z t\u0259nqidl\u0259rin\u0259 layiq deyil:<\/strong>\u00a0\u201cQ\u0259rb dair\u0259l\u0259ri haz\u0131rda Az\u0259rbaycan qaz\u0131na v\u0259 el\u0259c\u0259 d\u0259 Rusiya-Q\u0259rb m\u00fcnasib\u0259tl\u0259rinin t\u0259yinat\u0131na\u00a0 g\u00f6r\u0259 iki qrupla\u015fmaya b\u00f6l\u00fcn\u00fcb. Bunlardan biri Az\u0259rbaycan\u0131 sevm\u0259y\u0259nl\u0259r v\u0259 Rusiyaya qar\u015f\u0131 simpatiya b\u0259sl\u0259y\u0259nl\u0259rdir. \u0130kinci qrup is\u0259 Az\u0259rbaycan\u0131n regional v\u0259 strateji g\u00fcc\u00fcn\u00fcn f\u0259rqind\u0259dir v\u0259 Rusiya-Q\u0259rb m\u00fcnasib\u0259tl\u0259rinin \u0259leyhin\u0259dir. \u0130kinci qrup neft-qaz m\u0259s\u0259l\u0259l\u0259rind\u0259 Az\u0259rbaycanla i\u015fl\u0259m\u0259kd\u0259 maraql\u0131d\u0131r.<\/p>\n<p>Birinci qrup k\u0259skin sanksiyalara baxmayaraq, ruslarla i\u015fl\u0259m\u0259y\u0259 haz\u0131rd\u0131r. Az\u0259rbaycana qar\u015f\u0131 d\u00fc\u015fm\u0259n m\u00f6vqeyind\u0259 dayananlar Bak\u0131n\u0131n regionda, el\u0259c\u0259 d\u0259 beyn\u0259lxalq arenada m\u00fcst\u0259qil oyun\u00e7u kimi h\u0259r\u0259k\u0259t etm\u0259sini q\u0259bullana bilmirl\u0259r. Bundan ba\u015fqa, h\u0259min q\u00fctb bu c\u00fcr t\u0259zyiql\u0259rl\u0259 Bak\u0131dan daha ucuz qiym\u0259t\u0259 enerji ala bil\u0259c\u0259kl\u0259rini d\u00fc\u015f\u00fcn\u00fcrl\u0259r. Bunlar Q\u0259rbin radikal v\u0259 marginal k\u0259simidir. \u00d6zl\u0259ri d\u0259 \u00f6z iftiralar\u0131na inanm\u0131rlar. Avropan\u0131n apar\u0131c\u0131 beyin m\u0259rk\u0259zl\u0259ri is\u0259 Az\u0259rbaycanla i\u015fl\u0259m\u0259yin onlar \u00fc\u00e7\u00fcn daha risksiz oldu\u011funu anlay\u0131rlar.\u00a0 \u00c7\u00fcnki Az\u0259rbaycan h\u0259r zaman etibarl\u0131 t\u0259r\u0259fda\u015f kimi \u00f6z\u00fcnd\u0259n s\u00f6z etdirir. Az\u0259rbaycan he\u00e7 bir halda Q\u0259rbd\u0259ki qarag\u00fcruhun haqs\u0131z t\u0259nqidl\u0259rin\u0259 layiq deyil. Bu g\u00fcn d\u00fcnya siyas\u0259tinin aktual m\u0259s\u0259l\u0259l\u0259rind\u0259n biri enerji t\u0259hl\u00fck\u0259sizliyidir. Enerji qaynaqlar\u0131n\u0131n \u0259h\u0259miyy\u0259ti art\u0131r v\u0259 s\u00fcr\u0259tl\u0259 b\u00f6y\u00fcy\u0259n d\u00fcnya iqtisadiyyat\u0131 bu qaynaqlara \u0259vv\u0259lkind\u0259n daha \u00e7ox ehtiyac duyur. Art\u0131q strateji enerji m\u0259nb\u0259l\u0259ri qlobal geosiyasi v\u0259ziyy\u0259t\u0259 t\u0259sir ed\u0259n amill\u0259rd\u0259n birin\u0259 \u00e7evrilib. Az\u0259rbaycan A\u0130-nin enerji ehtiyaclar\u0131n\u0131n \u00f6d\u0259nilm\u0259sind\u0259 v\u0259 X\u0259z\u0259r h\u00f6vz\u0259sind\u0259 enerji t\u0259hl\u00fck\u0259sizliyinin t\u0259min edilm\u0259sind\u0259 \u0259n m\u00fch\u00fcm strateji m\u00f6vqey\u0259 malik \u00f6lk\u0259l\u0259rd\u0259n biridir. A\u0130 \u00fc\u00e7\u00fcn X\u0259z\u0259rd\u0259 neft v\u0259 t\u0259bii qaz ehtiyatlar\u0131n\u0131n istehsal\u0131 v\u0259 Avropaya n\u0259qli \u00fc\u00e7\u00fcn geosiyasi \u0259h\u0259miyy\u0259t\u0259 malik olan Az\u0259rbaycan\u0131n a\u00e7ar d\u00f6vl\u0259t oldu\u011funu s\u00f6yl\u0259m\u0259k \u0259dal\u0259tli olard\u0131. \u00c7ox g\u00fcman ki, Avropada da bunun f\u0259rqind\u0259dirl\u0259r v\u0259 \u00f6lk\u0259mizin onlar \u00fc\u00e7\u00fcn \u00f6n\u0259mli oldu\u011funu anlay\u0131rlar&#8221;.<\/p>\n<p><strong>Cavan\u015fir ABBASLI,<\/strong><br \/>\n<strong>\u201cYeni M\u00fcsavat\u201d<\/strong><\/p>\n","protected":false},"excerpt":{"rendered":"<p>\u201cBBC Az\u0259rbaycanca\u201d Az\u0259rbaycan \u0259leyhin\u0259 geni\u015f material d\u0259rc edib. Orada deyilir ki, guya enerji maraqlar\u0131na g\u00f6r\u0259 Avropa \u0130ttifaq\u0131 Az\u0259rbaycanda \u201csiyasi h\u0259bsl\u0259r\u0259 g\u00f6z yumur\u201d. M\u0259qal\u0259d\u0259 habel\u0259 qeyd olunur ki, Az\u0259rbaycan v\u0259 Avropa \u00f6lk\u0259l\u0259ri aras\u0131nda m\u00fcnasib\u0259tl\u0259rd\u0259 yeni m\u0259rh\u0259l\u0259 2022-ci ilin iyulunda, Avropa Komissiyas\u0131n\u0131n s\u0259dri Ursula von der Leyen Az\u0259rbaycan\u0131 \u201cRusiya t\u0259bii yanacaqlar\u0131ndan imtina etm\u0259k s\u0259yl\u0259rind\u0259 \u0259sas t\u0259r\u0259fda\u015f\u201d elan etdikd\u0259n sonra ba\u015flay\u0131b. Bildirilir ki, \u00f6t\u0259n ilin dekabr\u0131nda Avropa Parlamenti \u201cbu probleml\u0259ri etiraf ed\u0259r\u0259k\u201d Avropa Komissiyas\u0131n\u0131 Az\u0259rbaycana qar\u015f\u0131 \u015f\u0259xsi sanksiyalar t\u0259tbiq etm\u0259y\u0259 v\u0259 \u201cAz\u0259rbaycan qaz\u0131n\u0131n idxal\u0131ndan as\u0131l\u0131l\u0131\u011fa son qoyma\u011fa\u201d \u00e7a\u011f\u0131r\u0131b. Lakin Avropa Parlamentinin q\u0259tnam\u0259l\u0259ri t\u00f6vsiy\u0259&hellip;<\/p>\n","protected":false},"author":2,"featured_media":818554,"comment_status":"closed","ping_status":"closed","sticky":false,"template":"","format":"standard","meta":{"om_disable_all_campaigns":false,"_monsterinsights_skip_tracking":false,"_monsterinsights_sitenote_active":false,"_monsterinsights_sitenote_note":"","_monsterinsights_sitenote_category":0},"categories":[4],"tags":[],"aioseo_notices":[],"gutentor_comment":0,"rttpg_featured_image_url":{"full":["https:\/\/arantv.az\/wp-content\/uploads\/2025\/08\/7dcf10aee0f5bde877c115fb52956c5c.jpg",870,500,false],"landscape":["https:\/\/arantv.az\/wp-content\/uploads\/2025\/08\/7dcf10aee0f5bde877c115fb52956c5c.jpg",870,500,false],"portraits":["https:\/\/arantv.az\/wp-content\/uploads\/2025\/08\/7dcf10aee0f5bde877c115fb52956c5c.jpg",870,500,false],"thumbnail":["https:\/\/arantv.az\/wp-content\/uploads\/2025\/08\/7dcf10aee0f5bde877c115fb52956c5c-500x280.jpg",500,280,true],"medium":["https:\/\/arantv.az\/wp-content\/uploads\/2025\/08\/7dcf10aee0f5bde877c115fb52956c5c-635x365.jpg",635,365,true],"large":["https:\/\/arantv.az\/wp-content\/uploads\/2025\/08\/7dcf10aee0f5bde877c115fb52956c5c-840x483.jpg",640,368,true],"1536x1536":["https:\/\/arantv.az\/wp-content\/uploads\/2025\/08\/7dcf10aee0f5bde877c115fb52956c5c.jpg",870,500,false],"2048x2048":["https:\/\/arantv.az\/wp-content\/uploads\/2025\/08\/7dcf10aee0f5bde877c115fb52956c5c.jpg",870,500,false],"post-thumbnail":["https:\/\/arantv.az\/wp-content\/uploads\/2025\/08\/7dcf10aee0f5bde877c115fb52956c5c-240x172.jpg",240,172,true],"advps-thumb-one":["https:\/\/arantv.az\/wp-content\/uploads\/2025\/08\/7dcf10aee0f5bde877c115fb52956c5c.jpg",870,500,false]},"rttpg_author":{"display_name":"V\u00fcsal Rafiqo\u011flu","author_link":"https:\/\/arantv.az\/?author=2"},"rttpg_comment":0,"rttpg_category":"<a href=\"https:\/\/arantv.az\/?cat=4\" rel=\"category\">Siyas\u0259t<\/a>","rttpg_excerpt":"\u201cBBC Az\u0259rbaycanca\u201d Az\u0259rbaycan \u0259leyhin\u0259 geni\u015f material d\u0259rc edib. Orada deyilir ki, guya enerji maraqlar\u0131na g\u00f6r\u0259 Avropa \u0130ttifaq\u0131 Az\u0259rbaycanda \u201csiyasi h\u0259bsl\u0259r\u0259 g\u00f6z yumur\u201d. M\u0259qal\u0259d\u0259 habel\u0259 qeyd olunur ki, Az\u0259rbaycan v\u0259 Avropa \u00f6lk\u0259l\u0259ri aras\u0131nda m\u00fcnasib\u0259tl\u0259rd\u0259 yeni m\u0259rh\u0259l\u0259 2022-ci ilin iyulunda, Avropa Komissiyas\u0131n\u0131n s\u0259dri Ursula von der Leyen Az\u0259rbaycan\u0131 \u201cRusiya t\u0259bii yanacaqlar\u0131ndan imtina etm\u0259k s\u0259yl\u0259rind\u0259 \u0259sas t\u0259r\u0259fda\u015f\u201d elan&hellip;","_links":{"self":[{"href":"https:\/\/arantv.az\/index.php?rest_route=\/wp\/v2\/posts\/818553"}],"collection":[{"href":"https:\/\/arantv.az\/index.php?rest_route=\/wp\/v2\/posts"}],"about":[{"href":"https:\/\/arantv.az\/index.php?rest_route=\/wp\/v2\/types\/post"}],"author":[{"embeddable":true,"href":"https:\/\/arantv.az\/index.php?rest_route=\/wp\/v2\/users\/2"}],"replies":[{"embeddable":true,"href":"https:\/\/arantv.az\/index.php?rest_route=%2Fwp%2Fv2%2Fcomments&post=818553"}],"version-history":[{"count":1,"href":"https:\/\/arantv.az\/index.php?rest_route=\/wp\/v2\/posts\/818553\/revisions"}],"predecessor-version":[{"id":818555,"href":"https:\/\/arantv.az\/index.php?rest_route=\/wp\/v2\/posts\/818553\/revisions\/818555"}],"wp:featuredmedia":[{"embeddable":true,"href":"https:\/\/arantv.az\/index.php?rest_route=\/wp\/v2\/media\/818554"}],"wp:attachment":[{"href":"https:\/\/arantv.az\/index.php?rest_route=%2Fwp%2Fv2%2Fmedia&parent=818553"}],"wp:term":[{"taxonomy":"category","embeddable":true,"href":"https:\/\/arantv.az\/index.php?rest_route=%2Fwp%2Fv2%2Fcategories&post=818553"},{"taxonomy":"post_tag","embeddable":true,"href":"https:\/\/arantv.az\/index.php?rest_route=%2Fwp%2Fv2%2Ftags&post=818553"}],"curies":[{"name":"wp","href":"https:\/\/api.w.org\/{rel}","templated":true}]}}