{"id":818565,"date":"2025-08-01T09:31:14","date_gmt":"2025-08-01T05:31:14","guid":{"rendered":"https:\/\/arantv.az\/?p=818565"},"modified":"2025-08-01T09:31:14","modified_gmt":"2025-08-01T05:31:14","slug":"ir%c9%99van-z%c9%99ng%c9%99zur-taktikasini-d%c9%99yisir-naxcivana-ged%c9%99n-yolda","status":"publish","type":"post","link":"https:\/\/arantv.az\/?p=818565","title":{"rendered":"\u0130r\u0259van Z\u0259ng\u0259zur taktikas\u0131n\u0131 d\u0259yi\u015fir &#8211; Nax\u00e7\u0131vana ged\u0259n yolda&#8230;"},"content":{"rendered":"<h3><strong>Erm\u0259nistan hakimiyy\u0259tinin \u201cS\u00fcnik qap\u0131s\u0131\u201d icad\u0131 n\u0259y\u0259 hesablan\u0131b? Politoloq: \u201cD\u0259hlizin a\u00e7\u0131lmas\u0131 s\u00fclh m\u00fcqavil\u0259sind\u0259n tez realla\u015fa bil\u0259r\u201d<\/strong><\/h3>\n<p><strong>Erm\u0259nistan hakimiyy\u0259ti Z\u0259ng\u0259zur d\u0259hlizini \u201cS\u00fcnik qap\u0131s\u0131\u201d adland\u0131rma\u011fa ba\u015flay\u0131b. Bu bar\u0259d\u0259 \u201cPast\u201d q\u0259zeti m\u0259lumat yay\u0131b (Teleqraf). N\u0259\u015fr yaz\u0131r ki, Erm\u0259nistan hakimiyy\u0259ti Z\u0259ng\u0259zur d\u0259hlizi il\u0259 ba\u011fl\u0131 yeni t\u0259bli\u011fat kampaniyas\u0131na ba\u015flay\u0131b.<\/strong><\/p>\n<p>Bildirilir ki, Erm\u0259nistan prezidenti Vaaqn Xa\u00e7aturyan \u00fc\u00e7 g\u00fcnl\u00fck i\u015fg\u00fczar s\u0259f\u0259rl\u0259 S\u00fcnik vilay\u0259tin\u0259 (Q\u0259rbi Z\u0259ng\u0259zur) gedib, burada yerli hakimiyy\u0259t orqanlar\u0131 v\u0259 h\u00fcquq-m\u00fchafiz\u0259 orqanlar\u0131n\u0131n \u0259m\u0259kda\u015flar\u0131 il\u0259 m\u0259sl\u0259h\u0259tl\u0259\u015fm\u0259l\u0259r apar\u0131b v\u0259 b\u00f6lg\u0259nin \u00f6lk\u0259nin g\u0259l\u0259c\u0259k inki\u015faf\u0131 \u00fc\u00e7\u00fcn qap\u0131ya \u00e7evril\u0259c\u0259yini b\u0259yan edib. \u201c\u018fg\u0259r biz S\u00fcnikin qap\u0131lar\u0131n\u0131 a\u00e7a bils\u0259k, 43 kilometrlik (Az\u0259rbaycan\u0131n \u0259sas hiss\u0259si il\u0259 Nax\u00e7\u0131van aras\u0131nda yerl\u0259\u015f\u0259n) yolu n\u0259z\u0259rd\u0259 tuturam, bu, g\u0259l\u0259c\u0259k inki\u015faf bax\u0131m\u0131ndan b\u00f6y\u00fck imkanlar t\u0259qdim edir\u201d, &#8211; Xa\u00e7aturyan bildirib.<\/p>\n<p>\u201cErm\u0259nistan h\u00f6kum\u0259ti onu &#8220;S\u00fcnikin qap\u0131s\u0131&#8221; adland\u0131rmaqla mahiyy\u0259t etibaril\u0259 Z\u0259ng\u0259zur d\u0259hlizi ifad\u0259sinin m\u0259nfi t\u0259sirini aradan qald\u0131rma\u011fa \u00e7al\u0131\u015f\u0131r&#8221;, &#8211; q\u0259zet yaz\u0131b v\u0259 \u0259lav\u0259 edib ki, \u0130r\u0259van bununla Az\u0259rbaycan\u0131n q\u0259rb rayonlar\u0131 il\u0259 Nax\u00e7\u0131van aras\u0131nda qap\u0131 a\u00e7maq ist\u0259yir.<\/p>\n<p><strong>Hans\u0131 \u201cm\u0259nfi t\u0259sir\u201d? Do\u011frudanm\u0131 r\u0259smi \u0130r\u0259van d\u0259hliz m\u0259ntiqi il\u0259 art\u0131q raz\u0131la\u015f\u0131b?\u00a0\u00a0\u00a0\u00a0\u00a0\u00a0\u00a0\u00a0<\/strong><\/p>\n<p>Qeyd ed\u0259k ki, daha \u0259vv\u0259l ba\u015f nazir Pa\u015finyan yolun d\u0259hliz statusu da\u015f\u0131mayaca\u011f\u0131n\u0131 bildirib. O, n\u0259qliyyat kommunikasiyalar\u0131n\u0131n a\u00e7\u0131lmas\u0131n\u0131 Erm\u0259nistan\u0131n suverenliyi v\u0259 yuridiksiyas\u0131nda realla\u015faca\u011f\u0131n\u0131 a\u00e7\u0131qlay\u0131b. Eyni zamanda d\u0259hliz\u0259 n\u0259zar\u0259ti Rusiyaya verm\u0259kd\u0259n imtina edib.<\/p>\n<p>Son zamanlar is\u0259 AB\u015e \u015firk\u0259tl\u0259rind\u0259n birinin koridora yerl\u0259\u015f\u0259c\u0259yi m\u00f6vzusu g\u00fcnd\u0259m\u0259 g\u0259lib. Haz\u0131rda Z\u0259ng\u0259zur d\u0259hlizinin hans\u0131 rejimd\u0259 a\u00e7\u0131lmas\u0131 v\u0259 n\u0259zar\u0259tin kimd\u0259 olmas\u0131 m\u00fcbahis\u0259li olaraq qal\u0131r. \u0130ndi is\u0259 Erm\u0259nistan \u201cS\u00fcnik qap\u0131s\u0131\u201d ifad\u0259sini se\u00e7m\u0259kl\u0259 daxili auditoriyan\u0131 v\u0259 m\u00fcxalif\u0259ti sakitl\u0259\u015fdirm\u0259y\u0259 c\u0259hd edir. Y\u0259ni ke\u00e7id qap\u0131s\u0131d\u0131r v\u0259 hakimiyy\u0259t guya Erm\u0259nistan \u0259razisind\u0259n d\u0259hliz vermir. Halbuki d\u0259hliz he\u00e7 d\u0259 bir \u00f6lk\u0259nin \u0259razi suverenliyini t\u0259hdid etmir, \u015f\u00fcbh\u0259 alt\u0131na salm\u0131r. O \u201cm\u0259ntiql\u0259\u201d bir \u00e7ox \u00f6lk\u0259l\u0259r \u0259razisind\u0259n d\u0259hliz verm\u0259kl\u0259 suverenliyini risk\u0259 at\u0131b.<\/p>\n<p>H\u0259r halda, hiss olunur ki, \u0130r\u0259van ictimai r\u0259yi idar\u0259 etm\u0259k \u00fc\u00e7\u00fcn \u201cS\u00fcnik qap\u0131s\u0131\u201d ifad\u0259sind\u0259n istifad\u0259 etm\u0259y\u0259 ba\u015flay\u0131b. Bu da iqtidar\u0131n \u00fcnvan\u0131na ittihamlar\u0131n yum\u015falmas\u0131na s\u0259b\u0259b ola bil\u0259r. \u018fslind\u0259 Erm\u0259nistan prezidenti b\u00f6lg\u0259y\u0259 ged\u0259r\u0259k bu fikri dil\u0259 g\u0259tirm\u0259kl\u0259 Z\u0259ng\u0259zur d\u0259hlizinin a\u00e7\u0131laca\u011f\u0131na i\u015far\u0259 vurub. Sad\u0259c\u0259, qar\u015f\u0131 t\u0259r\u0259f bunun \u00fc\u00e7\u00fcn texniki i\u015fl\u0259r g\u00f6rm\u0259lidir. Az\u0259rbaycan \u00f6z\u00fcn\u0259 aid hiss\u0259d\u0259 tikinti apar\u0131b, Erm\u0259nistan is\u0259 \u201c\u0259lini a\u011fdan qaraya vurmay\u0131b\u201d.<\/p>\n<p><strong>\u201cBeyn\u0259lxalq aktorlar Az\u0259rbaycan v\u0259 Erm\u0259nistan aras\u0131nda Z\u0259ng\u0259zur d\u0259hlizinin a\u00e7\u0131lmas\u0131 il\u0259 ba\u011fl\u0131 raz\u0131l\u0131\u011fa g\u0259libl\u0259r\u201d.<\/strong><\/p>\n<p>Politoloq Qriqor Balasanyan bel\u0259 deyib. Erm\u0259ni ekspert bildirib ki, d\u0259hlizin a\u00e7\u0131lmas\u0131 Erm\u0259nistan-Az\u0259rbaycan s\u00fclh sazi\u015fi \u00e7\u0259r\u00e7iv\u0259sind\u0259n k\u0259narda raz\u0131la\u015fd\u0131r\u0131l\u0131b. Balasanyan vur\u011fulay\u0131b ki, Z\u0259ng\u0259zur d\u0259hlizin\u0259 n\u0259zar\u0259t Erm\u0259nistanda olmayacaq.<\/p>\n<p><strong>Professor Qabil H\u00fcseynli \u201cYeni M\u00fcsavat\u201da bildirib ki, d\u0259hlizin a\u00e7\u0131lmas\u0131 s\u00fclh m\u00fcqavil\u0259sind\u0259n erk\u0259n ola bil\u0259r. Onun s\u00f6zl\u0259rin\u0259 g\u00f6r\u0259, bu raz\u0131la\u015fman\u0131n s\u00fclh m\u0259tnind\u0259n \u00e7\u0131xar\u0131lmas\u0131 da d\u0259hlizin daha tez i\u015f\u0259 d\u00fc\u015fm\u0259si \u00fc\u00e7\u00fcn f\u00fcrs\u0259tdir:<\/strong>\u00a0\u201cErm\u0259nistan prezidentinin s\u0259f\u0259ri t\u0259sad\u00fcfi deyil. Yerli \u0259halini bu proses\u0259 haz\u0131rlay\u0131rlar. Bundan qabaq delimitasiya prosesind\u0259 eyni add\u0131m\u0131 Pa\u015finyan atm\u0131\u015f v\u0259 Tavu\u015f b\u00f6lg\u0259sinin camaat\u0131n\u0131 sakitl\u0259\u015fdirmi\u015fdi ki, \u00f6lk\u0259nin \u0259leyhin\u0259 he\u00e7 bir hadis\u0259 ba\u015f vermir. \u0130ndi Xa\u00e7aturyan ictimai r\u0259yi \u00f6yr\u0259nm\u0259y\u0259 \u00e7al\u0131\u015f\u0131b. \u00c7\u00fcnki d\u0259hlizin a\u00e7\u0131lmas\u0131 \u00f6hd\u0259likdir. Erm\u0259nistan r\u0259hb\u0259rliyi bu anla\u015fmaya qol \u00e7\u0259kib. \u0130kincisi, beyn\u0259lxalq logistikad\u0131r, y\u0259ni Orta d\u0259hlizin bir hiss\u0259sidir. Ona g\u00f6r\u0259 \u0130r\u0259van bu m\u0259s\u0259l\u0259ni \u00e7ox uzada bilm\u0259z\u201d.<\/p>\n<p><img src=\"https:\/\/files.modern.az\/articles\/2022\/05\/05\/1651745416_qabil-huseynov.jpg\" alt=\"Qabil H\u00fcseynli s\u0259hh\u0259tind\u0259n dan\u0131\u015fd\u0131: \u201cYolda\u015f\u0131m m\u00fcalic\u0259 edir\u201d | Modern.az\" \/><\/p>\n<p><strong>Qabil H\u00fcseynli<\/strong><\/p>\n<p><strong>Professora g\u00f6r\u0259, \u201cS\u00fcnik qap\u0131s\u0131\u201d deyil\u0259n bir anlay\u0131\u015f yoxdur v\u0259 Erm\u0259nistan r\u0259hb\u0259rliyi \u00f6z\u00fcnd\u0259n n\u0259s\u0259 \u201ck\u0259\u015ff\u201d etm\u0259k ist\u0259yib:<\/strong>\u00a0\u201cSad\u0259c\u0259, d\u0259hliz statusundan imtinaya eyham vurulur. Z\u0259ng\u0259zurun adi yol kimi a\u00e7\u0131lmas\u0131n\u0131 istisna etmir\u0259m. A\u00e7\u0131\u011f\u0131, bu m\u0259s\u0259l\u0259d\u0259 Az\u0259rbaycan\u0131n da israr\u0131 yoxdur. Bak\u0131n\u0131n t\u0259l\u0259bi mane\u0259siz ke\u00e7idi t\u0259min etm\u0259kdir. Biz \u00f6z \u0259razimiz\u0259 ged\u0259rk\u0259n yoxlama olmamal\u0131d\u0131r. Erm\u0259nistan\u0131n borcu is\u0259 t\u0259hl\u00fck\u0259sizliy\u0259 t\u0259minat verm\u0259kdir. Bundan sonra ad\u0131n\u0131 n\u0259 qoyurlar-qoysunlar, Nax\u00e7\u0131vana ke\u00e7idimiz t\u0259\u015fkil edilsin. O bax\u0131mdan erm\u0259ni medias\u0131 &#8220;m\u0259nfi&#8221; n\u0259tic\u0259l\u0259r dey\u0259nd\u0259 d\u0259hliz statusunu n\u0259z\u0259rd\u0259 tutub. Y\u0259ni adi yol kimi istifad\u0259 edil\u0259c\u0259k. Erm\u0259nistan bu m\u0259s\u0259l\u0259d\u0259 saxtakarl\u0131q edir. Burada suverenliy\u0259 hans\u0131 t\u0259hdidd\u0259n s\u00f6hb\u0259t ged\u0259 bil\u0259r? Az\u0259rbaycan Prezidenti d\u0259f\u0259l\u0259rl\u0259 deyib ki, biz ora tanklarla deyil, avtomobill\u0259rl\u0259 qay\u0131daca\u011f\u0131q. Odur ki, \u0130r\u0259van t\u0259l\u0259sm\u0259lidir v\u0259 onun iqtisadi dir\u00e7\u0259li\u015fin\u0259 s\u0259b\u0259b olacaq logistikalar\u0131n a\u00e7\u0131lmas\u0131n\u0131 s\u00fcr\u0259tl\u0259ndirm\u0259lidir&#8221;.<\/p>\n<p><strong>Politoloq yada sal\u0131b ki, Pa\u015finyan 44 g\u00fcnl\u00fck m\u00fcharib\u0259d\u0259n sonra Z\u0259ng\u0259zur d\u0259hlizi ideyas\u0131na qar\u015f\u0131 \u201cS\u00fclh k\u0259si\u015fm\u0259si\u201d avant\u00fcras\u0131n\u0131 da ir\u0259li s\u00fcr\u00fcb: \u201c\u0130r\u0259van h\u0259r d\u0259f\u0259 bir b\u0259han\u0259 axtar\u0131r. \u0130ndi d\u0259 &#8220;S\u00fcnik qap\u0131s\u0131&#8221; ifad\u0259si g\u00fcnd\u0259m\u0259 g\u0259tirilir. Erm\u0259nistan Z\u0259ng\u0259zur d\u0259hlizin\u0259 adlar tapmaqdansa, real i\u015f g\u00f6rm\u0259lidir. \u00c7\u00fcnki onun inki\u015faf\u0131n\u0131n t\u0259minat\u00e7\u0131s\u0131 olacaq. H\u0259m\u00e7inin Rusiyaya d\u0259mir yolu \u0259laq\u0259si yaranacaq. Bundan \u0259lav\u0259, T\u00fcrkiy\u0259 il\u0259 s\u0259rh\u0259dl\u0259ri a\u00e7\u0131la bil\u0259r.<\/strong><\/p>\n<p>\u018fg\u0259r Avropaya \u00e7\u0131x\u0131\u015f ist\u0259yi varsa, t\u0259z\u0259 adlar axtarmaq laz\u0131m deyil, d\u0259hlizin a\u00e7\u0131lmas\u0131 ger\u00e7\u0259kl\u0259\u015fm\u0259lidir. Fikrimc\u0259, s\u00fclh dan\u0131\u015f\u0131qlar\u0131 il\u0259 paralel \u015f\u0259kild\u0259 blokadada olan yollar\u0131n a\u00e7\u0131lmas\u0131 m\u0259s\u0259l\u0259si d\u0259 m\u00fczakir\u0259 olunur. O bax\u0131mdan, b\u0259zi add\u0131mlar at\u0131laca\u011f\u0131na \u00fcmid var. Erm\u0259nistan hakimiyy\u0259ti 2026 se\u00e7kil\u0259rin\u0259 q\u0259d\u0259r h\u0259r hans\u0131 radikal add\u0131m atma\u011fa qorxur. Z\u0259nnimc\u0259, prosesl\u0259r se\u00e7kid\u0259n sonra s\u00fcr\u0259tl\u0259n\u0259 bil\u0259r&#8221;.<\/p>\n<p>Xat\u0131rladaq ki, Z\u0259ng\u0259zur d\u0259hlizi Az\u0259rbaycan\u0131n eksklav\u0131 olan Nax\u00e7\u0131van Muxtar Respublikas\u0131n\u0131 Erm\u0259nistan \u0259razisind\u0259n Az\u0259rbaycan\u0131n \u0259sas hiss\u0259si il\u0259 birl\u0259\u015fdir\u0259n m\u00fch\u00fcm geosiyasi v\u0259 iqtisadi ke\u00e7iddir. D\u0259hliz tarixi, m\u0259d\u0259ni v\u0259 strateji \u0259h\u0259miyy\u0259t\u0259 malikdir v\u0259 C\u0259nubi Qafqaz regionunda n\u0259qliyyat, tcar\u0259t v\u0259 regional \u0259laq\u0259 \u00fc\u00e7\u00fcn m\u00fch\u00fcm \u0259laq\u0259 rolunu oynay\u0131r.<\/p>\n<p><strong>Emil SALAMO\u011eLU,<\/strong><br \/>\n<strong>\u201cYeni M\u00fcsavat\u201d<\/strong><\/p>\n","protected":false},"excerpt":{"rendered":"<p>Erm\u0259nistan hakimiyy\u0259tinin \u201cS\u00fcnik qap\u0131s\u0131\u201d icad\u0131 n\u0259y\u0259 hesablan\u0131b? Politoloq: \u201cD\u0259hlizin a\u00e7\u0131lmas\u0131 s\u00fclh m\u00fcqavil\u0259sind\u0259n tez realla\u015fa bil\u0259r\u201d Erm\u0259nistan hakimiyy\u0259ti Z\u0259ng\u0259zur d\u0259hlizini \u201cS\u00fcnik qap\u0131s\u0131\u201d adland\u0131rma\u011fa ba\u015flay\u0131b. Bu bar\u0259d\u0259 \u201cPast\u201d q\u0259zeti m\u0259lumat yay\u0131b (Teleqraf). N\u0259\u015fr yaz\u0131r ki, Erm\u0259nistan hakimiyy\u0259ti Z\u0259ng\u0259zur d\u0259hlizi il\u0259 ba\u011fl\u0131 yeni t\u0259bli\u011fat kampaniyas\u0131na ba\u015flay\u0131b. Bildirilir ki, Erm\u0259nistan prezidenti Vaaqn Xa\u00e7aturyan \u00fc\u00e7 g\u00fcnl\u00fck i\u015fg\u00fczar s\u0259f\u0259rl\u0259 S\u00fcnik vilay\u0259tin\u0259 (Q\u0259rbi Z\u0259ng\u0259zur) gedib, burada yerli hakimiyy\u0259t orqanlar\u0131 v\u0259 h\u00fcquq-m\u00fchafiz\u0259 orqanlar\u0131n\u0131n \u0259m\u0259kda\u015flar\u0131 il\u0259 m\u0259sl\u0259h\u0259tl\u0259\u015fm\u0259l\u0259r apar\u0131b v\u0259 b\u00f6lg\u0259nin \u00f6lk\u0259nin g\u0259l\u0259c\u0259k inki\u015faf\u0131 \u00fc\u00e7\u00fcn qap\u0131ya \u00e7evril\u0259c\u0259yini b\u0259yan edib. \u201c\u018fg\u0259r biz S\u00fcnikin qap\u0131lar\u0131n\u0131 a\u00e7a bils\u0259k, 43 kilometrlik (Az\u0259rbaycan\u0131n \u0259sas hiss\u0259si&hellip;<\/p>\n","protected":false},"author":2,"featured_media":818566,"comment_status":"closed","ping_status":"closed","sticky":false,"template":"","format":"standard","meta":{"om_disable_all_campaigns":false,"_monsterinsights_skip_tracking":false,"_monsterinsights_sitenote_active":false,"_monsterinsights_sitenote_note":"","_monsterinsights_sitenote_category":0},"categories":[4],"tags":[],"aioseo_notices":[],"gutentor_comment":0,"rttpg_featured_image_url":{"full":["https:\/\/arantv.az\/wp-content\/uploads\/2025\/08\/1cb03d08f576b9fb1eb26d983db99a7c.jpg",870,500,false],"landscape":["https:\/\/arantv.az\/wp-content\/uploads\/2025\/08\/1cb03d08f576b9fb1eb26d983db99a7c.jpg",870,500,false],"portraits":["https:\/\/arantv.az\/wp-content\/uploads\/2025\/08\/1cb03d08f576b9fb1eb26d983db99a7c.jpg",870,500,false],"thumbnail":["https:\/\/arantv.az\/wp-content\/uploads\/2025\/08\/1cb03d08f576b9fb1eb26d983db99a7c-500x280.jpg",500,280,true],"medium":["https:\/\/arantv.az\/wp-content\/uploads\/2025\/08\/1cb03d08f576b9fb1eb26d983db99a7c-635x365.jpg",635,365,true],"large":["https:\/\/arantv.az\/wp-content\/uploads\/2025\/08\/1cb03d08f576b9fb1eb26d983db99a7c-840x483.jpg",640,368,true],"1536x1536":["https:\/\/arantv.az\/wp-content\/uploads\/2025\/08\/1cb03d08f576b9fb1eb26d983db99a7c.jpg",870,500,false],"2048x2048":["https:\/\/arantv.az\/wp-content\/uploads\/2025\/08\/1cb03d08f576b9fb1eb26d983db99a7c.jpg",870,500,false],"post-thumbnail":["https:\/\/arantv.az\/wp-content\/uploads\/2025\/08\/1cb03d08f576b9fb1eb26d983db99a7c-240x172.jpg",240,172,true],"advps-thumb-one":["https:\/\/arantv.az\/wp-content\/uploads\/2025\/08\/1cb03d08f576b9fb1eb26d983db99a7c.jpg",870,500,false]},"rttpg_author":{"display_name":"V\u00fcsal Rafiqo\u011flu","author_link":"https:\/\/arantv.az\/?author=2"},"rttpg_comment":0,"rttpg_category":"<a href=\"https:\/\/arantv.az\/?cat=4\" rel=\"category\">Siyas\u0259t<\/a>","rttpg_excerpt":"Erm\u0259nistan hakimiyy\u0259tinin \u201cS\u00fcnik qap\u0131s\u0131\u201d icad\u0131 n\u0259y\u0259 hesablan\u0131b? Politoloq: \u201cD\u0259hlizin a\u00e7\u0131lmas\u0131 s\u00fclh m\u00fcqavil\u0259sind\u0259n tez realla\u015fa bil\u0259r\u201d Erm\u0259nistan hakimiyy\u0259ti Z\u0259ng\u0259zur d\u0259hlizini \u201cS\u00fcnik qap\u0131s\u0131\u201d adland\u0131rma\u011fa ba\u015flay\u0131b. Bu bar\u0259d\u0259 \u201cPast\u201d q\u0259zeti m\u0259lumat yay\u0131b (Teleqraf). N\u0259\u015fr yaz\u0131r ki, Erm\u0259nistan hakimiyy\u0259ti Z\u0259ng\u0259zur d\u0259hlizi il\u0259 ba\u011fl\u0131 yeni t\u0259bli\u011fat kampaniyas\u0131na ba\u015flay\u0131b. Bildirilir ki, Erm\u0259nistan prezidenti Vaaqn Xa\u00e7aturyan \u00fc\u00e7 g\u00fcnl\u00fck i\u015fg\u00fczar s\u0259f\u0259rl\u0259 S\u00fcnik vilay\u0259tin\u0259&hellip;","_links":{"self":[{"href":"https:\/\/arantv.az\/index.php?rest_route=\/wp\/v2\/posts\/818565"}],"collection":[{"href":"https:\/\/arantv.az\/index.php?rest_route=\/wp\/v2\/posts"}],"about":[{"href":"https:\/\/arantv.az\/index.php?rest_route=\/wp\/v2\/types\/post"}],"author":[{"embeddable":true,"href":"https:\/\/arantv.az\/index.php?rest_route=\/wp\/v2\/users\/2"}],"replies":[{"embeddable":true,"href":"https:\/\/arantv.az\/index.php?rest_route=%2Fwp%2Fv2%2Fcomments&post=818565"}],"version-history":[{"count":2,"href":"https:\/\/arantv.az\/index.php?rest_route=\/wp\/v2\/posts\/818565\/revisions"}],"predecessor-version":[{"id":818568,"href":"https:\/\/arantv.az\/index.php?rest_route=\/wp\/v2\/posts\/818565\/revisions\/818568"}],"wp:featuredmedia":[{"embeddable":true,"href":"https:\/\/arantv.az\/index.php?rest_route=\/wp\/v2\/media\/818566"}],"wp:attachment":[{"href":"https:\/\/arantv.az\/index.php?rest_route=%2Fwp%2Fv2%2Fmedia&parent=818565"}],"wp:term":[{"taxonomy":"category","embeddable":true,"href":"https:\/\/arantv.az\/index.php?rest_route=%2Fwp%2Fv2%2Fcategories&post=818565"},{"taxonomy":"post_tag","embeddable":true,"href":"https:\/\/arantv.az\/index.php?rest_route=%2Fwp%2Fv2%2Ftags&post=818565"}],"curies":[{"name":"wp","href":"https:\/\/api.w.org\/{rel}","templated":true}]}}