{"id":818583,"date":"2025-08-01T09:37:45","date_gmt":"2025-08-01T05:37:45","guid":{"rendered":"https:\/\/arantv.az\/?p=818583"},"modified":"2025-08-01T09:37:45","modified_gmt":"2025-08-01T05:37:45","slug":"makron-sinifd%c9%99-qaldi-s%c9%99rh","status":"publish","type":"post","link":"https:\/\/arantv.az\/?p=818583","title":{"rendered":"Makron sinifd\u0259 qald\u0131 &#8211; \u015e\u018fRH"},"content":{"rendered":"<p><em><strong>&#8220;Artsax&#8221; v\u0259 &#8220;miatsum&#8221; imtahan\u0131ndan \u00e7\u0131xa bilm\u0259di<\/strong><\/em><\/p>\n<p><em><strong>Fransa Milli Assambleyas\u0131nda Az\u0259rbaycana qar\u015f\u0131 ir\u0259li s\u00fcr\u00fclm\u00fc\u015f\u00a0 q\u0259tnam\u0259 layih\u0259si \u00a0Yelisey Saray\u0131n\u0131n \u00f6lk\u0259miz\u0259 qar\u015f\u0131\u00a0\u00a0 n\u00f6vb\u0259ti t\u0259xribat\u0131, \u00a0g\u0259r\u0259ksiz ka\u011f\u0131z par\u00e7as\u0131d\u0131r<\/strong><\/em><\/p>\n<p>Erm\u0259nistanda\u00a0 d\u00f6vl\u0259t-din qar\u015f\u0131durmas\u0131n\u0131n g\u00fccl\u0259nm\u0259si,\u00a0 parlament se\u00e7kil\u0259rin\u0259 haz\u0131rla\u015fan siyasi partiyalar aras\u0131ndak\u0131 r\u0259qab\u0259t, Rusiyan\u0131n \u0130r\u0259van\u0131n daxili i\u015fl\u0259rin\u0259\u00a0 m\u00fcdaxil\u0259si, G\u00fcmr\u00fcd\u0259ki 102-ci\u00a0 bazaya \u0259lav\u0259\u00a0 h\u0259rbi kontingent, avadanl\u0131q yerl\u0259\u015fdirm\u0259si bu \u00f6lk\u0259d\u0259 xaos yarad\u0131b. Erm\u0259nistan\u0131n ba\u015f naziri Nikol Pa\u015finyan\u0131n\u00a0 Ankaraya s\u0259f\u0259rind\u0259n, Prezident \u0130lham \u018fliyevl\u0259 \u018fbu-Dabi g\u00f6r\u00fc\u015f\u00fcnd\u0259n \u00a0sonra\u00a0\u00a0 Fransa Prezidenti Emmanuel Makronun yuxusu yenid\u0259n \u0259r\u015f\u0259 \u00e7\u0259kilib. O, C\u0259nubi Qafqazda sabitliyin pozulmas\u0131 \u00fc\u00e7\u00fcn k\u00f6hn\u0259 ad\u0259tl\u0259rini t\u0259krarlayaraq \u00a0Milli Assambleya variant\u0131n\u0131n i\u015f\u0259 yarayaca\u011f\u0131n\u0131 z\u0259nn ed\u0259r\u0259k parlament\u0259\u00a0 Az\u0259rbaycana qar\u015f\u0131 h\u00fccum \u0259mri verib<\/p>\n<p>\u018fmr\u0259 m\u00fcnt\u0259zir olan Fransa Milli Assambleyas\u0131ndak\u0131 \u00abSa\u011f Respublika\u00e7\u0131lar\u201d\u00bb qrupunun r\u0259hb\u0259ri v\u0259 Fransa-Erm\u0259nistan dostluq qrupunun s\u0259dri Loran Vokye (Laurent Wauquiez), habel\u0259 h\u0259min dostluq qrupunun s\u0259dr m\u00fcavini Aleksandr Marten (Alexandra Mart\u0131n) t\u0259r\u0259find\u0259n \u00abErm\u0259nistanla strateji t\u0259r\u0259fda\u015fl\u0131q\u00bb adl\u0131 layih\u0259 haz\u0131rlan\u0131b. \u00a0Erm\u0259nil\u0259rin guya \u00abpozulan h\u00fcquqlar\u0131n\u0131n m\u00fcdafi\u0259si\u00bb, Az\u0259rbaycanda saxlan\u0131lan \u00abartsax siyasi m\u0259hbuslar\u0131n\u0131n\u00bb azad edilm\u0259si\u00a0 kimi \u0259sass\u0131z t\u0259l\u0259bl\u0259rin yer ald\u0131\u011f\u0131 s\u0259n\u0259d \u201d\u00a0\u00abAvropa Q\u0259tnam\u0259si t\u0259\u015f\u0259bb\u00fcs\u00fc\u00bb adland\u0131r\u0131l\u0131b. Q\u0259tnam\u0259d\u0259 qondarma , art\u0131q\u00a0 tarixin arxivin\u0259 at\u0131lm\u0131\u015f \u00abDa\u011fl\u0131q Qaraba\u011f respublikas\u0131\u00bb, \u00abartsax\u00bb,\u00a0 \u00abFransaya s\u0131\u011f\u0131nan\u00a0 erm\u0259nil\u0259rin taleyind\u0259n narahatl\u0131q\u00bb ifad\u0259l\u0259rinin i\u015fl\u0259dilm\u0259si d\u0259f\u0259l\u0259rl\u0259 t\u0259krarlanan n\u0259qar\u0259tin \u00a0daha bir mil\u00e7\u0259k v\u0131z\u0131lt\u0131s\u0131d\u0131r. Torpaqlarm\u0131z 30 il i\u015f\u011fal alt\u0131nda qald\u0131\u011f\u0131 m\u00fcdd\u0259td\u0259\u00a0 dinc az\u0259rbaycanl\u0131lara qar\u015f\u0131 t\u00f6r\u0259tdikl\u0259ri v\u0259h\u015filikl\u0259r\u0259, \u00a0h\u0259rbi cinay\u0259tl\u0259rin\u0259\u00a0\u00a0 g\u00f6r\u0259 Az\u0259rbaycan\u0131n \u0259dal\u0259t \u00a0m\u0259hk\u0259m\u0259si qar\u015f\u0131s\u0131nda \u00a0\u00a0\u00a0cavab ver\u0259n erm\u0259ni separat\u00e7\u0131lar\u0131n\u0131n \u00a0azadl\u0131\u011fa burax\u0131lmas\u0131n\u0131n t\u0259l\u0259b olundu\u011fu\u00a0 s\u0259n\u0259d \u0259vv\u0259lki\u00a0 c\u0131zma- qaralara daha bir \u0259lav\u0259dir. Q\u0259tnam\u0259nin \u00a0haz\u0131rlanmas\u0131nda\u00a0 canf\u0259\u015fanl\u0131q ed\u0259n erm\u0259ni lobbisinin t\u0259siri alt\u0131nda f\u0259aliyy\u0259t g\u00f6st\u0259r\u0259n v\u0259 anti-Az\u0259rbaycan m\u00f6vqel\u0259ri il\u0259 tan\u0131nan \u00a0deputatlar h\u0259l\u0259 d\u0259 \u00ab artsax\u00bb m\u0259r\u0259zind\u0259n xilas ola bilmirl\u0259r. Az\u0259rbaycan il\u0259 Erm\u0259nistan aras\u0131nda s\u00fclh sazi\u015finin imzalanmas\u0131na \u00a0\u00a0\u00a0\u00fcmidl\u0259rin yarand\u0131\u011f\u0131 vaxtda Fransan\u0131n bu add\u0131m\u0131 g\u00f6st\u0259rir ki,\u00a0\u00a0 Makron beyn\u0259lxalq h\u00fcquqa zidd olan bu q\u0259tnam\u0259nin q\u0259bulunda daha \u00e7ox maraql\u0131d\u0131r. \u00d6lk\u0259mizin suverenliyin\u0259 v\u0259 \u0259razi b\u00fct\u00f6vl\u00fcy\u00fcn\u0259 a\u00e7\u0131q-a\u015fkar \u00a0h\u00f6rm\u0259tsizlik, erm\u0259nil\u0259r\u0259 d\u0259st\u0259k, \u00a0eyni zamanda, he\u00e7 bir reall\u0131\u011fa \u0259saslanmayan\u00a0 bu q\u0259tnam\u0259 reall\u0131qlar\u0131 t\u0259hrif ed\u0259n adi ka\u011f\u0131z par\u00e7as\u0131d\u0131r.<\/p>\n<p>M\u00fcst\u0259ml\u0259k\u0259\u00e7iliyi d\u00f6vl\u0259t s\u0259viyy\u0259sind\u0259\u00a0 d\u0259st\u0259kl\u0259y\u0259n,\u00a0 ba\u015fqa xalqlara qar\u015f\u0131 istismar\u00e7\u0131l\u0131q, t\u0259zyiq metodlar\u0131n\u0131 davam etdir\u0259n Fransan\u0131n \u00abdemokratiya\u00bb, \u00abinsan haqlar\u0131n\u0131n qorunmas\u0131\u00bb m\u0259s\u0259l\u0259l\u0259rind\u0259n b\u0259hs etm\u0259y\u0259 haqq\u0131 yoxdur. Yeni Kaledoniya, Polineziya, Qvadelupa v\u0259 dig\u0259r m\u00fcst\u0259ml\u0259k\u0259 \u0259razil\u0259rind\u0259 yerli xalqlar\u0131n azadl\u0131q \u00e7a\u011f\u0131r\u0131\u015flar\u0131n\u0131 polisin m\u00fcdaxil\u0259sind\u0259n, d\u0259y\u0259n\u0259yin g\u00fcc\u00fcnd\u0259n , g\u00f6zya\u015fard\u0131c\u0131\u00a0 qazlardan istifad\u0259 etm\u0259kl\u0259 susduran\u00a0 Fransada ir\u0259li s\u00fcr\u00fcl\u0259n \u00a0anti-Az\u0259rbaycan xarakterli q\u0259tnam\u0259 neokolonialiazm siyas\u0259tinin g\u00f6st\u0259ricisidir\u201d. \u00a0Bak\u0131 T\u0259\u015f\u0259bb\u00fcs Qrupunun g\u0259rgin s\u0259yl\u0259ri n\u0259tic\u0259sind\u0259 \u00a0Yeni Kaledoniyaya g\u00f6st\u0259ril\u0259n beyn\u0259lxalq d\u0259st\u0259kd\u0259n hidd\u0259tl\u0259n\u0259n Fransan\u0131n bu c\u00fcr h\u0259r\u0259k\u0259tl\u0259rin\u0259\u00a0 etiraz bildir\u0259n Az\u0259rbaycan\u0131n regionda m\u00f6hk\u0259ml\u0259n\u0259n m\u00f6vqeyi, \u00f6lk\u0259mizd\u0259 ke\u00e7iril\u0259n m\u00fch\u00fcm t\u0259dbirl\u0259rin beyn\u0259lxalq s\u0259viyy\u0259d\u0259 d\u0259st\u0259kl\u0259nm\u0259si\u00a0 Yelisey Saray\u0131n\u0131, erm\u0259nip\u0259r\u0259st deputatlar\u0131 narahat edir.\u00a0 44 g\u00fcn davam ed\u0259n \u0130kinci Qaraba\u011f m\u00fcharib\u0259sind\u0259 m\u0259\u011flub olan Erm\u0259nistan\u0131n havadarlar\u0131 h\u0259l\u0259 d\u0259 anlam\u0131rlar v\u0259 yaxud q\u0259bul etm\u0259k ist\u0259mirl\u0259r ki, \u00a0C\u0259nubi Qafqazda ba\u015f ver\u0259n prosesl\u0259r\u0259 xarici m\u00fcdaxil\u0259l\u0259r\u0259 yol verilm\u0259y\u0259c\u0259k\u201d. Fransa il\u0259 Yeni Kaledoniya aras\u0131nda \u0259ld\u0259 olunmu\u015f raz\u0131la\u015fmadan \u00a0sonra bu c\u00fcr\u00a0 t\u0259hrifedici q\u0259tnam\u0259 layih\u0259sinin ir\u0259li s\u00fcr\u00fclm\u0259sinin \u00a0s\u0259b\u0259bl\u0259ri ayd\u0131nd\u0131r. Fransan\u0131n neokolonialist siyas\u0259tinin\u00a0 a\u011f\u0131rl\u0131\u011f\u0131na m\u0259ruz qalan, d\u0259niza\u015f\u0131r\u0131 \u00a0b\u00f6lg\u0259l\u0259rd\u0259 ya\u015fayan dig\u0259r \u00a0xalqlar\u0131n da \u00f6z azadl\u0131qlar\u0131n\u0131 t\u0259l\u0259b ed\u0259c\u0259yind\u0259n qorxan\u00a0 Makron \u00a0\u00a0Az\u0259rbaycan\u0131n\u00a0 prinsipial v\u0259 \u0259dal\u0259tli m\u00f6vqeyi qar\u015f\u0131s\u0131nda h\u0259mi\u015f\u0259 m\u0259\u011flub olub.\u00a0\u00a0 Ad\u0131 \u00e7\u0259kil\u0259n \u00a0q\u0259tnam\u0259 t\u0259bii ki,\u00a0 Frans\u0131n\u0131n\u00a0 s\u0259rh\u0259dl\u0259rini a\u015fmayacaq. Makron administrasiyas\u0131 qisas burul\u011fan\u0131nda\u00a0 qalacaq. Beyn\u0259lxalq h\u00fcququn fundamental prinsipl\u0259rinin pozuldu\u011fu, ba\u015fqa d\u00f6vl\u0259tin daxili i\u015fl\u0259rin\u0259 m\u00fcdaxil\u0259, \u0259razi b\u00fct\u00f6vl\u00fcy\u00fcn\u00fcn pozulmas\u0131\u00a0 xarakterli\u00a0 bu c\u00fcr q\u0259tnam\u0259nin q\u0259bulu \u00a0separatizm\u0259 d\u0259st\u0259kd\u0259n ba\u015fqa bir \u015fey deyildir. \u0130ll\u0259rd\u0259n b\u0259ri\u00a0 erm\u0259ni fa\u015fizmini, da\u015fnaklar\u0131 d\u0259st\u0259kl\u0259y\u0259n \u00a0q\u0259r\u0259z\u00e7ilik\u00a0 motivl\u0259ri \u0259sas\u0131nda formala\u015fan \u00a0Fransan\u0131n xarici siyas\u0259tind\u0259 erm\u0259ni lobbisinin t\u0259siri bu \u00f6lk\u0259ni qit\u0259 d\u00f6vl\u0259tl\u0259r aras\u0131nda da\u00a0 n\u00fcfuzdan sal\u0131r, demokratiya anlay\u0131\u015f\u0131na \u015f\u00fcbh\u0259 yarad\u0131r.<\/p>\n<p>Siyasi, v\u0259 diplomatik bax\u0131mdan real t\u0259sir g\u00fcc\u00fcn\u0259 malik olmayan bu c\u00fcr q\u0259tnam\u0259l\u0259rin q\u0259bulunun\u00a0 q\u00fcdr\u0259tli Az\u0259rbaycana t\u0259sir imkanlar\u0131\u00a0 s\u0131f\u0131r s\u0259viyy\u0259sind\u0259dir. \u00a0\u018fksin\u0259, bu s\u0259n\u0259dl\u0259r Fransan\u0131n m\u00fcasir d\u00f6vrd\u0259 h\u0259l\u0259 d\u0259 k\u00f6hn\u0259 imperialist d\u00fc\u015f\u00fcnc\u0259 t\u0259rzind\u0259n azad ola bilm\u0259diyini bir daha \u00fcz\u0259 \u00e7\u0131xar\u0131r\u201d. \u0130lk bax\u0131\u015fdan\u00a0 sifari\u015f xarakterli oldu\u011fu\u00a0 b\u0259lli olan\u00a0 bu q\u0259tnam\u0259 \u00a0Fransa Milli Assambleyas\u0131n\u0131n arxivi \u00fc\u00e7\u00fcn daha yararl\u0131d\u0131r. \u018fg\u0259r Makron insan h\u00fcquqlar\u0131n\u0131n qorunmas\u0131nda maraql\u0131d\u0131rsa\u00a0 s\u0259rh\u0259dl\u0259rind\u0259n \u00e7ox-\u00e7ox uzaqda olan\u00a0 C\u0259nubi Qafqaza deyil, \u00f6z\u00fcn\u0259 yax\u0131n \u0259razid\u0259 yerl\u0259\u015f\u0259n, Fransan\u0131n\u00a0 \u0259sar\u0259ti alt\u0131nda z\u00fclml\u0259r\u0259 m\u0259ruz qalan\u00a0 Yeni Kaledoniya xalq\u0131n\u0131n azadl\u0131\u011f\u0131 \u00fc\u00e7\u00fcn q\u0259tnam\u0259 q\u0259bul etsin.<\/p>\n<p>Milli Assambleyada da yax\u015f\u0131 bilirl\u0259r ki, bu c\u00fcr vasit\u0259l\u0259rl\u0259\u00a0 Az\u0259rbaycana\u00a0 t\u0259zyiqin he\u00e7 bir h\u00fcquqi \u0259sas\u0131 yoxdur.\u00a0 Makronun beyn\u0259lxalq \u00a0h\u00fcquq normalar\u0131na s\u0131\u011fmayan diktaturas\u0131n\u0131n, zorak\u0131l\u0131q rejiminin Fransan\u0131 u\u00e7uruma apard\u0131\u011f\u0131 art\u0131q Avropada da etiraf edilir. M\u00fcxt\u0259lif s\u0259viyy\u0259li t\u0259dbirl\u0259rd\u0259 Yeni Kaledoniyada ba\u015f ver\u0259n \u00a0i\u011fti\u015fa\u015flarda\u00a0 q\u0259tl\u0259 yetiril\u0259n insanlar\u0131n, saxlan\u0131lan etiraz\u00e7\u0131lar\u0131n taleyi il\u0259 ba\u011fl\u0131 narahatl\u0131\u011f\u0131n\u0131 diqq\u0259t\u0259 \u00e7atd\u0131ran Prezident \u0130lham \u018fliyevin vur\u011fulad\u0131\u011f\u0131 kimi, Fransa Korsikada xalqa \u00f6z dilind\u0259 dan\u0131\u015fma\u011fa m\u0259hdudiyy\u0259t qoyursa\u00a0 hans\u0131 demokratiyadan s\u00f6z ged\u0259 bil\u0259r.<\/p>\n<p>Prezident \u0130lham \u018fliyev \u00abRossiya Seqodnya\u00bb Beyn\u0259lxalq \u0130nformasiya Agentliyin\u0259 m\u00fcsahib\u0259sind\u0259 d\u0259 \u00a0Makron \u00fcsul-idar\u0259sinin\u00a0 iyr\u0259nclikl\u0259rini if\u015fa edir: \u00abM\u0259n bu bar\u0259d\u0259 dan\u0131\u015fd\u0131qda, t\u0259bii ki, qeyri-h\u00f6kum\u0259t t\u0259\u015fkilatlar\u0131n\u0131, yaxud media qismind\u0259 \u00f6z \u00abz\u0259ncirli k\u00f6p\u0259kl\u0259ri\u201dni\u00bb \u00fcz\u0259rim\u0259 sal\u0131rlar. Y\u0259ni, biz yenid\u0259n, &#8211; m\u0259n Az\u0259rbaycan ictimaiyy\u0259tini n\u0259z\u0259rd\u0259 tuturam, &#8211; bu m\u0259s\u0259l\u0259ni cavab qismind\u0259 g\u00fcnd\u0259likd\u0259 saxlama\u011fa ba\u015flayandan sonra indi v\u0259ziyy\u0259t daha ciddi olub. T\u0259bii ki, biz h\u00fcquqlar\u0131 olmayan bu xalqlara \u00fcr\u0259ka\u011fr\u0131s\u0131 il\u0259 yana\u015f\u0131r\u0131q. Avropan\u0131n m\u0259rk\u0259zind\u0259 &#8211; Korsikada onlar Korsika dilini qada\u011fan edirl\u0259rs\u0259, bu dilin ictimai yerl\u0259rd\u0259 istifad\u0259sin\u0259 icaz\u0259 vermirl\u0259rs\u0259, o zaman Yeni Kaledoniya haqq\u0131nda n\u0259 dem\u0259k olar? Bu, n\u0259y\u0259 yarayar? Bu demokratiyad\u0131r? Bu, insan h\u00fcquqlar\u0131d\u0131r?\u201d.\u00bb<\/p>\n<p>D\u00f6vl\u0259t ba\u015f\u00e7\u0131m\u0131z Afrikada\u00a0 xalqlar\u0131n \u00f6z m\u00fcqq\u0259d\u0259rat\u0131n\u0131 t\u0259l\u0259b etm\u0259si il\u0259 ba\u011fl\u0131 yaranan \u00fcmumxalq h\u0259r\u0259kat\u0131n\u0131\u00a0 Makron despotizmin\u0259, Fransan\u0131n neokolonializm siyas\u0259tin\u0259 qar\u015f\u0131 \u00fcmumxalq etiraz\u0131 adland\u0131r\u0131r: \u00abHaz\u0131rda Makron rejimi mahiyy\u0259t etibaril\u0259 Fransan\u0131 u\u011fursuz d\u00f6vl\u0259t\u0259 \u00e7evirir. Bax\u0131n, bir ne\u00e7\u0259 misal \u00e7\u0259k\u0259c\u0259y\u0259m: Afrikada, Sahel regionunda iflas. Onlara \u00ab\u018flvida!\u201d\u00bb dedil\u0259r. Niger, Burkino-Faso, Mali. N\u00f6vb\u0259d\u0259 \u00c7add\u0131r, bu \u00f6lk\u0259 art\u0131q onlardan \u00e7\u0131xma\u011f\u0131 t\u0259l\u0259b edir. Seneqal &#8211; burada prezident d\u0259yi\u015fdi v\u0259 milli ruha malik insan g\u0259ldi. Bu, h\u0259l\u0259 ba\u015flan\u011f\u0131cd\u0131r. Livanda u\u011fursuzluq, Az\u0259rbaycanda tam iflas, G\u00fcrc\u00fcstanda iflas. Diqq\u0259t yetirin, daxili siyas\u0259td\u0259 n\u0259l\u0259r ba\u015f verir? H\u0259rc-m\u0259rclik! Yeni Ba\u015f nazir t\u0259yin olunur. Onun \u0259ri v\u0259 ya arvad\u0131, bilmir\u0259m, onlarda bunlar\u0131n hans\u0131d\u0131r, xarici i\u015fl\u0259r naziri t\u0259yin edilir. Avropa Parlamentin\u0259 se\u00e7kil\u0259rd\u0259 u\u011fursuzluqdan sonra onlar\u0131 \u00abg\u00fcnah ke\u00e7isi\u201d\u00bb edirl\u0259r. Naftalind\u0259n \u00e7\u0131xar\u0131lm\u0131\u015f Barnye t\u0259yin olunur v\u0259 onu da qurban verirl\u0259r. \u0130ndi yen\u0259 kimis\u0259 tap\u0131rlar. Olmazm\u0131 ki, el\u0259 \u00f6z\u00fcnd\u0259n ba\u015flas\u0131n? \u018fvv\u0259ll\u0259r sovet d\u00f6vr\u00fcnd\u0259 deyildiyi kimi, \u00ab\u00f6z\u00fcn\u00fct\u0259nqidd\u0259n\u00bb ba\u015flamaq laz\u0131md\u0131r\u201d.\u00bb<\/p>\n<p>Prezident \u0130lham \u018fliyev \u00a0\u00abMoody`s\u00bb\u00a0beyn\u0259lxalq reytinq agentliyinin Fransan\u0131n reytinqini aydan-aya a\u015fa\u011f\u0131 sald\u0131\u011f\u0131n\u0131 da xat\u0131rlad\u0131r: \u00abArt\u0131q \u00abTriple-A\u201d\u00bbya \u00e7at\u0131b, orada ki\u00e7ik \u00abA\u00bb\u00a0m\u00f6vcuddur. \u00c7ox ki\u00e7ik, g\u00fccl\u0259 g\u00f6r\u00fcn\u0259n. Bu iflasd\u0131r. H\u0259m d\u0259 u\u011fursuzluq davam edir. Bel\u0259 bir iflas\u0131n m\u00fc\u0259llifi kimdir? C\u0259nab Makron. Az\u0259rbaycana z\u0259r\u0259r verm\u0259k \u0259v\u0259zin\u0259, bax, bu bar\u0259d\u0259 d\u00fc\u015f\u00fcnm\u0259k laz\u0131md\u0131r. Onlar\u0131n biz\u0259 bat\u0131rmaq ist\u0259dikl\u0259ri di\u015fl\u0259ri art\u0131q s\u0131n\u0131b. He\u00e7 olmasa, qalanlar\u0131 qoruyub saxlas\u0131nlar.\u00bb<\/p>\n<p>Siyasi n\u00fcfuzu a\u015fa\u011f\u0131 d\u00fc\u015f\u0259n, \u00f6lk\u0259 iqtisadiyyat\u0131n\u0131 b\u00f6hranla \u00fcz\u00fc-\u00fcz\u0259 qoyan\u00a0 \u00a0Makronun idar\u0259 etdiyi Milli Assambleyan\u0131n\u00a0 q\u00fcdr\u0259tli Az\u0259rbaycan haqq\u0131nda\u00a0 s\u0259rs\u0259ml\u0259m\u0259l\u0259ri bataql\u0131q qurba\u011fas\u0131n\u0131n quruldama\u011f\u0131d\u0131r.\u00a0 \u00abG\u00f6r\u00fcn\u00fcr ki, c\u0259nab Makron Az\u0259rbaycans\u0131z ya\u015faya bilmir. Onda hans\u0131sa bel\u0259 bir maniya yaran\u0131b v\u0259 b\u00fct\u00fcn g\u00fcnahlar\u0131n\u0131 bizim \u00fcst\u00fcm\u00fcz\u0259 atmaq ist\u0259yir\u00bb s\u00f6yl\u0259y\u0259n \u00a0Prezident \u018fliyevin s\u00f6zl\u0259ri \u00a0yenid\u0259n aktualla\u015f\u0131b. \u00a0\u00a0\u00abArtsax\u00bb v\u0259 \u00a0\u00ab miatsum\u00bb\u00a0 imtahan\u0131ndan \u00e7\u0131xa bilm\u0259y\u0259n\u00a0 Makron sinifd\u0259 qald\u0131.<\/p>\n<p><strong>Xuraman \u0130smay\u0131lq\u0131z\u0131,\u00a0<\/strong><em>\u00ab\u0130ki sahil\u00bb<\/em><\/p>\n","protected":false},"excerpt":{"rendered":"<p>&#8220;Artsax&#8221; v\u0259 &#8220;miatsum&#8221; imtahan\u0131ndan \u00e7\u0131xa bilm\u0259di Fransa Milli Assambleyas\u0131nda Az\u0259rbaycana qar\u015f\u0131 ir\u0259li s\u00fcr\u00fclm\u00fc\u015f\u00a0 q\u0259tnam\u0259 layih\u0259si \u00a0Yelisey Saray\u0131n\u0131n \u00f6lk\u0259miz\u0259 qar\u015f\u0131\u00a0\u00a0 n\u00f6vb\u0259ti t\u0259xribat\u0131, \u00a0g\u0259r\u0259ksiz ka\u011f\u0131z par\u00e7as\u0131d\u0131r Erm\u0259nistanda\u00a0 d\u00f6vl\u0259t-din qar\u015f\u0131durmas\u0131n\u0131n g\u00fccl\u0259nm\u0259si,\u00a0 parlament se\u00e7kil\u0259rin\u0259 haz\u0131rla\u015fan siyasi partiyalar aras\u0131ndak\u0131 r\u0259qab\u0259t, Rusiyan\u0131n \u0130r\u0259van\u0131n daxili i\u015fl\u0259rin\u0259\u00a0 m\u00fcdaxil\u0259si, G\u00fcmr\u00fcd\u0259ki 102-ci\u00a0 bazaya \u0259lav\u0259\u00a0 h\u0259rbi kontingent, avadanl\u0131q yerl\u0259\u015fdirm\u0259si bu \u00f6lk\u0259d\u0259 xaos yarad\u0131b. Erm\u0259nistan\u0131n ba\u015f naziri Nikol Pa\u015finyan\u0131n\u00a0 Ankaraya s\u0259f\u0259rind\u0259n, Prezident \u0130lham \u018fliyevl\u0259 \u018fbu-Dabi g\u00f6r\u00fc\u015f\u00fcnd\u0259n \u00a0sonra\u00a0\u00a0 Fransa Prezidenti Emmanuel Makronun yuxusu yenid\u0259n \u0259r\u015f\u0259 \u00e7\u0259kilib. O, C\u0259nubi Qafqazda sabitliyin pozulmas\u0131 \u00fc\u00e7\u00fcn k\u00f6hn\u0259 ad\u0259tl\u0259rini t\u0259krarlayaraq \u00a0Milli Assambleya variant\u0131n\u0131n i\u015f\u0259 yarayaca\u011f\u0131n\u0131 z\u0259nn ed\u0259r\u0259k parlament\u0259\u00a0&hellip;<\/p>\n","protected":false},"author":2,"featured_media":818584,"comment_status":"closed","ping_status":"closed","sticky":false,"template":"","format":"standard","meta":{"om_disable_all_campaigns":false,"_monsterinsights_skip_tracking":false,"_monsterinsights_sitenote_active":false,"_monsterinsights_sitenote_note":"","_monsterinsights_sitenote_category":0},"categories":[19],"tags":[],"aioseo_notices":[],"gutentor_comment":0,"rttpg_featured_image_url":{"full":["https:\/\/arantv.az\/wp-content\/uploads\/2025\/08\/80748568172734623088338972610165928.jpg",975,540,false],"landscape":["https:\/\/arantv.az\/wp-content\/uploads\/2025\/08\/80748568172734623088338972610165928.jpg",975,540,false],"portraits":["https:\/\/arantv.az\/wp-content\/uploads\/2025\/08\/80748568172734623088338972610165928.jpg",975,540,false],"thumbnail":["https:\/\/arantv.az\/wp-content\/uploads\/2025\/08\/80748568172734623088338972610165928-500x280.jpg",500,280,true],"medium":["https:\/\/arantv.az\/wp-content\/uploads\/2025\/08\/80748568172734623088338972610165928-660x365.jpg",660,365,true],"large":["https:\/\/arantv.az\/wp-content\/uploads\/2025\/08\/80748568172734623088338972610165928-840x465.jpg",640,354,true],"1536x1536":["https:\/\/arantv.az\/wp-content\/uploads\/2025\/08\/80748568172734623088338972610165928.jpg",975,540,false],"2048x2048":["https:\/\/arantv.az\/wp-content\/uploads\/2025\/08\/80748568172734623088338972610165928.jpg",975,540,false],"post-thumbnail":["https:\/\/arantv.az\/wp-content\/uploads\/2025\/08\/80748568172734623088338972610165928-240x172.jpg",240,172,true],"advps-thumb-one":["https:\/\/arantv.az\/wp-content\/uploads\/2025\/08\/80748568172734623088338972610165928.jpg",975,540,false]},"rttpg_author":{"display_name":"V\u00fcsal Rafiqo\u011flu","author_link":"https:\/\/arantv.az\/?author=2"},"rttpg_comment":0,"rttpg_category":"<a href=\"https:\/\/arantv.az\/?cat=19\" rel=\"category\">G\u00fcnd\u0259m<\/a>","rttpg_excerpt":"&#8220;Artsax&#8221; v\u0259 &#8220;miatsum&#8221; imtahan\u0131ndan \u00e7\u0131xa bilm\u0259di Fransa Milli Assambleyas\u0131nda Az\u0259rbaycana qar\u015f\u0131 ir\u0259li s\u00fcr\u00fclm\u00fc\u015f\u00a0 q\u0259tnam\u0259 layih\u0259si \u00a0Yelisey Saray\u0131n\u0131n \u00f6lk\u0259miz\u0259 qar\u015f\u0131\u00a0\u00a0 n\u00f6vb\u0259ti t\u0259xribat\u0131, \u00a0g\u0259r\u0259ksiz ka\u011f\u0131z par\u00e7as\u0131d\u0131r Erm\u0259nistanda\u00a0 d\u00f6vl\u0259t-din qar\u015f\u0131durmas\u0131n\u0131n g\u00fccl\u0259nm\u0259si,\u00a0 parlament se\u00e7kil\u0259rin\u0259 haz\u0131rla\u015fan siyasi partiyalar aras\u0131ndak\u0131 r\u0259qab\u0259t, Rusiyan\u0131n \u0130r\u0259van\u0131n daxili i\u015fl\u0259rin\u0259\u00a0 m\u00fcdaxil\u0259si, G\u00fcmr\u00fcd\u0259ki 102-ci\u00a0 bazaya \u0259lav\u0259\u00a0 h\u0259rbi kontingent, avadanl\u0131q yerl\u0259\u015fdirm\u0259si bu \u00f6lk\u0259d\u0259 xaos yarad\u0131b. Erm\u0259nistan\u0131n ba\u015f naziri&hellip;","_links":{"self":[{"href":"https:\/\/arantv.az\/index.php?rest_route=\/wp\/v2\/posts\/818583"}],"collection":[{"href":"https:\/\/arantv.az\/index.php?rest_route=\/wp\/v2\/posts"}],"about":[{"href":"https:\/\/arantv.az\/index.php?rest_route=\/wp\/v2\/types\/post"}],"author":[{"embeddable":true,"href":"https:\/\/arantv.az\/index.php?rest_route=\/wp\/v2\/users\/2"}],"replies":[{"embeddable":true,"href":"https:\/\/arantv.az\/index.php?rest_route=%2Fwp%2Fv2%2Fcomments&post=818583"}],"version-history":[{"count":1,"href":"https:\/\/arantv.az\/index.php?rest_route=\/wp\/v2\/posts\/818583\/revisions"}],"predecessor-version":[{"id":818585,"href":"https:\/\/arantv.az\/index.php?rest_route=\/wp\/v2\/posts\/818583\/revisions\/818585"}],"wp:featuredmedia":[{"embeddable":true,"href":"https:\/\/arantv.az\/index.php?rest_route=\/wp\/v2\/media\/818584"}],"wp:attachment":[{"href":"https:\/\/arantv.az\/index.php?rest_route=%2Fwp%2Fv2%2Fmedia&parent=818583"}],"wp:term":[{"taxonomy":"category","embeddable":true,"href":"https:\/\/arantv.az\/index.php?rest_route=%2Fwp%2Fv2%2Fcategories&post=818583"},{"taxonomy":"post_tag","embeddable":true,"href":"https:\/\/arantv.az\/index.php?rest_route=%2Fwp%2Fv2%2Ftags&post=818583"}],"curies":[{"name":"wp","href":"https:\/\/api.w.org\/{rel}","templated":true}]}}