{"id":818589,"date":"2025-08-01T19:43:52","date_gmt":"2025-08-01T15:43:52","guid":{"rendered":"https:\/\/arantv.az\/?p=818589"},"modified":"2025-08-01T19:43:52","modified_gmt":"2025-08-01T15:43:52","slug":"bqxk-nin-az%c9%99rbaycan-numay%c9%99nd%c9%99liyi-bu-tarixd%c9%99-f%c9%99aliyy%c9%99tini-dayandiracaq","status":"publish","type":"post","link":"https:\/\/arantv.az\/?p=818589","title":{"rendered":"BQXK-n\u0131n Az\u0259rbaycan N\u00fcmay\u0259nd\u0259liyi BU TAR\u0130XD\u018f f\u0259aliyy\u0259tini dayand\u0131racaq"},"content":{"rendered":"<p>Beyn\u0259lxalq Q\u0131z\u0131l Xa\u00e7 Komit\u0259sinin (BQXK) Az\u0259rbaycan N\u00fcmay\u0259nd\u0259liyi f\u0259aliyy\u0259tini sentyabr\u0131n \u0259vv\u0259lind\u0259 dayand\u0131racaq.<\/p>\n<p>&#8220;Report&#8221;un m\u0259lumat\u0131na g\u00f6r\u0259, bu bar\u0259d\u0259 qurumun Az\u0259rbaycan N\u00fcmay\u0259nd\u0259liyinin \u00f6lk\u0259d\u0259 diplomatik f\u0259aliyy\u0259ti ba\u015fa \u00e7atan r\u0259hb\u0259ri Draqana Koyi\u00e7 avqustun 1-d\u0259 Az\u0259rbaycan\u0131n xarici i\u015fl\u0259r naziri Ceyhun Bayramovun q\u0259bulunda olark\u0259n bildirib.<\/p>\n<p>O, Az\u0259rbaycan h\u00f6kum\u0259tinin t\u0259\u015fkilat\u0131n f\u0259aliyy\u0259tin\u0259 g\u00f6st\u0259rdiyi d\u0259st\u0259y\u0259 v\u0259 \u0259m\u0259kda\u015fl\u0131\u011fa g\u00f6r\u0259 m\u0259mnunlu\u011funu ifad\u0259 edib. N\u00fcmay\u0259nd\u0259liyin f\u0259aliyy\u0259tini cari ilin sentyabr ay\u0131n\u0131n \u0259vv\u0259li dayand\u0131rmas\u0131ndan sonra da BQXK il\u0259 Cenevr\u0259d\u0259 yerl\u0259\u015f\u0259n ba\u015f q\u0259rargah vasit\u0259sil\u0259 \u0259m\u0259kda\u015fl\u0131\u011f\u0131n davam etdirilm\u0259sinin \u0259h\u0259miyy\u0259tini vur\u011fulay\u0131b.<\/p>\n","protected":false},"excerpt":{"rendered":"<p>Beyn\u0259lxalq Q\u0131z\u0131l Xa\u00e7 Komit\u0259sinin (BQXK) Az\u0259rbaycan N\u00fcmay\u0259nd\u0259liyi f\u0259aliyy\u0259tini sentyabr\u0131n \u0259vv\u0259lind\u0259 dayand\u0131racaq. &#8220;Report&#8221;un m\u0259lumat\u0131na g\u00f6r\u0259, bu bar\u0259d\u0259 qurumun Az\u0259rbaycan N\u00fcmay\u0259nd\u0259liyinin \u00f6lk\u0259d\u0259 diplomatik f\u0259aliyy\u0259ti ba\u015fa \u00e7atan r\u0259hb\u0259ri Draqana Koyi\u00e7 avqustun 1-d\u0259 Az\u0259rbaycan\u0131n xarici i\u015fl\u0259r naziri Ceyhun Bayramovun q\u0259bulunda olark\u0259n bildirib. O, Az\u0259rbaycan h\u00f6kum\u0259tinin t\u0259\u015fkilat\u0131n f\u0259aliyy\u0259tin\u0259 g\u00f6st\u0259rdiyi d\u0259st\u0259y\u0259 v\u0259 \u0259m\u0259kda\u015fl\u0131\u011fa g\u00f6r\u0259 m\u0259mnunlu\u011funu ifad\u0259 edib. N\u00fcmay\u0259nd\u0259liyin f\u0259aliyy\u0259tini cari ilin sentyabr ay\u0131n\u0131n \u0259vv\u0259li dayand\u0131rmas\u0131ndan sonra da BQXK il\u0259 Cenevr\u0259d\u0259 yerl\u0259\u015f\u0259n ba\u015f q\u0259rargah vasit\u0259sil\u0259 \u0259m\u0259kda\u015fl\u0131\u011f\u0131n davam etdirilm\u0259sinin \u0259h\u0259miyy\u0259tini vur\u011fulay\u0131b.<\/p>\n","protected":false},"author":2,"featured_media":818590,"comment_status":"closed","ping_status":"closed","sticky":false,"template":"","format":"standard","meta":{"om_disable_all_campaigns":false,"_monsterinsights_skip_tracking":false,"_monsterinsights_sitenote_active":false,"_monsterinsights_sitenote_note":"","_monsterinsights_sitenote_category":0},"categories":[1],"tags":[],"aioseo_notices":[],"gutentor_comment":0,"rttpg_featured_image_url":{"full":["https:\/\/arantv.az\/wp-content\/uploads\/2025\/08\/642dd7689028844992a820edc96ce415.jpg",720,477,false],"landscape":["https:\/\/arantv.az\/wp-content\/uploads\/2025\/08\/642dd7689028844992a820edc96ce415.jpg",720,477,false],"portraits":["https:\/\/arantv.az\/wp-content\/uploads\/2025\/08\/642dd7689028844992a820edc96ce415.jpg",720,477,false],"thumbnail":["https:\/\/arantv.az\/wp-content\/uploads\/2025\/08\/642dd7689028844992a820edc96ce415-500x280.jpg",500,280,true],"medium":["https:\/\/arantv.az\/wp-content\/uploads\/2025\/08\/642dd7689028844992a820edc96ce415-551x365.jpg",551,365,true],"large":["https:\/\/arantv.az\/wp-content\/uploads\/2025\/08\/642dd7689028844992a820edc96ce415.jpg",640,424,false],"1536x1536":["https:\/\/arantv.az\/wp-content\/uploads\/2025\/08\/642dd7689028844992a820edc96ce415.jpg",720,477,false],"2048x2048":["https:\/\/arantv.az\/wp-content\/uploads\/2025\/08\/642dd7689028844992a820edc96ce415.jpg",720,477,false],"post-thumbnail":["https:\/\/arantv.az\/wp-content\/uploads\/2025\/08\/642dd7689028844992a820edc96ce415-240x172.jpg",240,172,true],"advps-thumb-one":["https:\/\/arantv.az\/wp-content\/uploads\/2025\/08\/642dd7689028844992a820edc96ce415.jpg",720,477,false]},"rttpg_author":{"display_name":"V\u00fcsal Rafiqo\u011flu","author_link":"https:\/\/arantv.az\/?author=2"},"rttpg_comment":0,"rttpg_category":"<a href=\"https:\/\/arantv.az\/?cat=1\" rel=\"category\">C\u0259miyy\u0259t<\/a>","rttpg_excerpt":"Beyn\u0259lxalq Q\u0131z\u0131l Xa\u00e7 Komit\u0259sinin (BQXK) Az\u0259rbaycan N\u00fcmay\u0259nd\u0259liyi f\u0259aliyy\u0259tini sentyabr\u0131n \u0259vv\u0259lind\u0259 dayand\u0131racaq. &#8220;Report&#8221;un m\u0259lumat\u0131na g\u00f6r\u0259, bu bar\u0259d\u0259 qurumun Az\u0259rbaycan N\u00fcmay\u0259nd\u0259liyinin \u00f6lk\u0259d\u0259 diplomatik f\u0259aliyy\u0259ti ba\u015fa \u00e7atan r\u0259hb\u0259ri Draqana Koyi\u00e7 avqustun 1-d\u0259 Az\u0259rbaycan\u0131n xarici i\u015fl\u0259r naziri Ceyhun Bayramovun q\u0259bulunda olark\u0259n bildirib. O, Az\u0259rbaycan h\u00f6kum\u0259tinin t\u0259\u015fkilat\u0131n f\u0259aliyy\u0259tin\u0259 g\u00f6st\u0259rdiyi d\u0259st\u0259y\u0259 v\u0259 \u0259m\u0259kda\u015fl\u0131\u011fa g\u00f6r\u0259 m\u0259mnunlu\u011funu ifad\u0259 edib. N\u00fcmay\u0259nd\u0259liyin f\u0259aliyy\u0259tini cari ilin&hellip;","_links":{"self":[{"href":"https:\/\/arantv.az\/index.php?rest_route=\/wp\/v2\/posts\/818589"}],"collection":[{"href":"https:\/\/arantv.az\/index.php?rest_route=\/wp\/v2\/posts"}],"about":[{"href":"https:\/\/arantv.az\/index.php?rest_route=\/wp\/v2\/types\/post"}],"author":[{"embeddable":true,"href":"https:\/\/arantv.az\/index.php?rest_route=\/wp\/v2\/users\/2"}],"replies":[{"embeddable":true,"href":"https:\/\/arantv.az\/index.php?rest_route=%2Fwp%2Fv2%2Fcomments&post=818589"}],"version-history":[{"count":1,"href":"https:\/\/arantv.az\/index.php?rest_route=\/wp\/v2\/posts\/818589\/revisions"}],"predecessor-version":[{"id":818591,"href":"https:\/\/arantv.az\/index.php?rest_route=\/wp\/v2\/posts\/818589\/revisions\/818591"}],"wp:featuredmedia":[{"embeddable":true,"href":"https:\/\/arantv.az\/index.php?rest_route=\/wp\/v2\/media\/818590"}],"wp:attachment":[{"href":"https:\/\/arantv.az\/index.php?rest_route=%2Fwp%2Fv2%2Fmedia&parent=818589"}],"wp:term":[{"taxonomy":"category","embeddable":true,"href":"https:\/\/arantv.az\/index.php?rest_route=%2Fwp%2Fv2%2Fcategories&post=818589"},{"taxonomy":"post_tag","embeddable":true,"href":"https:\/\/arantv.az\/index.php?rest_route=%2Fwp%2Fv2%2Ftags&post=818589"}],"curies":[{"name":"wp","href":"https:\/\/api.w.org\/{rel}","templated":true}]}}