{"id":818678,"date":"2025-08-01T22:23:37","date_gmt":"2025-08-01T18:23:37","guid":{"rendered":"https:\/\/arantv.az\/?p=818678"},"modified":"2025-08-01T22:23:37","modified_gmt":"2025-08-01T18:23:37","slug":"susali-alimin-kitabi-ankarada-t%c9%99qdim-olundufoto","status":"publish","type":"post","link":"https:\/\/arantv.az\/?p=818678","title":{"rendered":"\u015eu\u015fal\u0131 alimin kitab\u0131 Ankarada t\u0259qdim olunduFOTO"},"content":{"rendered":"<p><strong>Avqustun 1-d\u0259 Beyn\u0259lxalq T\u00fcrk M\u0259d\u0259niyy\u0259ti T\u0259\u015fkilat\u0131n\u0131n (T\u00dcRKSOY) d\u0259st\u0259yi il\u0259 Ankarada n\u0259\u015fr edilmi\u015f \u201c\u015eu\u015fa &#8211; Qaraba\u011f\u0131n tac\u0131, Qafqaz\u0131n s\u0259n\u0259t m\u0259b\u0259di, T\u00fcrk d\u00fcnyas\u0131n\u0131n m\u0259d\u0259niyy\u0259t paytaxt\u0131\u201d adl\u0131 kitab\u0131n t\u0259qdimat m\u0259rasimi ke\u00e7irilmi\u015fdir. Ankarada T\u00dcRKSOY-un Ba\u015f karibliyind\u0259 ba\u015f tutan t\u0259dbird\u0259 d\u00f6vl\u0259t qurumlar\u0131n\u0131n, r\u0259hb\u0259r-siyasi \u00e7evr\u0259l\u0259rinin, parlamentaril\u0259rin, m\u0259d\u0259niyy\u0259t, akademik v\u0259 elmi dair\u0259l\u0259rin, k\u00fctl\u0259vi informasiya vasit\u0259l\u0259rinin n\u00fcmay\u0259nd\u0259l\u0259ri i\u015ftirak etmi\u015fl\u0259r.<\/strong><\/p>\n<p>2020-ci il noyabr\u0131n 8-d\u0259 Ali Ba\u015f Komandan, Prezident \u0130lham \u018fliyevin r\u0259hb\u0259rliyi il\u0259 Az\u0259rbaycan Ordusu tarixi, m\u0259d\u0259ni v\u0259 strateji \u0259h\u0259miyy\u0259t\u0259 malik, Qaraba\u011f\u0131n tac\u0131 olan \u015eu\u015fa \u015f\u0259h\u0259rini i\u015f\u011fal\u00e7\u0131lardan azad etdi. Bu, \u0130kinci Qaraba\u011f m\u00fcharib\u0259si \u0259rzind\u0259 apar\u0131lan u\u011furlu \u0259ks-h\u00fccum \u0259m\u0259liyyatlar\u0131n\u0131n s\u0131ras\u0131nda \u0259n m\u00fch\u00fcm tarixi hadis\u0259 v\u0259 b\u00f6y\u00fck h\u0259rbi q\u0259l\u0259b\u0259 oldu. H\u0259m\u00e7inin, \u015eu\u015fan\u0131n i\u015f\u011faldan azad edilm\u0259si Z\u0259f\u0259r G\u00fcn\u00fc kimi Az\u0259rbaycan tarixin\u0259 yaz\u0131ld\u0131. Az\u0259rbaycan\u0131n h\u0259rbi-diplomatik u\u011furlar\u0131, x\u00fcsusil\u0259 strateji \u0259h\u0259miyy\u0259tli \u015eu\u015fa \u015f\u0259h\u0259rinin azad edilm\u0259si m\u00fcharib\u0259nin sonrak\u0131 gedi\u015fin\u0259, el\u0259c\u0259 d\u0259 taleyin\u0259 ciddi t\u0259sir g\u00f6st\u0259rdi v\u0259 h\u0259rb meydan\u0131nda oldu\u011fu kimi, diplomatiya meydan\u0131nda da u\u011furlar\u0131n\u0131 \u015f\u0259rtl\u0259ndirdi.<\/p>\n<p>Az\u0259rbaycan Prezidenti \u0130lham \u018fliyevin \u015eu\u015fan\u0131n Az\u0259rbaycan xalq\u0131 \u00fc\u00e7\u00fcn tarixi \u0259h\u0259miyy\u0259tini, y\u00fcks\u0259k m\u0259d\u0259ni-m\u0259n\u0259vi d\u0259y\u0259rini n\u0259z\u0259r\u0259 alaraq, 2022-ci ilin \u201c\u015eu\u015fa \u0130li\u201d elan edilm\u0259si haqq\u0131nda imzalad\u0131\u011f\u0131 S\u0259r\u0259ncamda da x\u00fcsusi deyilir ki, b\u0259nz\u0259rsiz tarixi g\u00f6rk\u0259mini v\u0259 formala\u015fd\u0131rd\u0131\u011f\u0131 \u00f6z\u00fcn\u0259m\u0259xsus m\u00fchiti h\u0259mi\u015f\u0259 qoruyub saxlayan bu \u015f\u0259h\u0259r yetirdiyi b\u00f6y\u00fck \u015f\u0259xsiyy\u0259tl\u0259ri il\u0259 \u0259d\u0259bi, m\u0259d\u0259ni, elmi v\u0259 ictimai fikir salnam\u0259miz\u0259 \u0259lam\u0259tdar s\u0259hif\u0259l\u0259r yazm\u0131\u015fd\u0131r.<\/p>\n<p>M\u0259lum oldu\u011fu kimi, 2022-ci il mart\u0131n 31-d\u0259 T\u00dcRKSOY-a \u00fczv \u00f6lk\u0259l\u0259rin M\u0259d\u0259niyy\u0259t Nazirl\u0259rinin Daimi \u015euras\u0131n\u0131n T\u00fcrkiy\u0259nin Bursa \u015f\u0259h\u0259rind\u0259 ke\u00e7iril\u0259n iclas\u0131nda \u015eu\u015fa \u015f\u0259h\u0259ri 2023-c\u00fc il \u00fc\u00e7\u00fcn \u201cT\u00fcrk d\u00fcnyas\u0131n\u0131n m\u0259d\u0259niyy\u0259t paytaxt\u0131\u201d se\u00e7ilm\u0259si haqq\u0131nda q\u0259rar q\u0259bul edildi.<\/p>\n<p>\u0130kinci Qaraba\u011f m\u00fcharib\u0259sind\u0259n sonra qazan\u0131lan tarixi Q\u0259l\u0259b\u0259, x\u00fcsusil\u0259 Az\u0259rbaycan\u0131n h\u0259rbi, diplomatik v\u0259 informasiya m\u0259kan\u0131ndak\u0131 u\u011furlar\u0131 n\u0259tic\u0259sind\u0259 yaranm\u0131\u015f reall\u0131qlar\u0131n beyn\u0259lxalq ictimaiyy\u0259t\u0259 \u00e7atd\u0131r\u0131lmas\u0131, olduqca z\u0259ruridir.<\/p>\n<p>Bu bax\u0131mdan, yenic\u0259 n\u0259\u015fr edilmi\u015f v\u0259 Az\u0259rbaycan Respublikas\u0131n\u0131n Prezidenti yan\u0131nda D\u00f6vl\u0259t \u0130dar\u0259\u00e7ilik Akademiyas\u0131n\u0131n \u201cQaraba\u011f \u0130rsini Ara\u015fd\u0131rma M\u0259rk\u0259zi\u201dnin r\u0259hb\u0259ri, professor, siyasi elml\u0259r doktoru, \u015eu\u015fa \u015f\u0259h\u0259rind\u0259 anadan olmu\u015f El\u00e7in \u018fhm\u0259dovun m\u00fc\u0259llifi oldu\u011fu kitabda Az\u0259rbaycan\u0131n maarif\u00e7ilik be\u015fiyi v\u0259 m\u0259d\u0259niyy\u0259t m\u0259rk\u0259zi olan \u015eu\u015fan\u0131n tarixi, m\u0259d\u0259ni v\u0259 strateji \u0259h\u0259miyy\u0259tind\u0259n b\u0259hs edilir.<\/p>\n<p><img loading=\"lazy\" src=\"https:\/\/cdn.musavat.com\/news\/thumbnails\/c18260627ac662c9cb9824f6157b9b63.jpg\" alt=\"220090a6-daa3-4c63-a7d2-f998c9270d97.jpeg (247 KB)\" width=\"434\" height=\"630\" \/><\/p>\n<p>Kitabda Qaraba\u011f xanl\u0131\u011f\u0131n\u0131n yarad\u0131lmas\u0131n\u0131 \u015f\u0259rtl\u0259ndir\u0259n amill\u0259r, Qaraba\u011f\u0131n tac\u0131 olan \u015eu\u015fan\u0131n q\u0259dim tarixi, m\u0259d\u0259ni v\u0259 strateji \u0259h\u0259miyy\u0259ti t\u0259dqiq edilir. H\u0259m\u00e7inin, n\u0259\u015frd\u0259 \u015eu\u015fan\u0131n \u0259sas\u0131n\u0131n qoyulmas\u0131ndan indiy\u0259 q\u0259d\u0259r ke\u00e7diyi b\u00fct\u00fcn tarixi m\u0259rh\u0259l\u0259l\u0259r geni\u015f \u015f\u0259kild\u0259 \u0259hat\u0259 edilir. \u018fs\u0259rin \u0259vv\u0259lind\u0259, Qaraba\u011f xanl\u0131\u011f\u0131n\u0131n paytaxt\u0131 \u2013 \u015eu\u015fa qalas\u0131n\u0131n v\u0259 \u015f\u0259h\u0259rin q\u0259dim qap\u0131lar\u0131, meydan, k\u00fc\u00e7\u0259 v\u0259 m\u0259h\u0259ll\u0259l\u0259rinin sal\u0131nmas\u0131 elmi m\u0259nb\u0259\u0259l\u0259r \u0259sas\u0131nda a\u00e7\u0131qlan\u0131r. X\u00fcsusil\u0259, \u015eu\u015fa Az\u0259rbaycan\u0131n \u00e7ox\u0259srlik, z\u0259ngin \u015f\u0259h\u0259rsalma m\u0259d\u0259niyy\u0259tinin nadir n\u00fcmun\u0259si kimi t\u0259dqiq edillir.<\/p>\n<p>Az\u0259rbaycan\u0131n ictimai-siyasi v\u0259 m\u0259d\u0259ni h\u0259yat\u0131nda m\u00fch\u00fcm xidm\u0259tl\u0259r g\u00f6st\u0259r\u0259n v\u0259 \u0259sl\u0259n \u015eu\u015fadan olan Az\u0259rbaycan\u0131n g\u00f6rk\u0259mli elm, maarif, m\u0259d\u0259niyy\u0259t, inc\u0259s\u0259n\u0259t v\u0259 ictimai xadiml\u0259ri haqq\u0131nda geni\u015f m\u0259lumat verilir. Onu da x\u00fcsusi qeyd etm\u0259k laz\u0131md\u0131r ki, bunlar\u0131n i\u00e7\u0259risind\u0259 bir s\u0131ra g\u00f6rk\u0259mli xadiml\u0259r vard\u0131r ki, onlar, t\u0259kc\u0259 Az\u0259rbaycan\u0131n deyil, el\u0259c\u0259 d\u0259 T\u00fcrkiy\u0259nin ictimai-siyasi v\u0259 m\u0259d\u0259ni h\u0259yat\u0131nda da m\u00fch\u00fcm xidm\u0259tl\u0259r g\u00f6st\u0259rmi\u015fl\u0259r.<\/p>\n<p>M\u0259nb\u0259\u0259l\u0259r\u0259 \u0259sas\u0259n kitabda g\u00f6st\u0259rilir ki, XIX \u0259srd\u0259 \u015eu\u015fada 95 \u015fair, 22 musiqi\u015f\u00fcnas, 38 xan\u0259nd\u0259, 19 x\u0259ttat, 16 n\u0259qqa\u015f, 12 n\u00fcsx\u0259b\u0259nd, 5 astronom, 18 memar, 16 h\u0259kim, 42-y\u0259 q\u0259d\u0259r m\u00fc\u0259llim olmu\u015fdur.<\/p>\n<p>Eyni zamanda, kitabda \u015eu\u015fan\u0131n i\u015f\u011fal\u0131ndan \u0259vv\u0259lki tarixi yerl\u0259ri v\u0259 memarl\u0131q abid\u0259l\u0259rinin fotolar\u0131 da verilmi\u015fdir. Bununla yana\u015f\u0131, XX \u0259srin sonunda Erm\u0259nistan\u0131n Az\u0259rbaycana h\u0259rbi t\u0259cav\u00fcz\u00fc n\u0259tic\u0259sind\u0259 \u015eu\u015fan\u0131n i\u015f\u011fal\u0131 zaman\u0131 \u015f\u0259h\u0259rd\u0259 m\u0259d\u0259ni soyq\u0131r\u0131m\u0131 siyas\u0259ti, x\u00fcsusil\u0259 tarixi-memarl\u0131q abid\u0259l\u0259rinin erm\u0259ni vandalizmin\u0259 m\u0259ruz qalmas\u0131 da fotolarla diqq\u0259t\u0259 \u00e7atd\u0131r\u0131l\u0131r.<\/p>\n<p>\u00dcm\u00fcmilikd\u0259, kitabda ilk d\u0259f\u0259 olaraq q\u0259dim \u015eu\u015fa qalas\u0131n\u0131n i\u015f\u011faldan \u0259vv\u0259l, i\u015f\u011fal vaxt\u0131 v\u0259 i\u015f\u011faldan azad edilm\u0259sind\u0259n sonrak\u0131 d\u00f6vr\u00fcn\u00fc \u0259ks etdir\u0259n \u00e7oxsayl\u0131 fotolar\u0131 izahl\u0131 \u015f\u0259kild\u0259 \u00f6z \u0259ksini tapm\u0131\u015fd\u0131r ki, bu da T\u00fcrkiy\u0259 ictimaiyy\u0259tind\u0259 \u015eu\u015fa haqq\u0131nda daha dol\u011fun v\u0259 m\u00fcf\u0259ss\u0259l m\u0259lulumatlar\u0131n \u00e7atd\u0131r\u0131lmas\u0131nda \u0259h\u0259miyy\u0259tli rol oynayacaqd\u0131r.<\/p>\n<p><img loading=\"lazy\" src=\"https:\/\/cdn.musavat.com\/news\/thumbnails\/cdfc0a491c97f60d1aff0d7cb99a9a18.jpg\" alt=\"ff776673-41eb-43e2-8e4f-b10bdf389661.jpeg (135 KB)\" width=\"400\" height=\"400\" \/><\/p>\n<p>Bununla yana\u015f\u0131, kitabda dahi \u015f\u0259xsiyy\u0259t, g\u00f6rk\u0259mli d\u00f6vl\u0259t xadimi, \u00dcmummilli lider Heyd\u0259r \u018fliyevin 1969-1982-ci ill\u0259rd\u0259 Qaraba\u011fa milli ruhun y\u00fcks\u0259ldilm\u0259si istiqam\u0259tind\u0259 \u00e7ox\u015fax\u0259li f\u0259aliyy\u0259ti, x\u00fcsusil\u0259 \u015eu\u015faya z\u0259ngin tarixi abid\u0259 kimi qay\u011f\u0131s\u0131 tarixi faktlar \u0259sas\u0131nda geni\u015f t\u0259qdiq edilir.<br \/>\nBundan \u0259lav\u0259, Az\u0259rbaycan\u0131n \u0130kinci Qaraba\u011f m\u00fcharib\u0259sind\u0259 q\u0259l\u0259b\u0259sini \u015f\u0259rtl\u0259ndir\u0259n amill\u0259r, x\u00fcsusil\u0259 h\u0259rbi-diplomatik v\u0259 informasiya m\u0259kan\u0131nda u\u011furlar t\u0259hlil edilir. X\u00fcsusil\u0259, Az\u0259rbaycan Prezidenti, Ali Ba\u015f Komandan \u0130lham \u018fliyevin r\u0259hb\u0259rliyi il\u0259 2020-ci il noyabr\u0131n 8-d\u0259 Az\u0259rbaycan Ordusu t\u0259r\u0259find\u0259n \u015eu\u015fan\u0131n i\u015f\u011fal\u00e7\u0131lardan azad edilm\u0259sind\u0259n sonra \u015f\u0259h\u0259rin \u0259sl tarixi simas\u0131, \u0259n\u0259n\u0259l\u0259ri v\u0259 q\u0259dim m\u0259d\u0259ni abid\u0259l\u0259rinin b\u0259rpas\u0131 istiqam\u0259tind\u0259 apar\u0131lan m\u00fch\u00fcm i\u015fl\u0259r sistemli\u0131 \u015f\u0259kild\u0259 v\u0259 geni\u015f t\u0259dqiq edilir v\u0259 fotolarla diqq\u0259t\u0259 \u00e7atd\u0131r\u0131l\u0131r. X\u00fcsusi vur\u011fulan\u0131r ki, \u015eu\u015fadak\u0131 b\u0259rpa v\u0259 yenid\u0259nqurma i\u015fl\u0259ri Az\u0259rbaycan\u0131n Birinci vitse-prezidenti Mehriban xan\u0131m \u018fliyevan\u0131n r\u0259hb\u0259rlik etdiyi Heyd\u0259r \u018fliyev Fondu t\u0259r\u0259find\u0259n \u00e7ox u\u011furla icra edlir.<\/p>\n<p>Art\u0131q i\u015f\u011faldan azad edilmi\u015f \u015eu\u015fa \u015f\u0259h\u0259rind\u0259 ke\u00e7iril\u0259n m\u00fch\u00fcm t\u0259dbirl\u0259r \u2013 h\u0259r il ke\u00e7iril\u0259n \u201cXar\u0131b\u00fclb\u00fcl\u201d Beyn\u0259lxalq Musiqi Festival\u0131, Vaqif Poeziya G\u00fcnl\u0259ri, D\u00fcnya Az\u0259rbaycanl\u0131lar\u0131n\u0131n V Qurultay\u0131, \u015eu\u015fa Qlobal Media Forumlar\u0131 v\u0259 dig\u0259r m\u00fcxt\u0259lif t\u0259dbirl\u0259r d\u00fcnya ictimaiyy\u0259ti t\u0259r\u0259find\u0259n d\u0259 b\u00f6y\u00fck maraqla izl\u0259nilmi\u015fdir. Bu bax\u0131mdan, \u0130kinci Qaraba\u011f m\u00fcharib\u0259si n\u0259tic\u0259sind\u0259 Az\u0259rbaycan torpaqlar\u0131n\u0131n i\u015f\u011faldan azad edilm\u0259sind\u0259n sonra Qaraba\u011fda, o c\u00fcml\u0259d\u0259n \u015eu\u015fada ke\u00e7iril\u0259n beyn\u0259lxalq t\u0259dbirl\u0259r m\u00fcst\u0259sna \u0259h\u0259miyy\u0259t da\u015f\u0131y\u0131r.<\/p>\n<p>Kitabda diqq\u0259t\u0259 \u00e7atd\u0131r\u0131l\u0131r ki, \u0130kinci Qaraba\u011f m\u00fcharib\u0259sind\u0259n sonra d\u00fcnyaya n\u00fcmun\u0259 olan Az\u0259rbaycan-T\u00fcrkiy\u0259 h\u0259mr\u0259yliyi v\u0259 strateji t\u0259r\u0259fda\u015fl\u0131\u011f\u0131 daha da y\u00fcks\u0259k s\u0259viyy\u0259y\u0259 qalxd\u0131, x\u00fcsusil\u0259 regional t\u0259hl\u00fck\u0259sizlik bax\u0131m\u0131ndan m\u00fcst\u0259sna \u0259h\u0259miyy\u0259t k\u0259sb ed\u0259n m\u00fctt\u0259fiqlik m\u00fcnasib\u0259tl\u0259ri haqq\u0131nda \u015eu\u015fa B\u0259yannam\u0259sinin imzalanmas\u0131 m\u00fch\u00fcm hadis\u0259 kimi tarix\u0259 yaz\u0131ld\u0131. 2024-c\u00fc il iyulun 6-da Qaraba\u011fn tac\u0131 \u015eu\u015fada T\u00fcrk D\u00f6vl\u0259tl\u0259ri T\u0259\u015fkilat\u0131n\u0131n (TDT) tarixind\u0259 yeni bir \u0259n\u0259n\u0259nin \u0259sas\u0131 qoyulmaqla yana\u015f\u0131, Zirv\u0259 g\u00f6r\u00fc\u015f\u00fc \u00e7\u0259r\u00e7iv\u0259sind\u0259 h\u0259min g\u00fcn \u201cT\u00fcrk D\u00f6vl\u0259tl\u0259ri T\u0259\u015fkilat\u0131n\u0131n qeyri-r\u0259smi Zirv\u0259 g\u00f6r\u00fc\u015f\u00fcn\u00fcn Qaraba\u011f B\u0259yannam\u0259si\u201dnin imzalanmas\u0131 q\u0259dim tarixi\u0259 malik Az\u0259rbaycan \u015f\u0259h\u0259rinin beyn\u0259lxalq ictimaiyy\u0259t\u0259 \u00e7atd\u0131r\u0131lmas\u0131 bax\u0131m\u0131ndan m\u00fch\u00fcm \u0259h\u0259miyy\u0259t da\u015f\u0131y\u0131r.<\/p>\n<p>T\u00dcRKSOY-un Daimi \u015euras\u0131n\u0131n q\u0259rar\u0131 il\u0259 \u015eu\u015fa \u015f\u0259h\u0259rinin 2023-c\u00fc il \u00fc\u00e7\u00fcn \u201cT\u00fcrk d\u00fcnyas\u0131n\u0131n m\u0259d\u0259niyy\u0259t paytaxt\u0131\u201d elan edilm\u0259si v\u0259 bununla \u0259laq\u0259dar Az\u0259rbaycanda v\u0259 t\u0259\u015fkilata \u00fczv \u00f6lk\u0259l\u0259rd\u0259 u\u011furla h\u0259yata ke\u00e7iril\u0259n silsil\u0259 t\u0259dbirl\u0259r \u015eu\u015fan\u0131n T\u00fcrk d\u00fcnyas\u0131nda geni\u015f tan\u0131d\u0131lmas\u0131nda m\u00fch\u00fcm rol oynam\u0131\u015fd\u0131r. Kitabda qeyd edilir ki, 2021-2024-c\u00fc ill\u0259rd\u0259 ke\u00e7iril\u0259n m\u00fch\u00fcm t\u0259dbirl\u0259r bir daha onu t\u0259sdiq edir ki, \u015eu\u015fa Az\u0259rbaycan\u0131n v\u0259 T\u00fcrk d\u00fcnyas\u0131n\u0131n m\u0259d\u0259niyy\u0259t paytaxt\u0131 olmaqla yana\u015f\u0131, h\u0259m\u00e7inin ictimai fikir v\u0259 milli-ideoloji d\u00fc\u015f\u00fcnc\u0259 m\u0259rk\u0259zin\u0259 \u00e7evrilm\u0259kd\u0259dir.<\/p>\n<p><img loading=\"lazy\" src=\"https:\/\/cdn.musavat.com\/news\/thumbnails\/65a9070f76a6dab1207c762798d88e3a.jpg\" alt=\"0f0817ed-f865-4f9d-b7e8-896ff995e5f4.jpeg (466 KB)\" width=\"400\" height=\"306\" \/><\/p>\n<p><strong>El\u00e7in \u018fhm\u0259dov<\/strong><\/p>\n<p>T\u00dcRKSOY-un d\u0259st\u0259yi il\u0259 T\u00fcrkiy\u0259 t\u00fcrkc\u0259sind\u0259 n\u0259\u015fr olunan kitab q\u0259dim v\u0259 b\u0259nz\u0259rsiz \u015eu\u015fan\u0131n, \u00fcmumilikd\u0259 Qaraba\u011f\u0131n, tarixinin, m\u0259d\u0259ni v\u0259 ictimai h\u0259yat\u0131n\u0131n, o c\u00fcml\u0259d\u0259n onun qoynundan \u00e7\u0131xm\u0131\u015f v\u0259 \u00fcmumt\u00fcrk m\u0259d\u0259niyy\u0259tinin inki\u015faf\u0131na b\u00f6y\u00fck t\u00f6hf\u0259l\u0259r vermi\u015f maarif, m\u0259d\u0259niyy\u0259t, inc\u0259s\u0259n\u0259t v\u0259 ictimai xadiml\u0259rinin T\u00dcRKSOY-a \u00fczv \u00f6lk\u0259l\u0259rimizd\u0259 daha yax\u0131ndan tan\u0131nmas\u0131na b\u00f6y\u00fck imkan yaradacaqd\u0131r. T\u0259qdim edil\u0259n \u015eu\u015fa haqq\u0131nda elmi \u0259s\u0259r T\u00fcrkiy\u0259 ictimaiyy\u0259tin\u0259 v\u0259 akedemik dair\u0259l\u0259rin\u0259 \u00e7atd\u0131r\u0131lmas\u0131 bax\u0131m\u0131ndan da \u0259h\u0259miyy\u0259tlidir.<\/p>\n<p>T\u00fcrkiy\u0259d\u0259 n\u0259fis \u015f\u0259kild\u0259 n\u0259\u015fr edil\u0259n kitab, \u0259ziz v\u0259 do\u011fma \u015eu\u015fa \u015f\u0259h\u0259ri i\u015f\u011faldan azad edildikd\u0259n sonra m\u00fc\u0259llif El\u00e7in \u018fhm\u0259dovun m\u00fcxt\u0259lif m\u0259zmun v\u0259 formatda 14-c\u00fc kitab\u0131d\u0131r ki, m\u0259hz bunlardan 10-u xarici \u00f6lk\u0259l\u0259rd\u0259 n\u0259\u015fr edilmi\u015fdir.<\/p>\n","protected":false},"excerpt":{"rendered":"<p>Avqustun 1-d\u0259 Beyn\u0259lxalq T\u00fcrk M\u0259d\u0259niyy\u0259ti T\u0259\u015fkilat\u0131n\u0131n (T\u00dcRKSOY) d\u0259st\u0259yi il\u0259 Ankarada n\u0259\u015fr edilmi\u015f \u201c\u015eu\u015fa &#8211; Qaraba\u011f\u0131n tac\u0131, Qafqaz\u0131n s\u0259n\u0259t m\u0259b\u0259di, T\u00fcrk d\u00fcnyas\u0131n\u0131n m\u0259d\u0259niyy\u0259t paytaxt\u0131\u201d adl\u0131 kitab\u0131n t\u0259qdimat m\u0259rasimi ke\u00e7irilmi\u015fdir. Ankarada T\u00dcRKSOY-un Ba\u015f karibliyind\u0259 ba\u015f tutan t\u0259dbird\u0259 d\u00f6vl\u0259t qurumlar\u0131n\u0131n, r\u0259hb\u0259r-siyasi \u00e7evr\u0259l\u0259rinin, parlamentaril\u0259rin, m\u0259d\u0259niyy\u0259t, akademik v\u0259 elmi dair\u0259l\u0259rin, k\u00fctl\u0259vi informasiya vasit\u0259l\u0259rinin n\u00fcmay\u0259nd\u0259l\u0259ri i\u015ftirak etmi\u015fl\u0259r. 2020-ci il noyabr\u0131n 8-d\u0259 Ali Ba\u015f Komandan, Prezident \u0130lham \u018fliyevin r\u0259hb\u0259rliyi il\u0259 Az\u0259rbaycan Ordusu tarixi, m\u0259d\u0259ni v\u0259 strateji \u0259h\u0259miyy\u0259t\u0259 malik, Qaraba\u011f\u0131n tac\u0131 olan \u015eu\u015fa \u015f\u0259h\u0259rini i\u015f\u011fal\u00e7\u0131lardan azad etdi. Bu, \u0130kinci Qaraba\u011f m\u00fcharib\u0259si \u0259rzind\u0259 apar\u0131lan u\u011furlu \u0259ks-h\u00fccum \u0259m\u0259liyyatlar\u0131n\u0131n s\u0131ras\u0131nda \u0259n&hellip;<\/p>\n","protected":false},"author":2,"featured_media":818679,"comment_status":"closed","ping_status":"closed","sticky":false,"template":"","format":"standard","meta":{"om_disable_all_campaigns":false,"_monsterinsights_skip_tracking":false,"_monsterinsights_sitenote_active":false,"_monsterinsights_sitenote_note":"","_monsterinsights_sitenote_category":0},"categories":[1],"tags":[],"aioseo_notices":[],"gutentor_comment":0,"rttpg_featured_image_url":{"full":["https:\/\/arantv.az\/wp-content\/uploads\/2025\/08\/28d75944f731f6931d2210c1a1eacce5.jpg",870,500,false],"landscape":["https:\/\/arantv.az\/wp-content\/uploads\/2025\/08\/28d75944f731f6931d2210c1a1eacce5.jpg",870,500,false],"portraits":["https:\/\/arantv.az\/wp-content\/uploads\/2025\/08\/28d75944f731f6931d2210c1a1eacce5.jpg",870,500,false],"thumbnail":["https:\/\/arantv.az\/wp-content\/uploads\/2025\/08\/28d75944f731f6931d2210c1a1eacce5-500x280.jpg",500,280,true],"medium":["https:\/\/arantv.az\/wp-content\/uploads\/2025\/08\/28d75944f731f6931d2210c1a1eacce5-635x365.jpg",635,365,true],"large":["https:\/\/arantv.az\/wp-content\/uploads\/2025\/08\/28d75944f731f6931d2210c1a1eacce5-840x483.jpg",640,368,true],"1536x1536":["https:\/\/arantv.az\/wp-content\/uploads\/2025\/08\/28d75944f731f6931d2210c1a1eacce5.jpg",870,500,false],"2048x2048":["https:\/\/arantv.az\/wp-content\/uploads\/2025\/08\/28d75944f731f6931d2210c1a1eacce5.jpg",870,500,false],"post-thumbnail":["https:\/\/arantv.az\/wp-content\/uploads\/2025\/08\/28d75944f731f6931d2210c1a1eacce5-240x172.jpg",240,172,true],"advps-thumb-one":["https:\/\/arantv.az\/wp-content\/uploads\/2025\/08\/28d75944f731f6931d2210c1a1eacce5.jpg",870,500,false]},"rttpg_author":{"display_name":"V\u00fcsal Rafiqo\u011flu","author_link":"https:\/\/arantv.az\/?author=2"},"rttpg_comment":0,"rttpg_category":"<a href=\"https:\/\/arantv.az\/?cat=1\" rel=\"category\">C\u0259miyy\u0259t<\/a>","rttpg_excerpt":"Avqustun 1-d\u0259 Beyn\u0259lxalq T\u00fcrk M\u0259d\u0259niyy\u0259ti T\u0259\u015fkilat\u0131n\u0131n (T\u00dcRKSOY) d\u0259st\u0259yi il\u0259 Ankarada n\u0259\u015fr edilmi\u015f \u201c\u015eu\u015fa &#8211; Qaraba\u011f\u0131n tac\u0131, Qafqaz\u0131n s\u0259n\u0259t m\u0259b\u0259di, T\u00fcrk d\u00fcnyas\u0131n\u0131n m\u0259d\u0259niyy\u0259t paytaxt\u0131\u201d adl\u0131 kitab\u0131n t\u0259qdimat m\u0259rasimi ke\u00e7irilmi\u015fdir. Ankarada T\u00dcRKSOY-un Ba\u015f karibliyind\u0259 ba\u015f tutan t\u0259dbird\u0259 d\u00f6vl\u0259t qurumlar\u0131n\u0131n, r\u0259hb\u0259r-siyasi \u00e7evr\u0259l\u0259rinin, parlamentaril\u0259rin, m\u0259d\u0259niyy\u0259t, akademik v\u0259 elmi dair\u0259l\u0259rin, k\u00fctl\u0259vi informasiya vasit\u0259l\u0259rinin n\u00fcmay\u0259nd\u0259l\u0259ri i\u015ftirak etmi\u015fl\u0259r. 2020-ci il noyabr\u0131n 8-d\u0259&hellip;","_links":{"self":[{"href":"https:\/\/arantv.az\/index.php?rest_route=\/wp\/v2\/posts\/818678"}],"collection":[{"href":"https:\/\/arantv.az\/index.php?rest_route=\/wp\/v2\/posts"}],"about":[{"href":"https:\/\/arantv.az\/index.php?rest_route=\/wp\/v2\/types\/post"}],"author":[{"embeddable":true,"href":"https:\/\/arantv.az\/index.php?rest_route=\/wp\/v2\/users\/2"}],"replies":[{"embeddable":true,"href":"https:\/\/arantv.az\/index.php?rest_route=%2Fwp%2Fv2%2Fcomments&post=818678"}],"version-history":[{"count":2,"href":"https:\/\/arantv.az\/index.php?rest_route=\/wp\/v2\/posts\/818678\/revisions"}],"predecessor-version":[{"id":818681,"href":"https:\/\/arantv.az\/index.php?rest_route=\/wp\/v2\/posts\/818678\/revisions\/818681"}],"wp:featuredmedia":[{"embeddable":true,"href":"https:\/\/arantv.az\/index.php?rest_route=\/wp\/v2\/media\/818679"}],"wp:attachment":[{"href":"https:\/\/arantv.az\/index.php?rest_route=%2Fwp%2Fv2%2Fmedia&parent=818678"}],"wp:term":[{"taxonomy":"category","embeddable":true,"href":"https:\/\/arantv.az\/index.php?rest_route=%2Fwp%2Fv2%2Fcategories&post=818678"},{"taxonomy":"post_tag","embeddable":true,"href":"https:\/\/arantv.az\/index.php?rest_route=%2Fwp%2Fv2%2Ftags&post=818678"}],"curies":[{"name":"wp","href":"https:\/\/api.w.org\/{rel}","templated":true}]}}