{"id":81891,"date":"2019-09-27T14:08:54","date_gmt":"2019-09-27T11:08:54","guid":{"rendered":"http:\/\/arantv.az\/?p=81891"},"modified":"2019-09-27T14:08:54","modified_gmt":"2019-09-27T11:08:54","slug":"adil-%c9%99liyev-od-puskurdu-saxta-idman-qurumlari-inc%c9%99s%c9%99n%c9%99tl%c9%99-m%c9%99sguldur","status":"publish","type":"post","link":"https:\/\/arantv.az\/?p=81891","title":{"rendered":"Adil \u018fliyev od p\u00fcsk\u00fcrd\u00fc: Saxta idman qurumlar\u0131 inc\u0259s\u0259n\u0259tl\u0259 m\u0259\u015f\u011fuldur"},"content":{"rendered":"<p>Saxta qurumlara qar\u015f\u0131 m\u00fcbariz\u0259 apar\u0131r\u0131q. Bizim federasiya il\u0259 \u0259m\u0259kda\u015fl\u0131q ed\u0259n he\u00e7 bir idman\u00e7\u0131 saxta yar\u0131\u015flara qat\u0131lm\u0131r. Federasiyam\u0131zda h\u0259v\u0259skar v\u0259 pe\u015f\u0259kar kikboksinq var. Amma h\u0259v\u0259skar kikboksinqd\u0259 he\u00e7 bir halda saxta yar\u0131\u015flarda i\u015ftirak etmirik.<\/p>\n<p><b>ARANTV.AZ\u00a0<\/b> x\u0259b\u0259r verir ki, bunu mill\u0259t v\u0259kili, Az\u0259rbaycan Kikboksinq Federasiyas\u0131n\u0131n prezidenti Adil \u018fliyev deyib.<\/p>\n<p>Mill\u0259t v\u0259kili b\u0259zi idman\u00e7\u0131lar\u0131n saxta qurumlarla \u0259m\u0259kda\u015fl\u0131q etm\u0259sind\u0259n \u015fikay\u0259tl\u0259nib:<\/p>\n<p>\u201cBiz h\u0259mi\u015f\u0259 Beyn\u0259lxalq Olimpiya komit\u0259sinin tan\u0131d\u0131\u011f\u0131 WAKO-nun turnirl\u0259rin\u0259 qat\u0131l\u0131r\u0131q. El\u0259 idman\u00e7\u0131 var,\u00a0deyir, filan \u015f\u0259h\u0259rd\u0259 d\u00fcnya v\u0259 ya Avropa \u00e7empionu olmu\u015fam. Halbuki ara\u015fd\u0131randa m\u0259lum olur ki, he\u00e7 o \u015f\u0259h\u0259rin tarixind\u0259 d\u00fcnya \u00e7empionat\u0131 ke\u00e7irilm\u0259yib.<\/p>\n<p>Saxta insanlar\u0131n qar\u015f\u0131s\u0131n\u0131 alma\u011f\u0131 t\u0259k bacarm\u0131r\u0131q. \u0130dman\u00e7\u0131 yar\u0131\u015fda i\u015ftirak ed\u0259nd\u0259 m\u0259tbuat orqan\u0131 federasiyadan soru\u015fmal\u0131d\u0131r. Biz kimin \u0259sl d\u00fcnya v\u0259 Avropa \u00e7empionu oldu\u011funu bilirik.<\/p>\n<p>Bizim ba\u015fqa idman n\u00f6vl\u0259ri kimi b\u00f6y\u00fck sponsorumuz yoxdur. \u0130dman\u00e7\u0131lar\u0131 WAKO-nun il \u0259rzind\u0259 22 yar\u0131\u015f\u0131ndan \u00fc\u00e7\u00fcn\u0259 g\u00f6nd\u0259r\u0259 bilirik. Maksimum 15 idman\u00e7\u0131 il\u0259 t\u0259msil olunma\u011f\u0131 bacar\u0131r\u0131q. \u00c7\u00fcnki maliyy\u0259miz yetmir.<\/p>\n<p>Saxta federasiyalar\u0131n adlar\u0131n\u0131 \u00e7\u0259km\u0259k ist\u0259mir\u0259m. O saxtakarlar\u0131n klublar\u0131 bel\u0259 yoxdur. Az\u0259rbaycan Kikboksinq Federasiyas\u0131n\u0131n is\u0259 100-d\u0259n \u00e7ox klubu var. H\u0259tta m\u0259\u015fq\u00e7i tapm\u0131r\u0131q ki, o klublar\u0131 dolduraq.<\/p>\n<p>Onlar \u0130nc\u0259s\u0259n\u0259t Universitetini bitiribl\u0259r, idman\u0131 yox, inc\u0259s\u0259n\u0259ti yax\u015f\u0131 bacar\u0131rlar. \u0130st\u0259yir\u0259m ki, media da \u0259sl \u00e7empionlar\u0131m\u0131z\u0131 i\u015f\u0131qland\u0131rs\u0131nlar. Bu m\u0259s\u0259l\u0259d\u0259 median\u0131n da \u00fcz\u0259rin\u0259 \u00e7ox y\u00fck d\u00fc\u015f\u00fcr\u201d.oxu.az<\/p>\n","protected":false},"excerpt":{"rendered":"<p>Saxta qurumlara qar\u015f\u0131 m\u00fcbariz\u0259 apar\u0131r\u0131q. Bizim federasiya il\u0259 \u0259m\u0259kda\u015fl\u0131q ed\u0259n he\u00e7 bir idman\u00e7\u0131 saxta yar\u0131\u015flara qat\u0131lm\u0131r. Federasiyam\u0131zda h\u0259v\u0259skar v\u0259 pe\u015f\u0259kar kikboksinq var. Amma h\u0259v\u0259skar kikboksinqd\u0259 he\u00e7 bir halda saxta yar\u0131\u015flarda i\u015ftirak etmirik. ARANTV.AZ\u00a0 x\u0259b\u0259r verir ki, bunu mill\u0259t v\u0259kili, Az\u0259rbaycan Kikboksinq Federasiyas\u0131n\u0131n prezidenti Adil \u018fliyev deyib. Mill\u0259t v\u0259kili b\u0259zi idman\u00e7\u0131lar\u0131n saxta qurumlarla \u0259m\u0259kda\u015fl\u0131q etm\u0259sind\u0259n \u015fikay\u0259tl\u0259nib: \u201cBiz h\u0259mi\u015f\u0259 Beyn\u0259lxalq Olimpiya komit\u0259sinin tan\u0131d\u0131\u011f\u0131 WAKO-nun turnirl\u0259rin\u0259 qat\u0131l\u0131r\u0131q. El\u0259 idman\u00e7\u0131 var,\u00a0deyir, filan \u015f\u0259h\u0259rd\u0259 d\u00fcnya v\u0259 ya Avropa \u00e7empionu olmu\u015fam. Halbuki ara\u015fd\u0131randa m\u0259lum olur ki, he\u00e7 o \u015f\u0259h\u0259rin tarixind\u0259 d\u00fcnya \u00e7empionat\u0131 ke\u00e7irilm\u0259yib. Saxta insanlar\u0131n qar\u015f\u0131s\u0131n\u0131&hellip;<\/p>\n","protected":false},"author":2,"featured_media":81892,"comment_status":"closed","ping_status":"closed","sticky":false,"template":"","format":"standard","meta":{"om_disable_all_campaigns":false,"_monsterinsights_skip_tracking":false,"_monsterinsights_sitenote_active":false,"_monsterinsights_sitenote_note":"","_monsterinsights_sitenote_category":0},"categories":[6],"tags":[],"aioseo_notices":[],"gutentor_comment":0,"rttpg_featured_image_url":{"full":["https:\/\/arantv.az\/wp-content\/uploads\/2019\/09\/adi\u00c4\u00b1.jpg",620,413,false],"landscape":["https:\/\/arantv.az\/wp-content\/uploads\/2019\/09\/adi\u00c4\u00b1.jpg",620,413,false],"portraits":["https:\/\/arantv.az\/wp-content\/uploads\/2019\/09\/adi\u00c4\u00b1.jpg",620,413,false],"thumbnail":["https:\/\/arantv.az\/wp-content\/uploads\/2019\/09\/adi\u00c4\u00b1-150x150.jpg",150,150,true],"medium":["https:\/\/arantv.az\/wp-content\/uploads\/2019\/09\/adi\u00c4\u00b1-300x200.jpg",300,200,true],"large":["https:\/\/arantv.az\/wp-content\/uploads\/2019\/09\/adi\u00c4\u00b1.jpg",620,413,false],"1536x1536":["https:\/\/arantv.az\/wp-content\/uploads\/2019\/09\/adi\u00c4\u00b1.jpg",620,413,false],"2048x2048":["https:\/\/arantv.az\/wp-content\/uploads\/2019\/09\/adi\u00c4\u00b1.jpg",620,413,false],"post-thumbnail":["https:\/\/arantv.az\/wp-content\/uploads\/2019\/09\/adi\u00c4\u00b1-240x172.jpg",240,172,true],"advps-thumb-one":["https:\/\/arantv.az\/wp-content\/uploads\/2019\/09\/adi\u00c4\u00b1.jpg",620,413,false]},"rttpg_author":{"display_name":"V\u00fcsal Rafiqo\u011flu","author_link":"https:\/\/arantv.az\/?author=2"},"rttpg_comment":0,"rttpg_category":"<a href=\"https:\/\/arantv.az\/?cat=6\" rel=\"category\">\u0130dman<\/a>","rttpg_excerpt":"Saxta qurumlara qar\u015f\u0131 m\u00fcbariz\u0259 apar\u0131r\u0131q. Bizim federasiya il\u0259 \u0259m\u0259kda\u015fl\u0131q ed\u0259n he\u00e7 bir idman\u00e7\u0131 saxta yar\u0131\u015flara qat\u0131lm\u0131r. Federasiyam\u0131zda h\u0259v\u0259skar v\u0259 pe\u015f\u0259kar kikboksinq var. Amma h\u0259v\u0259skar kikboksinqd\u0259 he\u00e7 bir halda saxta yar\u0131\u015flarda i\u015ftirak etmirik. ARANTV.AZ\u00a0 x\u0259b\u0259r verir ki, bunu mill\u0259t v\u0259kili, Az\u0259rbaycan Kikboksinq Federasiyas\u0131n\u0131n prezidenti Adil \u018fliyev deyib. Mill\u0259t v\u0259kili b\u0259zi idman\u00e7\u0131lar\u0131n saxta qurumlarla \u0259m\u0259kda\u015fl\u0131q etm\u0259sind\u0259n \u015fikay\u0259tl\u0259nib:&hellip;","_links":{"self":[{"href":"https:\/\/arantv.az\/index.php?rest_route=\/wp\/v2\/posts\/81891"}],"collection":[{"href":"https:\/\/arantv.az\/index.php?rest_route=\/wp\/v2\/posts"}],"about":[{"href":"https:\/\/arantv.az\/index.php?rest_route=\/wp\/v2\/types\/post"}],"author":[{"embeddable":true,"href":"https:\/\/arantv.az\/index.php?rest_route=\/wp\/v2\/users\/2"}],"replies":[{"embeddable":true,"href":"https:\/\/arantv.az\/index.php?rest_route=%2Fwp%2Fv2%2Fcomments&post=81891"}],"version-history":[{"count":0,"href":"https:\/\/arantv.az\/index.php?rest_route=\/wp\/v2\/posts\/81891\/revisions"}],"wp:featuredmedia":[{"embeddable":true,"href":"https:\/\/arantv.az\/index.php?rest_route=\/wp\/v2\/media\/81892"}],"wp:attachment":[{"href":"https:\/\/arantv.az\/index.php?rest_route=%2Fwp%2Fv2%2Fmedia&parent=81891"}],"wp:term":[{"taxonomy":"category","embeddable":true,"href":"https:\/\/arantv.az\/index.php?rest_route=%2Fwp%2Fv2%2Fcategories&post=81891"},{"taxonomy":"post_tag","embeddable":true,"href":"https:\/\/arantv.az\/index.php?rest_route=%2Fwp%2Fv2%2Ftags&post=81891"}],"curies":[{"name":"wp","href":"https:\/\/api.w.org\/{rel}","templated":true}]}}