{"id":819069,"date":"2025-08-04T21:48:58","date_gmt":"2025-08-04T17:48:58","guid":{"rendered":"https:\/\/arantv.az\/?p=819069"},"modified":"2025-08-04T21:48:58","modified_gmt":"2025-08-04T17:48:58","slug":"s%c9%99s-yazisi-yayilan-m%c9%99kt%c9%99b-direktoru-v%c9%99zif%c9%99sind%c9%99n-azad-edildi","status":"publish","type":"post","link":"https:\/\/arantv.az\/?p=819069","title":{"rendered":"S\u0259s yaz\u0131s\u0131 yay\u0131lan m\u0259kt\u0259b direktoru v\u0259zif\u0259sind\u0259n azad edildi"},"content":{"rendered":"<p><strong>\u00d6t\u0259n g\u00fcnl\u0259rd\u0259 k\u00fctl\u0259vi informasiya vasit\u0259l\u0259rind\u0259 Ucar rayonu Yuxar\u0131 \u015eilyan k\u0259nd k\u00f6rp\u0259l\u0259r evi-u\u015faq ba\u011f\u00e7as\u0131nda ba\u015f ver\u0259n neqativ halla ba\u011fl\u0131 s\u0259s yaz\u0131s\u0131 yay\u0131l\u0131b.<\/strong><\/p>\n<p>M\u0259rk\u0259zi Aran Regional T\u0259hsil \u0130dar\u0259sind\u0259n Musavat.com-a veril\u0259n m\u0259lumata g\u00f6r\u0259, m\u0259s\u0259l\u0259 il\u0259 ba\u011fl\u0131 ara\u015fd\u0131rma apar\u0131l\u0131b v\u0259 f\u0259aliyy\u0259tind\u0259 yol verdiyi n\u00f6qsanlara g\u00f6r\u0259 s\u00f6z\u00fcged\u0259n ba\u011f\u00e7an\u0131n m\u00fcdiri s\u0259lahiyy\u0259tl\u0259rini m\u00fcv\u0259qq\u0259ti icra ed\u0259n, h\u0259m\u00e7inin Ucar rayonu Yuxar\u0131 \u015eilyan k\u0259nd tam orta \u00fcmumt\u0259hsil m\u0259kt\u0259binin direktoru Emin Orucov tutdu\u011fu v\u0259zif\u0259d\u0259n azad edilib.<\/p>\n<p>&#8220;\u018flav\u0259 olaraq bildiririk ki, t\u0259hsil m\u00fc\u0259ssis\u0259l\u0259rind\u0259 sa\u011flam pedaqoji m\u00fchitin formala\u015fd\u0131r\u0131lmas\u0131, etik davran\u0131\u015f qaydalar\u0131na \u0259m\u0259l olunmas\u0131 v\u0259 f\u0259aliyy\u0259tin m\u00f6vcud qanunvericilik \u00e7\u0259r\u00e7iv\u0259sind\u0259 t\u0259\u015fkili, bununla yana\u015f\u0131 v\u0259t\u0259nda\u015flar\u0131n t\u0259hsil m\u00fc\u0259ssis\u0259sin\u0259 etimad\u0131n\u0131n, t\u0259hsil m\u00fc\u0259ssis\u0259l\u0259rinin f\u0259aliyy\u0259tind\u0259 s\u0259m\u0259r\u0259liliyin v\u0259 \u015f\u0259ffafl\u0131\u011f\u0131n art\u0131r\u0131lmas\u0131 \u0259sas prioritetl\u0259rd\u0259ndir&#8221;, &#8211; dey\u0259 qurumdan bildirilib.<\/p>\n","protected":false},"excerpt":{"rendered":"<p>\u00d6t\u0259n g\u00fcnl\u0259rd\u0259 k\u00fctl\u0259vi informasiya vasit\u0259l\u0259rind\u0259 Ucar rayonu Yuxar\u0131 \u015eilyan k\u0259nd k\u00f6rp\u0259l\u0259r evi-u\u015faq ba\u011f\u00e7as\u0131nda ba\u015f ver\u0259n neqativ halla ba\u011fl\u0131 s\u0259s yaz\u0131s\u0131 yay\u0131l\u0131b. M\u0259rk\u0259zi Aran Regional T\u0259hsil \u0130dar\u0259sind\u0259n Musavat.com-a veril\u0259n m\u0259lumata g\u00f6r\u0259, m\u0259s\u0259l\u0259 il\u0259 ba\u011fl\u0131 ara\u015fd\u0131rma apar\u0131l\u0131b v\u0259 f\u0259aliyy\u0259tind\u0259 yol verdiyi n\u00f6qsanlara g\u00f6r\u0259 s\u00f6z\u00fcged\u0259n ba\u011f\u00e7an\u0131n m\u00fcdiri s\u0259lahiyy\u0259tl\u0259rini m\u00fcv\u0259qq\u0259ti icra ed\u0259n, h\u0259m\u00e7inin Ucar rayonu Yuxar\u0131 \u015eilyan k\u0259nd tam orta \u00fcmumt\u0259hsil m\u0259kt\u0259binin direktoru Emin Orucov tutdu\u011fu v\u0259zif\u0259d\u0259n azad edilib. &#8220;\u018flav\u0259 olaraq bildiririk ki, t\u0259hsil m\u00fc\u0259ssis\u0259l\u0259rind\u0259 sa\u011flam pedaqoji m\u00fchitin formala\u015fd\u0131r\u0131lmas\u0131, etik davran\u0131\u015f qaydalar\u0131na \u0259m\u0259l olunmas\u0131 v\u0259 f\u0259aliyy\u0259tin m\u00f6vcud qanunvericilik \u00e7\u0259r\u00e7iv\u0259sind\u0259 t\u0259\u015fkili, bununla yana\u015f\u0131 v\u0259t\u0259nda\u015flar\u0131n t\u0259hsil&hellip;<\/p>\n","protected":false},"author":2,"featured_media":819070,"comment_status":"closed","ping_status":"closed","sticky":false,"template":"","format":"standard","meta":{"om_disable_all_campaigns":false,"_monsterinsights_skip_tracking":false,"_monsterinsights_sitenote_active":false,"_monsterinsights_sitenote_note":"","_monsterinsights_sitenote_category":0},"categories":[1],"tags":[],"aioseo_notices":[],"gutentor_comment":0,"rttpg_featured_image_url":{"full":["https:\/\/arantv.az\/wp-content\/uploads\/2025\/08\/90e6985788fda91e876d8e8aabc6c251.jpg",800,500,false],"landscape":["https:\/\/arantv.az\/wp-content\/uploads\/2025\/08\/90e6985788fda91e876d8e8aabc6c251.jpg",800,500,false],"portraits":["https:\/\/arantv.az\/wp-content\/uploads\/2025\/08\/90e6985788fda91e876d8e8aabc6c251.jpg",800,500,false],"thumbnail":["https:\/\/arantv.az\/wp-content\/uploads\/2025\/08\/90e6985788fda91e876d8e8aabc6c251-500x280.jpg",500,280,true],"medium":["https:\/\/arantv.az\/wp-content\/uploads\/2025\/08\/90e6985788fda91e876d8e8aabc6c251-584x365.jpg",584,365,true],"large":["https:\/\/arantv.az\/wp-content\/uploads\/2025\/08\/90e6985788fda91e876d8e8aabc6c251.jpg",640,400,false],"1536x1536":["https:\/\/arantv.az\/wp-content\/uploads\/2025\/08\/90e6985788fda91e876d8e8aabc6c251.jpg",800,500,false],"2048x2048":["https:\/\/arantv.az\/wp-content\/uploads\/2025\/08\/90e6985788fda91e876d8e8aabc6c251.jpg",800,500,false],"post-thumbnail":["https:\/\/arantv.az\/wp-content\/uploads\/2025\/08\/90e6985788fda91e876d8e8aabc6c251-240x172.jpg",240,172,true],"advps-thumb-one":["https:\/\/arantv.az\/wp-content\/uploads\/2025\/08\/90e6985788fda91e876d8e8aabc6c251.jpg",800,500,false]},"rttpg_author":{"display_name":"V\u00fcsal Rafiqo\u011flu","author_link":"https:\/\/arantv.az\/?author=2"},"rttpg_comment":0,"rttpg_category":"<a href=\"https:\/\/arantv.az\/?cat=1\" rel=\"category\">C\u0259miyy\u0259t<\/a>","rttpg_excerpt":"\u00d6t\u0259n g\u00fcnl\u0259rd\u0259 k\u00fctl\u0259vi informasiya vasit\u0259l\u0259rind\u0259 Ucar rayonu Yuxar\u0131 \u015eilyan k\u0259nd k\u00f6rp\u0259l\u0259r evi-u\u015faq ba\u011f\u00e7as\u0131nda ba\u015f ver\u0259n neqativ halla ba\u011fl\u0131 s\u0259s yaz\u0131s\u0131 yay\u0131l\u0131b. M\u0259rk\u0259zi Aran Regional T\u0259hsil \u0130dar\u0259sind\u0259n Musavat.com-a veril\u0259n m\u0259lumata g\u00f6r\u0259, m\u0259s\u0259l\u0259 il\u0259 ba\u011fl\u0131 ara\u015fd\u0131rma apar\u0131l\u0131b v\u0259 f\u0259aliyy\u0259tind\u0259 yol verdiyi n\u00f6qsanlara g\u00f6r\u0259 s\u00f6z\u00fcged\u0259n ba\u011f\u00e7an\u0131n m\u00fcdiri s\u0259lahiyy\u0259tl\u0259rini m\u00fcv\u0259qq\u0259ti icra ed\u0259n, h\u0259m\u00e7inin Ucar rayonu Yuxar\u0131 \u015eilyan k\u0259nd tam&hellip;","_links":{"self":[{"href":"https:\/\/arantv.az\/index.php?rest_route=\/wp\/v2\/posts\/819069"}],"collection":[{"href":"https:\/\/arantv.az\/index.php?rest_route=\/wp\/v2\/posts"}],"about":[{"href":"https:\/\/arantv.az\/index.php?rest_route=\/wp\/v2\/types\/post"}],"author":[{"embeddable":true,"href":"https:\/\/arantv.az\/index.php?rest_route=\/wp\/v2\/users\/2"}],"replies":[{"embeddable":true,"href":"https:\/\/arantv.az\/index.php?rest_route=%2Fwp%2Fv2%2Fcomments&post=819069"}],"version-history":[{"count":1,"href":"https:\/\/arantv.az\/index.php?rest_route=\/wp\/v2\/posts\/819069\/revisions"}],"predecessor-version":[{"id":819071,"href":"https:\/\/arantv.az\/index.php?rest_route=\/wp\/v2\/posts\/819069\/revisions\/819071"}],"wp:featuredmedia":[{"embeddable":true,"href":"https:\/\/arantv.az\/index.php?rest_route=\/wp\/v2\/media\/819070"}],"wp:attachment":[{"href":"https:\/\/arantv.az\/index.php?rest_route=%2Fwp%2Fv2%2Fmedia&parent=819069"}],"wp:term":[{"taxonomy":"category","embeddable":true,"href":"https:\/\/arantv.az\/index.php?rest_route=%2Fwp%2Fv2%2Fcategories&post=819069"},{"taxonomy":"post_tag","embeddable":true,"href":"https:\/\/arantv.az\/index.php?rest_route=%2Fwp%2Fv2%2Ftags&post=819069"}],"curies":[{"name":"wp","href":"https:\/\/api.w.org\/{rel}","templated":true}]}}